{"id":1060,"date":"2017-11-28T08:14:34","date_gmt":"2017-11-28T07:14:34","guid":{"rendered":"http:\/\/heimatvereinbersenbrueck.de\/wordpress\/?p=1060"},"modified":"2024-11-28T09:57:19","modified_gmt":"2024-11-28T08:57:19","slug":"postkartenmotive-im-spiegel-der-zeit-heimatverein-bersenbrueck-stellt-kalender-2018-vor","status":"publish","type":"post","link":"https:\/\/heimatvereinbersenbrueck.de\/wordpress\/postkartenmotive-im-spiegel-der-zeit-heimatverein-bersenbrueck-stellt-kalender-2018-vor\/","title":{"rendered":"Postkartenmotive im Spiegel der Zeit  Heimatverein Bersenbr\u00fcck stellt Kalender 2018 vor"},"content":{"rendered":"<p>\u201eBersenbr\u00fccker Postkartenmotive \u2013 Gestern und Heute\u201c ist das Motto des Heimat-Kalenders 2018 des Heimatvereins Bersenbr\u00fcck. Bei der Vorstellung dankte Christian Kl\u00fctsch der Redaktion f\u00fcr ihre gelungene Arbeit, bei der sie sich wieder viel M\u00fche gemacht hat. In diesem Jahr sei er besonders hochinteressant, da Bersenbr\u00fcck in diesem Jahr besonders im Wandel an vielen Stellen im Stadtgebiet sei. Mit dem j\u00e4hrlich erscheinenden Kalender w\u00fcrde immer am Anfang des Jahres Bersenbr\u00fcck geschichtlich dokumentiert. Seine Bitte war dieses so lange wie m\u00f6glich fortzusetzen. Wie in den vergangenen Jahren geh\u00f6re der Kalender in jede Familie und sei auch ein sch\u00f6nes Geschenk. Auch die Stadt Bersenbr\u00fcck werde ihn bei runden Geburtstagen, Jubil\u00e4en oder anderen Anl\u00e4ssen als Pr\u00e4sent verwenden. Die Kalenderredaktion Franz Buitmann, Manfred Kalmlage, Gerhard K\u00f6nig, Bernhard Mecklenfeld, Hermann Sattinger und Franz Wellmann haben etliche Postkarten aus dem Bestand des Heimatvereins im Vorfeld gesichtet, bevor sie die Entscheidung trafen, welche Postkarten verwandt wurden. Dem jeweiligen Titelbild des Monats stehen aktuelle Aufnahmen gegen\u00fcber. In diesem Jahr wurde auf eine Beschriftung der R\u00fcckseite verzichtet, weil es Motive sind, die nicht unbedingt beschrieben werden m\u00fcssen. Das Kalendarium enth\u00e4lt auch die Termine f\u00fcr die Hauptveranstaltungen des Heimatvereins. Der neue Heimat-Kalender, der wieder in der Firma Druck und Folie K.- G. Kuper\u00a0 in Alfhausen hergestellt wurde, kostet unver\u00e4ndert 10 Euro. Dies ist nur aufgrund der ehrenamtlichen Arbeit der Redaktion m\u00f6glich. Bezogen werden kann er bei den Vorstandsmitgliedern des Heimatverein Bersenbr\u00fcck oder in den Bersenbr\u00fccker Buchhandlungen B\u00fccherwelt, Robert Meyer sowie bei Tabakwaren Kolde.<\/p>\n<p>&nbsp;<\/p>\n<p>Der neue Heimat-Kalender 2018 des Heimatvereins Bersenbr\u00fcck \u201eMein Bersenbr\u00fcck &#8211; Gestern und Heute\u201c wurde im Beisein von B\u00fcrgermeister Christian Kl\u00fctsch, Katharina Kuper von der Druckerei Kuper sowie den Mitgliedern der Kalenderredaktion vorgestellt.<\/p>\n<p><img loading=\"lazy\" decoding=\"async\" class=\"aligncenter size-medium wp-image-1062\" src=\"http:\/\/heimatvereinbersenbrueck.de\/wordpress\/wp-content\/uploads\/2017\/12\/Heimat-Kalender-2018.Foto-R.Rehkamp.2-620x413.jpg\" alt=\"\" width=\"620\" height=\"413\" srcset=\"https:\/\/heimatvereinbersenbrueck.de\/wordpress\/wp-content\/uploads\/2017\/12\/Heimat-Kalender-2018.Foto-R.Rehkamp.2-620x413.jpg 620w, https:\/\/heimatvereinbersenbrueck.de\/wordpress\/wp-content\/uploads\/2017\/12\/Heimat-Kalender-2018.Foto-R.Rehkamp.2-768x512.jpg 768w, https:\/\/heimatvereinbersenbrueck.de\/wordpress\/wp-content\/uploads\/2017\/12\/Heimat-Kalender-2018.Foto-R.Rehkamp.2-940x627.jpg 940w\" sizes=\"auto, (max-width: 620px) 100vw, 620px\" \/><\/p>\n","protected":false},"excerpt":{"rendered":"<p>\u201eBersenbr\u00fccker Postkartenmotive \u2013 Gestern und Heute\u201c ist das Motto des Heimat-Kalenders 2018 des Heimatvereins Bersenbr\u00fcck. Bei der Vorstellung dankte Christian Kl\u00fctsch der Redaktion f\u00fcr ihre gelungene Arbeit, bei der sie sich wieder viel M\u00fche gemacht hat. In diesem Jahr sei er besonders hochinteressant, da Bersenbr\u00fcck in diesem Jahr besonders im Wandel an vielen Stellen im Stadtgebiet sei. Mit dem j\u00e4hrlich <a class=\"more-link\" href=\"https:\/\/heimatvereinbersenbrueck.de\/wordpress\/postkartenmotive-im-spiegel-der-zeit-heimatverein-bersenbrueck-stellt-kalender-2018-vor\/\">&lt;weiterlesen&#8230;<\/a><\/p>\n","protected":false},"author":4,"featured_media":1062,"comment_status":"closed","ping_status":"closed","sticky":false,"template":"","format":"standard","meta":{"pgc_sgb_lightbox_settings":"","_EventAllDay":false,"_EventTimezone":"","_EventStartDate":"","_EventEndDate":"","_EventStartDateUTC":"","_EventEndDateUTC":"","_EventShowMap":false,"_EventShowMapLink":false,"_EventURL":"","_EventCost":"","_EventCostDescription":"","_EventCurrencySymbol":"","_EventCurrencyCode":"","_EventCurrencyPosition":"","_EventDateTimeSeparator":"","_EventTimeRangeSeparator":"","_EventOrganizerID":[],"_EventVenueID":[],"_OrganizerEmail":"","_OrganizerPhone":"","_OrganizerWebsite":"","_VenueAddress":"","_VenueCity":"","_VenueCountry":"","_VenueProvince":"","_VenueState":"","_VenueZip":"","_VenuePhone":"","_VenueURL":"","_VenueStateProvince":"","_VenueLat":"","_VenueLng":"","_VenueShowMap":false,"_VenueShowMapLink":false,"footnotes":""},"categories":[38,58,1],"tags":[],"class_list":["post-1060","post","type-post","status-publish","format-standard","has-post-thumbnail","hentry","category-38","category-heimatkalender","category-allgemein"],"_links":{"self":[{"href":"https:\/\/heimatvereinbersenbrueck.de\/wordpress\/wp-json\/wp\/v2\/posts\/1060","targetHints":{"allow":["GET"]}}],"collection":[{"href":"https:\/\/heimatvereinbersenbrueck.de\/wordpress\/wp-json\/wp\/v2\/posts"}],"about":[{"href":"https:\/\/heimatvereinbersenbrueck.de\/wordpress\/wp-json\/wp\/v2\/types\/post"}],"author":[{"embeddable":true,"href":"https:\/\/heimatvereinbersenbrueck.de\/wordpress\/wp-json\/wp\/v2\/users\/4"}],"replies":[{"embeddable":true,"href":"https:\/\/heimatvereinbersenbrueck.de\/wordpress\/wp-json\/wp\/v2\/comments?post=1060"}],"version-history":[{"count":1,"href":"https:\/\/heimatvereinbersenbrueck.de\/wordpress\/wp-json\/wp\/v2\/posts\/1060\/revisions"}],"predecessor-version":[{"id":1063,"href":"https:\/\/heimatvereinbersenbrueck.de\/wordpress\/wp-json\/wp\/v2\/posts\/1060\/revisions\/1063"}],"wp:featuredmedia":[{"embeddable":true,"href":"https:\/\/heimatvereinbersenbrueck.de\/wordpress\/wp-json\/wp\/v2\/media\/1062"}],"wp:attachment":[{"href":"https:\/\/heimatvereinbersenbrueck.de\/wordpress\/wp-json\/wp\/v2\/media?parent=1060"}],"wp:term":[{"taxonomy":"category","embeddable":true,"href":"https:\/\/heimatvereinbersenbrueck.de\/wordpress\/wp-json\/wp\/v2\/categories?post=1060"},{"taxonomy":"post_tag","embeddable":true,"href":"https:\/\/heimatvereinbersenbrueck.de\/wordpress\/wp-json\/wp\/v2\/tags?post=1060"}],"curies":[{"name":"wp","href":"https:\/\/api.w.org\/{rel}","templated":true}]}}