{"id":1074,"date":"2017-12-10T11:06:56","date_gmt":"2017-12-10T10:06:56","guid":{"rendered":"http:\/\/heimatvereinbersenbrueck.de\/wordpress\/?p=1074"},"modified":"2024-11-28T09:55:16","modified_gmt":"2024-11-28T08:55:16","slug":"gemeine-fichte-als-erstes-nadelgehoelz-im-kleinod-am-feldmuehlenteich-gepflanzt","status":"publish","type":"post","link":"https:\/\/heimatvereinbersenbrueck.de\/wordpress\/gemeine-fichte-als-erstes-nadelgehoelz-im-kleinod-am-feldmuehlenteich-gepflanzt\/","title":{"rendered":"Gemeine Fichte als erstes Nadelgeh\u00f6lz im Kleinod am Feldm\u00fchlenteich gepflanzt"},"content":{"rendered":"<p>Vertreter der Stadt Bersenbr\u00fcck und des Heimatvereins haben jetzt den Baum des Jahres 2017, den Picea abies, so der lateinische Name f\u00fcr die Gemeine Fichte, auf dem Gel\u00e4nde am Feldm\u00fchlenteich gepflanzt, wo bereits seit 2010 die Jahresb\u00e4ume gepflanzt werden. B\u00fcrger-meister Christian Kl\u00fctsch betonte bei der Aktion, dass erstmals ein Nadelgeh\u00f6lz gepflanzt wor-den sei. Die Fichte w\u00fcrde als ganzj\u00e4hrig begr\u00fcntes schnellwachsendes Nadelholz ganz gut hier in den Kleinod am Fehldm\u00fchlenteich passen, wo man noch richtig Natur erleben k\u00f6nnte. Weiter lobte er den unerm\u00fcdlichen Einsatz des Heimatvereins f\u00fcr das idyllische Gel\u00e4nde rund ums Heimathaus, deren Pflege ein aktiver Naturschutzbeitrag sei. Franz Buitmann vom Hei-matvertein betonte, das man nicht nur die Pflege der Natur in der Satzung stehen habe, son-dern es w\u00fcrde auch praktisch viel umgesetzt. Weiter erl\u00e4uterte er kurz die vielf\u00e4ltige Flora des weitl\u00e4ufigen Gel\u00e4ndes mit Teich, Wiese und B\u00e4umen beim Bersenbr\u00fccker Heimathaus. Mit der Streuobstwiese sei angefangen worden und seit 2010 w\u00fcrden die B\u00e4ume des Jahres hier auf-gestellt. Damit der Baum anw\u00e4chst wurde er nach der Arbeit mit einem Feldm\u00fchlentrunk an-gegossen Was 1992 als einmalige Aktion erfolgte, hat sich aufgrund der erfreulicherweise konstant hohen Nachfrage zu einem j\u00e4hrlichen Brauch der Naturschutzstiftung des Landkrei-ses Osnabr\u00fcck entwickelt. Seit 25 Jahren schenkt die Stiftung den St\u00e4dten und Gemeinden des Landkreises Osnabr\u00fcck jedes Jahr einen Baum des Jahres. Pro Jahr werden \u00fcber diese Aktion zirka 60 bis 70 stattliche Exemplare gepflanzt, insgesamt bisher rund 1.800 B\u00e4ume. Vor dem Baum steht noch ein Pfahl mit dem Baumnamen auf einer Plakette, was eine gute Infor-mation f\u00fcr Interessierte ist<\/p>\n<p>&nbsp;<\/p>\n<p><img loading=\"lazy\" decoding=\"async\" class=\"aligncenter size-medium wp-image-1075\" src=\"http:\/\/heimatvereinbersenbrueck.de\/wordpress\/wp-content\/uploads\/2017\/12\/Baum-des-Jahres-2017.Foto-R.Rehkamp-620x414.jpg\" alt=\"\" width=\"620\" height=\"414\" srcset=\"https:\/\/heimatvereinbersenbrueck.de\/wordpress\/wp-content\/uploads\/2017\/12\/Baum-des-Jahres-2017.Foto-R.Rehkamp-620x414.jpg 620w, https:\/\/heimatvereinbersenbrueck.de\/wordpress\/wp-content\/uploads\/2017\/12\/Baum-des-Jahres-2017.Foto-R.Rehkamp-768x512.jpg 768w, https:\/\/heimatvereinbersenbrueck.de\/wordpress\/wp-content\/uploads\/2017\/12\/Baum-des-Jahres-2017.Foto-R.Rehkamp-940x627.jpg 940w\" sizes=\"auto, (max-width: 620px) 100vw, 620px\" \/><\/p>\n","protected":false},"excerpt":{"rendered":"<p>Vertreter der Stadt Bersenbr\u00fcck und des Heimatvereins haben jetzt den Baum des Jahres 2017, den Picea abies, so der lateinische Name f\u00fcr die Gemeine Fichte, auf dem Gel\u00e4nde am Feldm\u00fchlenteich gepflanzt, wo bereits seit 2010 die Jahresb\u00e4ume gepflanzt werden. B\u00fcrger-meister Christian Kl\u00fctsch betonte bei der Aktion, dass erstmals ein Nadelgeh\u00f6lz gepflanzt wor-den sei. Die Fichte w\u00fcrde als ganzj\u00e4hrig begr\u00fcntes schnellwachsendes <a class=\"more-link\" href=\"https:\/\/heimatvereinbersenbrueck.de\/wordpress\/gemeine-fichte-als-erstes-nadelgehoelz-im-kleinod-am-feldmuehlenteich-gepflanzt\/\">&lt;weiterlesen&#8230;<\/a><\/p>\n","protected":false},"author":4,"featured_media":1075,"comment_status":"closed","ping_status":"closed","sticky":false,"template":"","format":"standard","meta":{"pgc_sgb_lightbox_settings":"","_EventAllDay":false,"_EventTimezone":"","_EventStartDate":"","_EventEndDate":"","_EventStartDateUTC":"","_EventEndDateUTC":"","_EventShowMap":false,"_EventShowMapLink":false,"_EventURL":"","_EventCost":"","_EventCostDescription":"","_EventCurrencySymbol":"","_EventCurrencyCode":"","_EventCurrencyPosition":"","_EventDateTimeSeparator":"","_EventTimeRangeSeparator":"","_EventOrganizerID":[],"_EventVenueID":[],"_OrganizerEmail":"","_OrganizerPhone":"","_OrganizerWebsite":"","_VenueAddress":"","_VenueCity":"","_VenueCountry":"","_VenueProvince":"","_VenueState":"","_VenueZip":"","_VenuePhone":"","_VenueURL":"","_VenueStateProvince":"","_VenueLat":"","_VenueLng":"","_VenueShowMap":false,"_VenueShowMapLink":false,"footnotes":""},"categories":[38,55,1],"tags":[],"class_list":["post-1074","post","type-post","status-publish","format-standard","has-post-thumbnail","hentry","category-38","category-naturschutzaktionen","category-allgemein"],"_links":{"self":[{"href":"https:\/\/heimatvereinbersenbrueck.de\/wordpress\/wp-json\/wp\/v2\/posts\/1074","targetHints":{"allow":["GET"]}}],"collection":[{"href":"https:\/\/heimatvereinbersenbrueck.de\/wordpress\/wp-json\/wp\/v2\/posts"}],"about":[{"href":"https:\/\/heimatvereinbersenbrueck.de\/wordpress\/wp-json\/wp\/v2\/types\/post"}],"author":[{"embeddable":true,"href":"https:\/\/heimatvereinbersenbrueck.de\/wordpress\/wp-json\/wp\/v2\/users\/4"}],"replies":[{"embeddable":true,"href":"https:\/\/heimatvereinbersenbrueck.de\/wordpress\/wp-json\/wp\/v2\/comments?post=1074"}],"version-history":[{"count":1,"href":"https:\/\/heimatvereinbersenbrueck.de\/wordpress\/wp-json\/wp\/v2\/posts\/1074\/revisions"}],"predecessor-version":[{"id":1076,"href":"https:\/\/heimatvereinbersenbrueck.de\/wordpress\/wp-json\/wp\/v2\/posts\/1074\/revisions\/1076"}],"wp:featuredmedia":[{"embeddable":true,"href":"https:\/\/heimatvereinbersenbrueck.de\/wordpress\/wp-json\/wp\/v2\/media\/1075"}],"wp:attachment":[{"href":"https:\/\/heimatvereinbersenbrueck.de\/wordpress\/wp-json\/wp\/v2\/media?parent=1074"}],"wp:term":[{"taxonomy":"category","embeddable":true,"href":"https:\/\/heimatvereinbersenbrueck.de\/wordpress\/wp-json\/wp\/v2\/categories?post=1074"},{"taxonomy":"post_tag","embeddable":true,"href":"https:\/\/heimatvereinbersenbrueck.de\/wordpress\/wp-json\/wp\/v2\/tags?post=1074"}],"curies":[{"name":"wp","href":"https:\/\/api.w.org\/{rel}","templated":true}]}}