{"id":1092,"date":"2018-01-20T15:10:07","date_gmt":"2018-01-20T14:10:07","guid":{"rendered":"http:\/\/heimatvereinbersenbrueck.de\/wordpress\/?p=1092"},"modified":"2024-11-29T12:30:01","modified_gmt":"2024-11-29T11:30:01","slug":"heimatverein-eroeffnete-die-diesjaehrige-wandersaison-mit-einer-winterwanderung","status":"publish","type":"post","link":"https:\/\/heimatvereinbersenbrueck.de\/wordpress\/heimatverein-eroeffnete-die-diesjaehrige-wandersaison-mit-einer-winterwanderung\/","title":{"rendered":"Heimatverein er\u00f6ffnete die diesj\u00e4hrige Wandersaison mit einer Winterwanderung"},"content":{"rendered":"<p>Es ist schon gute Tradition, dass der Heimatverein Bersenbr\u00fcck die neue Wandersaison mit einer Fu\u00dfwanderung er\u00f6ffnet. \u201eWir haben diese Wanderung fr\u00fcher einmal Schneewanderung genannt. Da aber jahrelang zu der Zeit kein Schnee lag, haben wir sie in Winterwanderung umbenannt, das passt auf jeden Fall\u201c, sagte der Vorsitzende des Heimatvereins, Franz Buitmann, bei der Begr\u00fc\u00dfung der Wanderfreunde. Im vergangenen Jahr allerdings h\u00e4tte man die Bezeichnung lassen k\u00f6nnen, da die Winterwanderung tats\u00e4chlich eine herrliche Schneewanderung wurde.<br \/>\nAuf jeden Fall machten sich die Wanderfreunde nach einer St\u00e4rkung mit dem \u201eFeldm\u00fchlentrunk\u201c vom Heimathaus Feldm\u00fchle aus bei zwar kaltem, aber sonnigem Wetter auf den gut einst\u00fcndigen Weg. Dieser f\u00fchrte auf Teilen des \u201eM\u00fchlenweges\u201c durch die Siedlung Hertmann in das Waldgebiet \u201eFreude\u201c, vorbei an der Kl\u00e4ranlage und dem \u201eHochzeitswald\u201c weiter vorbei an der Hasem\u00fchle in den Stadtwald \u201eHemke\u201c. Vorbei am Sch\u00fctzenplatz ging es zur\u00fcck in die \u201eFreude\u201c, wo man die derzeitigen F\u00e4llarbeiten von m\u00e4chtigen B\u00e4umen in Augenschein nehmen konnte.<br \/>\nZur\u00fcck im Heimathaus erwartete die Wanderfreunde hier der flackernde Kamin zum Aufw\u00e4rmen und eine leckere Kaffeetafel. Hier waren auch die Nichtwanderer dazu gesto\u00dfen, rund 40 Heimat- und Wanderfreunde fanden sich in geselliger Runde zusammen. Danach zeigte der Vorsitzende beeindruckende Fotos vom Winter in Bersenbr\u00fcck des vergangenen Jahres sowie von der letztj\u00e4hrigen Winterwanderung durch eine Schneelandschaft. Au\u00dferdem lie\u00df er in Bild und Wort die Fr\u00fchwanderung des Kreisheimatbundes Bersenbr\u00fcck am ersten Mai in der Maiburg sowie das Fahrt-\/Wanderwochenende des Vereins zusammen mit der Senioren-Union im Oktober des letzten Jahres Revue passieren, das ins belgische Flandern mit dem Standort Antwerpen und in die St\u00e4dte Gent und Br\u00fcgge sowie in das holl\u00e4ndische M\u00fchlen-Freilichtmuseum \u201eKinderdijk\u201c f\u00fchrte. Bei der Gelegenheit wies der Vorsitzende darauf hin, dass die diesj\u00e4hrige Fahrt in der Zeit vom 4. bis 7. Oktober in den Th\u00fcringer Wald mit Standort Suhl f\u00fchren wird, Einzelheiten werden in K\u00fcrze bekannt gegeben werden.<br \/>\nWeiter wies er auf die geplanten Wanderungen dieses Jahres hin, so wieder die Fr\u00fchwanderung des Kreisheimatbundes am 1. Mai in der Maiburg und die Sternwanderung am 3. Juni des KHBB im Raum Grafeld und die des Wiehengebirgsverbandes Weser-Ems am 10. Juni im Raum F\u00fcrstenau. Am 14. Mai findet wieder der bundesweite \u201eTag des Wanderns\u201c statt, der Deutsche Wandertag wird in der Zeit vom 16. bis 20. August in Detmold\/Eggegebirge durchgef\u00fchrt. Vorgesehen ist ferner, dass der Heimatverein wieder Etappenwanderungen anbietet, ebenso die Stadtteilwanderung, Einzelheiten folgen rechtzeitig.<\/p>\n<p><img loading=\"lazy\" decoding=\"async\" class=\"aligncenter size-medium wp-image-1093\" src=\"http:\/\/heimatvereinbersenbrueck.de\/wordpress\/wp-content\/uploads\/2018\/02\/Winterwanderung-HV-BSB-1-620x465.jpg\" alt=\"\" width=\"620\" height=\"465\" srcset=\"https:\/\/heimatvereinbersenbrueck.de\/wordpress\/wp-content\/uploads\/2018\/02\/Winterwanderung-HV-BSB-1-620x465.jpg 620w, https:\/\/heimatvereinbersenbrueck.de\/wordpress\/wp-content\/uploads\/2018\/02\/Winterwanderung-HV-BSB-1-768x576.jpg 768w, https:\/\/heimatvereinbersenbrueck.de\/wordpress\/wp-content\/uploads\/2018\/02\/Winterwanderung-HV-BSB-1-940x705.jpg 940w\" sizes=\"auto, (max-width: 620px) 100vw, 620px\" \/> <img loading=\"lazy\" decoding=\"async\" class=\"aligncenter size-medium wp-image-1094\" src=\"http:\/\/heimatvereinbersenbrueck.de\/wordpress\/wp-content\/uploads\/2018\/02\/Winterwanderung-HV-BSB-3-620x465.jpg\" alt=\"\" width=\"620\" height=\"465\" srcset=\"https:\/\/heimatvereinbersenbrueck.de\/wordpress\/wp-content\/uploads\/2018\/02\/Winterwanderung-HV-BSB-3-620x465.jpg 620w, https:\/\/heimatvereinbersenbrueck.de\/wordpress\/wp-content\/uploads\/2018\/02\/Winterwanderung-HV-BSB-3-768x576.jpg 768w, https:\/\/heimatvereinbersenbrueck.de\/wordpress\/wp-content\/uploads\/2018\/02\/Winterwanderung-HV-BSB-3-940x705.jpg 940w\" sizes=\"auto, (max-width: 620px) 100vw, 620px\" \/> <img loading=\"lazy\" decoding=\"async\" class=\"aligncenter size-medium wp-image-1095\" src=\"http:\/\/heimatvereinbersenbrueck.de\/wordpress\/wp-content\/uploads\/2018\/02\/Winterwanderung-HV-BSB-5-620x465.jpg\" alt=\"\" width=\"620\" height=\"465\" srcset=\"https:\/\/heimatvereinbersenbrueck.de\/wordpress\/wp-content\/uploads\/2018\/02\/Winterwanderung-HV-BSB-5-620x465.jpg 620w, https:\/\/heimatvereinbersenbrueck.de\/wordpress\/wp-content\/uploads\/2018\/02\/Winterwanderung-HV-BSB-5-768x576.jpg 768w, https:\/\/heimatvereinbersenbrueck.de\/wordpress\/wp-content\/uploads\/2018\/02\/Winterwanderung-HV-BSB-5-940x705.jpg 940w\" sizes=\"auto, (max-width: 620px) 100vw, 620px\" \/><\/p>\n","protected":false},"excerpt":{"rendered":"<p>Es ist schon gute Tradition, dass der Heimatverein Bersenbr\u00fcck die neue Wandersaison mit einer Fu\u00dfwanderung er\u00f6ffnet. \u201eWir haben diese Wanderung fr\u00fcher einmal Schneewanderung genannt. Da aber jahrelang zu der Zeit kein Schnee lag, haben wir sie in Winterwanderung umbenannt, das passt auf jeden Fall\u201c, sagte der Vorsitzende des Heimatvereins, Franz Buitmann, bei der Begr\u00fc\u00dfung der Wanderfreunde. Im vergangenen Jahr allerdings <a class=\"more-link\" href=\"https:\/\/heimatvereinbersenbrueck.de\/wordpress\/heimatverein-eroeffnete-die-diesjaehrige-wandersaison-mit-einer-winterwanderung\/\">&lt;weiterlesen&#8230;<\/a><\/p>\n","protected":false},"author":4,"featured_media":1094,"comment_status":"closed","ping_status":"closed","sticky":false,"template":"","format":"gallery","meta":{"pgc_sgb_lightbox_settings":"","_EventAllDay":false,"_EventTimezone":"","_EventStartDate":"","_EventEndDate":"","_EventStartDateUTC":"","_EventEndDateUTC":"","_EventShowMap":false,"_EventShowMapLink":false,"_EventURL":"","_EventCost":"","_EventCostDescription":"","_EventCurrencySymbol":"","_EventCurrencyCode":"","_EventCurrencyPosition":"","_EventDateTimeSeparator":"","_EventTimeRangeSeparator":"","_EventOrganizerID":[],"_EventVenueID":[],"_OrganizerEmail":"","_OrganizerPhone":"","_OrganizerWebsite":"","_VenueAddress":"","_VenueCity":"","_VenueCountry":"","_VenueProvince":"","_VenueState":"","_VenueZip":"","_VenuePhone":"","_VenueURL":"","_VenueStateProvince":"","_VenueLat":"","_VenueLng":"","_VenueShowMap":false,"_VenueShowMapLink":false,"footnotes":""},"categories":[34,52,1],"tags":[],"class_list":["post-1092","post","type-post","status-publish","format-gallery","has-post-thumbnail","hentry","category-34","category-fusswanderungen","category-allgemein","post_format-post-format-gallery"],"_links":{"self":[{"href":"https:\/\/heimatvereinbersenbrueck.de\/wordpress\/wp-json\/wp\/v2\/posts\/1092","targetHints":{"allow":["GET"]}}],"collection":[{"href":"https:\/\/heimatvereinbersenbrueck.de\/wordpress\/wp-json\/wp\/v2\/posts"}],"about":[{"href":"https:\/\/heimatvereinbersenbrueck.de\/wordpress\/wp-json\/wp\/v2\/types\/post"}],"author":[{"embeddable":true,"href":"https:\/\/heimatvereinbersenbrueck.de\/wordpress\/wp-json\/wp\/v2\/users\/4"}],"replies":[{"embeddable":true,"href":"https:\/\/heimatvereinbersenbrueck.de\/wordpress\/wp-json\/wp\/v2\/comments?post=1092"}],"version-history":[{"count":1,"href":"https:\/\/heimatvereinbersenbrueck.de\/wordpress\/wp-json\/wp\/v2\/posts\/1092\/revisions"}],"predecessor-version":[{"id":1096,"href":"https:\/\/heimatvereinbersenbrueck.de\/wordpress\/wp-json\/wp\/v2\/posts\/1092\/revisions\/1096"}],"wp:featuredmedia":[{"embeddable":true,"href":"https:\/\/heimatvereinbersenbrueck.de\/wordpress\/wp-json\/wp\/v2\/media\/1094"}],"wp:attachment":[{"href":"https:\/\/heimatvereinbersenbrueck.de\/wordpress\/wp-json\/wp\/v2\/media?parent=1092"}],"wp:term":[{"taxonomy":"category","embeddable":true,"href":"https:\/\/heimatvereinbersenbrueck.de\/wordpress\/wp-json\/wp\/v2\/categories?post=1092"},{"taxonomy":"post_tag","embeddable":true,"href":"https:\/\/heimatvereinbersenbrueck.de\/wordpress\/wp-json\/wp\/v2\/tags?post=1092"}],"curies":[{"name":"wp","href":"https:\/\/api.w.org\/{rel}","templated":true}]}}