{"id":1138,"date":"2018-09-18T14:52:57","date_gmt":"2018-09-18T12:52:57","guid":{"rendered":"http:\/\/heimatvereinbersenbrueck.de\/wordpress\/?p=1138"},"modified":"2024-11-29T12:26:11","modified_gmt":"2024-11-29T11:26:11","slug":"heidekoenigin-heidschnucken-und-heidegeist-tagesfahrt-des-heimatvereins-bersenbrueck-fuehrte-in-die-lueneburger-heide","status":"publish","type":"post","link":"https:\/\/heimatvereinbersenbrueck.de\/wordpress\/heidekoenigin-heidschnucken-und-heidegeist-tagesfahrt-des-heimatvereins-bersenbrueck-fuehrte-in-die-lueneburger-heide\/","title":{"rendered":"Heidek\u00f6nigin, Heidschnucken und Heidegeist \u2013 Tagesfahrt des Heimatvereins Bersenbr\u00fcck f\u00fchrte in die L\u00fcneburger Heide"},"content":{"rendered":"<p>Im Rahmen seines Jahresprogramms bietet der Heimatverein Bersenbr\u00fcck seinen Mitgliedern und G\u00e4sten jedes Jahr eine Tagesfahrt an. Ziel der diesj\u00e4hrigen Tour war die L\u00fcneburger Heide mit Schwerpunkt Schneverdingen, die Leitung lag in den H\u00e4nden des Vorsitzenden Franz Buitmann und des Gesch\u00e4ftsf\u00fchrers Hermann Sattinger. Ann\u00e4hernd 50 Heimatfreunde nahmen teil und erlebten einen zugleich informativen und unterhaltsamen Tag unter dem Motto \u201eHeidek\u00f6nigin, Heidschnucken und Heidegeist\u201c.<br \/>\nZun\u00e4chst st\u00e4rkte man sich im Gasthof \u201eHeidej\u00e4ger\u201c in Rotenburg-Mulmshorn bei einem leckeren Fr\u00fchst\u00fcck.<\/p>\n<p>Auf diese Weise gut vorbereitet, ging es in das Herz der L\u00fcneburger Heide, Schneverdingen. Hier erwartete G\u00e4stef\u00fchrerin Sylvia Becker die Bersenbr\u00fccker Heimatfreunde.<\/p>\n<p>Vom Heidegarten aus, der einmalig in Deutschland ist und mehr als 180 verschiedene Heidesorten bietet, ging es zum H\u00f6penberg mit einem alten Heidschnuckenstall (unser Foto). Die G\u00e4stef\u00fchrerin erl\u00e4uterte die Wahl der Heidek\u00f6nigin und berichtete vom Heidegeist, der in fl\u00fcssiger Form sein Unwesen treibt. Vom H\u00f6penberg aus hatte man einen guten Fernblick \u00fcber die flache Heide- und Waldlandschaft, der Heide allerdings sah man die lange Trockenperiode durchaus an.<\/p>\n<p>Nach dem Mittagessen im \u201eSch\u00e4ferhof\u201c lernte man auf einer Bus-Rundfahrt die typischen kleinen Heided\u00f6rfer kennen, besonders Undeloh in der N\u00e4he des Wilseder Berges bietet alles, was man sich unter einem Heidedorf vorstellt. Wieder in Schneverdingen schloss sich eine Kutschfahrt in die Heide an. Die Begegnung mit einem Sch\u00e4fer und seiner Heidschnuckenherde und Kaffee und Buchweizen-Kuchen mitten in der Heide d\u00fcrften besondere Erlebnisse gewesen sein. Auf jeden Fall wird der Heimatverein auch im n\u00e4chsten Jahr wieder eine Tagestour anbieten.<\/p>\n<p><a href=\"https:\/\/heimatvereinbersenbrueck.de\/wordpress\/heidekoenigin-heidschnucken-und-heidegeist-tagesfahrt-des-heimatvereins-bersenbrueck-fuehrte-in-die-lueneburger-heide\/tagesfahrt-heimatverein-bsb-1-2\/\" rel=\"attachment wp-att-1139\"><img loading=\"lazy\" decoding=\"async\" class=\"aligncenter size-medium wp-image-1139\" src=\"http:\/\/heimatvereinbersenbrueck.de\/wordpress\/wp-content\/uploads\/2018\/09\/Tagesfahrt-Heimatverein-BSB-1-620x413.jpg\" alt=\"\" width=\"620\" height=\"413\" srcset=\"https:\/\/heimatvereinbersenbrueck.de\/wordpress\/wp-content\/uploads\/2018\/09\/Tagesfahrt-Heimatverein-BSB-1-620x413.jpg 620w, https:\/\/heimatvereinbersenbrueck.de\/wordpress\/wp-content\/uploads\/2018\/09\/Tagesfahrt-Heimatverein-BSB-1-768x512.jpg 768w, https:\/\/heimatvereinbersenbrueck.de\/wordpress\/wp-content\/uploads\/2018\/09\/Tagesfahrt-Heimatverein-BSB-1-940x627.jpg 940w\" sizes=\"auto, (max-width: 620px) 100vw, 620px\" \/><\/a> <a href=\"http:\/\/heimatvereinbersenbrueck.de\/wordpress\/wp-content\/uploads\/2018\/09\/Tagesfahrt-Heimatverein-BSB-2.jpg\"><img loading=\"lazy\" decoding=\"async\" class=\"aligncenter size-medium wp-image-1140\" src=\"http:\/\/heimatvereinbersenbrueck.de\/wordpress\/wp-content\/uploads\/2018\/09\/Tagesfahrt-Heimatverein-BSB-2-620x413.jpg\" alt=\"\" width=\"620\" height=\"413\" srcset=\"https:\/\/heimatvereinbersenbrueck.de\/wordpress\/wp-content\/uploads\/2018\/09\/Tagesfahrt-Heimatverein-BSB-2-620x413.jpg 620w, https:\/\/heimatvereinbersenbrueck.de\/wordpress\/wp-content\/uploads\/2018\/09\/Tagesfahrt-Heimatverein-BSB-2-768x512.jpg 768w, https:\/\/heimatvereinbersenbrueck.de\/wordpress\/wp-content\/uploads\/2018\/09\/Tagesfahrt-Heimatverein-BSB-2-940x627.jpg 940w\" sizes=\"auto, (max-width: 620px) 100vw, 620px\" \/><\/a><\/p>\n","protected":false},"excerpt":{"rendered":"<p>Im Rahmen seines Jahresprogramms bietet der Heimatverein Bersenbr\u00fcck seinen Mitgliedern und G\u00e4sten jedes Jahr eine Tagesfahrt an. Ziel der diesj\u00e4hrigen Tour war die L\u00fcneburger Heide mit Schwerpunkt Schneverdingen, die Leitung lag in den H\u00e4nden des Vorsitzenden Franz Buitmann und des Gesch\u00e4ftsf\u00fchrers Hermann Sattinger. Ann\u00e4hernd 50 Heimatfreunde nahmen teil und erlebten einen zugleich informativen und unterhaltsamen Tag unter dem Motto \u201eHeidek\u00f6nigin, <a class=\"more-link\" href=\"https:\/\/heimatvereinbersenbrueck.de\/wordpress\/heidekoenigin-heidschnucken-und-heidegeist-tagesfahrt-des-heimatvereins-bersenbrueck-fuehrte-in-die-lueneburger-heide\/\">&lt;weiterlesen&#8230;<\/a><\/p>\n","protected":false},"author":4,"featured_media":1139,"comment_status":"closed","ping_status":"closed","sticky":false,"template":"","format":"standard","meta":{"pgc_sgb_lightbox_settings":"","_EventAllDay":false,"_EventTimezone":"","_EventStartDate":"","_EventEndDate":"","_EventStartDateUTC":"","_EventEndDateUTC":"","_EventShowMap":false,"_EventShowMapLink":false,"_EventURL":"","_EventCost":"","_EventCostDescription":"","_EventCurrencySymbol":"","_EventCurrencyCode":"","_EventCurrencyPosition":"","_EventDateTimeSeparator":"","_EventTimeRangeSeparator":"","_EventOrganizerID":[],"_EventVenueID":[],"_OrganizerEmail":"","_OrganizerPhone":"","_OrganizerWebsite":"","_VenueAddress":"","_VenueCity":"","_VenueCountry":"","_VenueProvince":"","_VenueState":"","_VenueZip":"","_VenuePhone":"","_VenueURL":"","_VenueStateProvince":"","_VenueLat":"","_VenueLng":"","_VenueShowMap":false,"_VenueShowMapLink":false,"footnotes":""},"categories":[34,1,53],"tags":[],"class_list":["post-1138","post","type-post","status-publish","format-standard","has-post-thumbnail","hentry","category-34","category-allgemein","category-tagesausfluege-mit-dem-heimatverein"],"_links":{"self":[{"href":"https:\/\/heimatvereinbersenbrueck.de\/wordpress\/wp-json\/wp\/v2\/posts\/1138","targetHints":{"allow":["GET"]}}],"collection":[{"href":"https:\/\/heimatvereinbersenbrueck.de\/wordpress\/wp-json\/wp\/v2\/posts"}],"about":[{"href":"https:\/\/heimatvereinbersenbrueck.de\/wordpress\/wp-json\/wp\/v2\/types\/post"}],"author":[{"embeddable":true,"href":"https:\/\/heimatvereinbersenbrueck.de\/wordpress\/wp-json\/wp\/v2\/users\/4"}],"replies":[{"embeddable":true,"href":"https:\/\/heimatvereinbersenbrueck.de\/wordpress\/wp-json\/wp\/v2\/comments?post=1138"}],"version-history":[{"count":2,"href":"https:\/\/heimatvereinbersenbrueck.de\/wordpress\/wp-json\/wp\/v2\/posts\/1138\/revisions"}],"predecessor-version":[{"id":1928,"href":"https:\/\/heimatvereinbersenbrueck.de\/wordpress\/wp-json\/wp\/v2\/posts\/1138\/revisions\/1928"}],"wp:featuredmedia":[{"embeddable":true,"href":"https:\/\/heimatvereinbersenbrueck.de\/wordpress\/wp-json\/wp\/v2\/media\/1139"}],"wp:attachment":[{"href":"https:\/\/heimatvereinbersenbrueck.de\/wordpress\/wp-json\/wp\/v2\/media?parent=1138"}],"wp:term":[{"taxonomy":"category","embeddable":true,"href":"https:\/\/heimatvereinbersenbrueck.de\/wordpress\/wp-json\/wp\/v2\/categories?post=1138"},{"taxonomy":"post_tag","embeddable":true,"href":"https:\/\/heimatvereinbersenbrueck.de\/wordpress\/wp-json\/wp\/v2\/tags?post=1138"}],"curies":[{"name":"wp","href":"https:\/\/api.w.org\/{rel}","templated":true}]}}