{"id":1156,"date":"2018-12-19T09:43:05","date_gmt":"2018-12-19T08:43:05","guid":{"rendered":"http:\/\/heimatvereinbersenbrueck.de\/wordpress\/?p=1156"},"modified":"2024-11-29T12:25:05","modified_gmt":"2024-11-29T11:25:05","slug":"viertagesfahrt-des-heimatvereins-und-der-senioren-union-in-den-thueringer-wald-mit-nachhaltigen-erlebnissen","status":"publish","type":"post","link":"https:\/\/heimatvereinbersenbrueck.de\/wordpress\/viertagesfahrt-des-heimatvereins-und-der-senioren-union-in-den-thueringer-wald-mit-nachhaltigen-erlebnissen\/","title":{"rendered":"Viertagesfahrt des Heimatvereins und der Senioren-Union in den Th\u00fcringer Wald mit nachhaltigen Erlebnissen"},"content":{"rendered":"\n<h2 class=\"wp-block-heading\"><br><\/h2>\n\n\n\n<h2 class=\"wp-block-heading\"><\/h2>\n\n\n\n<figure class=\"wp-block-gallery has-nested-images columns-default is-cropped wp-block-gallery-1 is-layout-flex wp-block-gallery-is-layout-flex\">\n<figure class=\"wp-block-image\"><img loading=\"lazy\" decoding=\"async\" width=\"940\" height=\"705\" data-id=\"1160\" src=\"https:\/\/heimatvereinbersenbrueck.de\/wordpress\/wp-content\/uploads\/2018\/12\/Oktoberfest-in-Erfurt-auf-dem-Domplatz-1-940x705.jpg\" alt=\"\" class=\"wp-image-1160\" srcset=\"https:\/\/heimatvereinbersenbrueck.de\/wordpress\/wp-content\/uploads\/2018\/12\/Oktoberfest-in-Erfurt-auf-dem-Domplatz-1-940x705.jpg 940w, https:\/\/heimatvereinbersenbrueck.de\/wordpress\/wp-content\/uploads\/2018\/12\/Oktoberfest-in-Erfurt-auf-dem-Domplatz-1-620x465.jpg 620w, https:\/\/heimatvereinbersenbrueck.de\/wordpress\/wp-content\/uploads\/2018\/12\/Oktoberfest-in-Erfurt-auf-dem-Domplatz-1-768x576.jpg 768w\" sizes=\"auto, (max-width: 940px) 100vw, 940px\" \/><\/figure>\n\n\n\n<figure class=\"wp-block-image\"><img loading=\"lazy\" decoding=\"async\" width=\"940\" height=\"705\" data-id=\"1161\" src=\"https:\/\/heimatvereinbersenbrueck.de\/wordpress\/wp-content\/uploads\/2018\/12\/Auf-dem-Rennsteig-2-940x705.jpg\" alt=\"\" class=\"wp-image-1161\" srcset=\"https:\/\/heimatvereinbersenbrueck.de\/wordpress\/wp-content\/uploads\/2018\/12\/Auf-dem-Rennsteig-2-940x705.jpg 940w, https:\/\/heimatvereinbersenbrueck.de\/wordpress\/wp-content\/uploads\/2018\/12\/Auf-dem-Rennsteig-2-620x465.jpg 620w, https:\/\/heimatvereinbersenbrueck.de\/wordpress\/wp-content\/uploads\/2018\/12\/Auf-dem-Rennsteig-2-768x576.jpg 768w\" sizes=\"auto, (max-width: 940px) 100vw, 940px\" \/><\/figure>\n\n\n\n<figure class=\"wp-block-image\"><img loading=\"lazy\" decoding=\"async\" width=\"940\" height=\"705\" data-id=\"1162\" src=\"https:\/\/heimatvereinbersenbrueck.de\/wordpress\/wp-content\/uploads\/2018\/12\/Auf-dem-Rennsteig-in-Th\u00fcringen-940x705.jpg\" alt=\"Auf dem Rennsteig in Th\u00fcringen\" class=\"wp-image-1162\" srcset=\"https:\/\/heimatvereinbersenbrueck.de\/wordpress\/wp-content\/uploads\/2018\/12\/Auf-dem-Rennsteig-in-Th\u00fcringen-940x705.jpg 940w, https:\/\/heimatvereinbersenbrueck.de\/wordpress\/wp-content\/uploads\/2018\/12\/Auf-dem-Rennsteig-in-Th\u00fcringen-620x465.jpg 620w, https:\/\/heimatvereinbersenbrueck.de\/wordpress\/wp-content\/uploads\/2018\/12\/Auf-dem-Rennsteig-in-Th\u00fcringen-768x576.jpg 768w\" sizes=\"auto, (max-width: 940px) 100vw, 940px\" \/><\/figure>\n<\/figure>\n\n\n\n<h2 class=\"wp-block-heading\"><\/h2>\n\n\n\n<p>Die\ndiesj\u00e4hrige Viertages-Fahrt des Heimatvereins Bersenbr\u00fcck und der\nCDU-Senioren-Union, Ortsverband Bersenbr\u00fcck-Gehrde, f\u00fchrte &nbsp;in den Th\u00fcringer Wald, Standquartier war die\nStadt Suhl, wo sich auch das Waffenmuseum und das Technikmuseum befinden. \n\nDie Fahrt f\u00fchrte zun\u00e4chst nach Erfurt, hier erfolgte eine begleitete\nRundfahrt im Bus mit anschlie\u00dfendem Gang durch die historische Altstadt mit\nDom, Fischmarkt und Kremerbr\u00fccke. Dann ging es zum Hotel in Suhl im Zentrum der\nStadt am \u201ePlatz des Friedens\u201c in ruhiger Lage, wo man abends in gem\u00fctlicher\nRunde zusammen sa\u00df. Der zweite Tag sah zun\u00e4chst eine F\u00fchrung durch Suhl vor,\nbevor es mit dem G\u00e4stef\u00fchrer auf den Weg in den Th\u00fcringer Wald ging, Stationen\nbei der Rundfahrt waren unter anderem die Winter-Sportst\u00e4tten von Oberhof und\ndie Theaterstadt Meiningen. Am dritten Tag ging es wieder mit dem G\u00e4stef\u00fchrer\nauf den Weg in den s\u00fcd\u00f6stlichen Th\u00fcringer Wald entlang einer landschaftlich\nsch\u00f6nen Strecke am \u201eRennsteig\u201c, den der Heimatverein bereits in voller L\u00e4nge\nerwandert hat, nat\u00fcrlich geh\u00f6rte auch jetzt eine Kurzwanderung auf diesem\nbeliebten Wanderweg dazu (<strong>unser Foto)<\/strong>.\nDie Fahrt f\u00fchrte weiter&nbsp; ins Schwarzatal,\nbesucht wurde eine der bekannten Glasmanufakturen, wo bereits die\nWeihnachtsdekoration zu sehen war. Weiter&nbsp;\nging es mit der historischen Standseilbahn in Oberwei\u00dfbach. Am vierten Tag\nwurde Weimar besucht, die Stadt der Deutschen Klassik, verbunden mit Namen wie\nGoethe, Schiller oder Herder. Hier nahm auch nach dem Ersten Weltkrieg 1919 in\nder Nationalversammlung die Weimarer Republik ihren Lauf. Die Stadt wurde auf\neiner Rundfahrt mit dem Bus und zu Fu\u00df erkundet. Bereits jetzt sind erste\n\u00dcberlegungen f\u00fcr die Tour im n\u00e4chsten Jahr angelaufen\n\n\n\n<\/p>\n\n\n\n<p><\/p>\n","protected":false},"excerpt":{"rendered":"<p>Die diesj\u00e4hrige Viertages-Fahrt des Heimatvereins Bersenbr\u00fcck und der CDU-Senioren-Union, Ortsverband Bersenbr\u00fcck-Gehrde, f\u00fchrte &nbsp;in den Th\u00fcringer Wald, Standquartier war die Stadt Suhl, wo sich auch das Waffenmuseum und das Technikmuseum befinden. Die Fahrt f\u00fchrte zun\u00e4chst nach Erfurt, hier erfolgte eine begleitete Rundfahrt im Bus mit anschlie\u00dfendem Gang durch die historische Altstadt mit Dom, Fischmarkt und Kremerbr\u00fccke. Dann ging es zum Hotel <a class=\"more-link\" href=\"https:\/\/heimatvereinbersenbrueck.de\/wordpress\/viertagesfahrt-des-heimatvereins-und-der-senioren-union-in-den-thueringer-wald-mit-nachhaltigen-erlebnissen\/\">&lt;weiterlesen&#8230;<\/a><\/p>\n","protected":false},"author":4,"featured_media":1162,"comment_status":"closed","ping_status":"closed","sticky":false,"template":"","format":"gallery","meta":{"pgc_sgb_lightbox_settings":"","_EventAllDay":false,"_EventTimezone":"","_EventStartDate":"","_EventEndDate":"","_EventStartDateUTC":"","_EventEndDateUTC":"","_EventShowMap":false,"_EventShowMapLink":false,"_EventURL":"","_EventCost":"","_EventCostDescription":"","_EventCurrencySymbol":"","_EventCurrencyCode":"","_EventCurrencyPosition":"","_EventDateTimeSeparator":"","_EventTimeRangeSeparator":"","_EventOrganizerID":[],"_EventVenueID":[],"_OrganizerEmail":"","_OrganizerPhone":"","_OrganizerWebsite":"","_VenueAddress":"","_VenueCity":"","_VenueCountry":"","_VenueProvince":"","_VenueState":"","_VenueZip":"","_VenuePhone":"","_VenueURL":"","_VenueStateProvince":"","_VenueLat":"","_VenueLng":"","_VenueShowMap":false,"_VenueShowMapLink":false,"footnotes":""},"categories":[34,1,53],"tags":[],"class_list":["post-1156","post","type-post","status-publish","format-gallery","has-post-thumbnail","hentry","category-34","category-allgemein","category-tagesausfluege-mit-dem-heimatverein","post_format-post-format-gallery"],"_links":{"self":[{"href":"https:\/\/heimatvereinbersenbrueck.de\/wordpress\/wp-json\/wp\/v2\/posts\/1156","targetHints":{"allow":["GET"]}}],"collection":[{"href":"https:\/\/heimatvereinbersenbrueck.de\/wordpress\/wp-json\/wp\/v2\/posts"}],"about":[{"href":"https:\/\/heimatvereinbersenbrueck.de\/wordpress\/wp-json\/wp\/v2\/types\/post"}],"author":[{"embeddable":true,"href":"https:\/\/heimatvereinbersenbrueck.de\/wordpress\/wp-json\/wp\/v2\/users\/4"}],"replies":[{"embeddable":true,"href":"https:\/\/heimatvereinbersenbrueck.de\/wordpress\/wp-json\/wp\/v2\/comments?post=1156"}],"version-history":[{"count":4,"href":"https:\/\/heimatvereinbersenbrueck.de\/wordpress\/wp-json\/wp\/v2\/posts\/1156\/revisions"}],"predecessor-version":[{"id":3498,"href":"https:\/\/heimatvereinbersenbrueck.de\/wordpress\/wp-json\/wp\/v2\/posts\/1156\/revisions\/3498"}],"wp:featuredmedia":[{"embeddable":true,"href":"https:\/\/heimatvereinbersenbrueck.de\/wordpress\/wp-json\/wp\/v2\/media\/1162"}],"wp:attachment":[{"href":"https:\/\/heimatvereinbersenbrueck.de\/wordpress\/wp-json\/wp\/v2\/media?parent=1156"}],"wp:term":[{"taxonomy":"category","embeddable":true,"href":"https:\/\/heimatvereinbersenbrueck.de\/wordpress\/wp-json\/wp\/v2\/categories?post=1156"},{"taxonomy":"post_tag","embeddable":true,"href":"https:\/\/heimatvereinbersenbrueck.de\/wordpress\/wp-json\/wp\/v2\/tags?post=1156"}],"curies":[{"name":"wp","href":"https:\/\/api.w.org\/{rel}","templated":true}]}}