{"id":1166,"date":"2019-03-03T16:45:09","date_gmt":"2019-03-03T15:45:09","guid":{"rendered":"http:\/\/heimatvereinbersenbrueck.de\/wordpress\/?p=1166"},"modified":"2024-11-29T12:37:52","modified_gmt":"2024-11-29T11:37:52","slug":"wanderer-im-heimatverein-trotzten-sturm-und-wind","status":"publish","type":"post","link":"https:\/\/heimatvereinbersenbrueck.de\/wordpress\/wanderer-im-heimatverein-trotzten-sturm-und-wind\/","title":{"rendered":"Wanderer im Heimatverein trotzten Sturm und Wind"},"content":{"rendered":"\n<p>Zum\nAuftakt des neuen Wanderjahres pflegt der Heimatverein Bersenbr\u00fcck eine kurze\nFu\u00dfwanderung anzubieten. Wurde diese Tour fr\u00fcher als Schneewanderung\nangek\u00fcndigt, ist sie inzwischen in Winterwanderung umbenannt worden, gab es\ndoch nur selten den erhofften Schnee. In diesem Jahr allerdings war auch vom\nWinter keine Spur, stattdessen gab es Sturm und Regen, was aber einige\nWetterfeste nicht davon abhielt, trotzdem zu wandern.<\/p>\n\n\n\n<p>\u201eSchlie\u00dflich\u201c,\nso Heimatvereins-Vorsitzender Franz Buitmann bei der Begr\u00fc\u00dfung am Heimathaus\nFeldm\u00fchle, \u201egibt es f\u00fcr Wanderer kein schlechtes Wetter, sondern h\u00f6chstens\nunpassende Kleidung\u201c. Nachdem man f\u00fcr alle F\u00e4lle sich mit einem \u201eAufw\u00e4rmer\u201c\ngest\u00e4rkt und ihn auch f\u00fcr \u201eNotf\u00e4lle\u201c unterwegs eingepackt hatte, machte man\nsich in bester Stimmung auf den Weg. Es ging durch die Siedlung Hertmann,\nvorbei am \u201eK\u00f6nigskamp\u201c weiter in den Stadtteil Hertmann<\/p>\n\n\n\n<p>in\nRichtung Waldgebiet \u201eFreude\u201c. Unterwegs besuchte man Vorstandsmitglied Ewald\nWebering, der auch noch eine St\u00e4rkung bereit hielt. Nach einer knapp\neineinhalbst\u00fcndigen Wanderung erreichte man wieder das Heimathaus. Hier hatten\nsich inzwischen weitere Heimatfreunde eingefunden, so dass sich das Heimathaus\nmit \u00fcber 30 Besuchern gut f\u00fcllte. Am flackernden Kamin mundete eine Kaffeetafel\nmit selbst gebackenem Kuchen den inzwischen wieder trockenen Wanderern und den\n\u00fcbrigen Besuchern hervorragend.<\/p>\n\n\n\n<figure class=\"wp-block-image\"><img loading=\"lazy\" decoding=\"async\" width=\"940\" height=\"705\" src=\"http:\/\/heimatvereinbersenbrueck.de\/wordpress\/wp-content\/uploads\/2019\/03\/Winterwanderung-HVB-2-940x705.jpg\" alt=\"\" class=\"wp-image-1167\" srcset=\"https:\/\/heimatvereinbersenbrueck.de\/wordpress\/wp-content\/uploads\/2019\/03\/Winterwanderung-HVB-2-940x705.jpg 940w, https:\/\/heimatvereinbersenbrueck.de\/wordpress\/wp-content\/uploads\/2019\/03\/Winterwanderung-HVB-2-620x465.jpg 620w, https:\/\/heimatvereinbersenbrueck.de\/wordpress\/wp-content\/uploads\/2019\/03\/Winterwanderung-HVB-2-768x576.jpg 768w\" sizes=\"auto, (max-width: 940px) 100vw, 940px\" \/><\/figure>\n\n\n\n<p>Im\nAnschluss daran lie\u00df ein Film von Vorstandsmitglied Gerhard K\u00f6nig das\nBersenbr\u00fccker Jubil\u00e4umsjahr 1981 Revue passieren. Er hatte die umfangreichen\nVorbereitungen, vor allem das Schm\u00fccken der Stra\u00dfen, die gro\u00dfe Gewerbeschau und\nnicht zuletzt den langen Festumzug in Bild und Wort festgehalten. Bei den\nZuschauern im Heimathaus kamen die Erinnerungen an dieses gro\u00dfe Ereignis, teils\nauch mit Wehmut \u00fcber inzwischen Verstorbene, aber auch mit Freude \u00fcber\nbeeindruckende Bilder zur\u00fcck. Zudem hatte K\u00f6nig auch die damalige \u00dcberschwemmung\nder Hase in weiten Stadtgebieten festgehalten, nach Bau des Alfsees heute kaum\nnoch vorstellbar. Insgesamt, so stellte Vorsitzender Buitmann mit einem gro\u00dfen\nDank an den Filmer, fest, sei der Film ein bedeutsames Dokument f\u00fcr sp\u00e4tere\nZeiten, er steht digitalisiert auch interessierten Heimatfreunden zur\nVerf\u00fcgung.&nbsp; <\/p>\n","protected":false},"excerpt":{"rendered":"<p>Zum Auftakt des neuen Wanderjahres pflegt der Heimatverein Bersenbr\u00fcck eine kurze Fu\u00dfwanderung anzubieten. Wurde diese Tour fr\u00fcher als Schneewanderung angek\u00fcndigt, ist sie inzwischen in Winterwanderung umbenannt worden, gab es doch nur selten den erhofften Schnee. In diesem Jahr allerdings war auch vom Winter keine Spur, stattdessen gab es Sturm und Regen, was aber einige Wetterfeste nicht davon abhielt, trotzdem zu <a class=\"more-link\" href=\"https:\/\/heimatvereinbersenbrueck.de\/wordpress\/wanderer-im-heimatverein-trotzten-sturm-und-wind\/\">&lt;weiterlesen&#8230;<\/a><\/p>\n","protected":false},"author":4,"featured_media":1167,"comment_status":"closed","ping_status":"closed","sticky":false,"template":"","format":"standard","meta":{"pgc_sgb_lightbox_settings":"","_EventAllDay":false,"_EventTimezone":"","_EventStartDate":"","_EventEndDate":"","_EventStartDateUTC":"","_EventEndDateUTC":"","_EventShowMap":false,"_EventShowMapLink":false,"_EventURL":"","_EventCost":"","_EventCostDescription":"","_EventCurrencySymbol":"","_EventCurrencyCode":"","_EventCurrencyPosition":"","_EventDateTimeSeparator":"","_EventTimeRangeSeparator":"","_EventOrganizerID":[],"_EventVenueID":[],"_OrganizerEmail":"","_OrganizerPhone":"","_OrganizerWebsite":"","_VenueAddress":"","_VenueCity":"","_VenueCountry":"","_VenueProvince":"","_VenueState":"","_VenueZip":"","_VenuePhone":"","_VenueURL":"","_VenueStateProvince":"","_VenueLat":"","_VenueLng":"","_VenueShowMap":false,"_VenueShowMapLink":false,"footnotes":""},"categories":[33,52,1],"tags":[],"class_list":["post-1166","post","type-post","status-publish","format-standard","has-post-thumbnail","hentry","category-33","category-fusswanderungen","category-allgemein"],"_links":{"self":[{"href":"https:\/\/heimatvereinbersenbrueck.de\/wordpress\/wp-json\/wp\/v2\/posts\/1166","targetHints":{"allow":["GET"]}}],"collection":[{"href":"https:\/\/heimatvereinbersenbrueck.de\/wordpress\/wp-json\/wp\/v2\/posts"}],"about":[{"href":"https:\/\/heimatvereinbersenbrueck.de\/wordpress\/wp-json\/wp\/v2\/types\/post"}],"author":[{"embeddable":true,"href":"https:\/\/heimatvereinbersenbrueck.de\/wordpress\/wp-json\/wp\/v2\/users\/4"}],"replies":[{"embeddable":true,"href":"https:\/\/heimatvereinbersenbrueck.de\/wordpress\/wp-json\/wp\/v2\/comments?post=1166"}],"version-history":[{"count":1,"href":"https:\/\/heimatvereinbersenbrueck.de\/wordpress\/wp-json\/wp\/v2\/posts\/1166\/revisions"}],"predecessor-version":[{"id":1168,"href":"https:\/\/heimatvereinbersenbrueck.de\/wordpress\/wp-json\/wp\/v2\/posts\/1166\/revisions\/1168"}],"wp:featuredmedia":[{"embeddable":true,"href":"https:\/\/heimatvereinbersenbrueck.de\/wordpress\/wp-json\/wp\/v2\/media\/1167"}],"wp:attachment":[{"href":"https:\/\/heimatvereinbersenbrueck.de\/wordpress\/wp-json\/wp\/v2\/media?parent=1166"}],"wp:term":[{"taxonomy":"category","embeddable":true,"href":"https:\/\/heimatvereinbersenbrueck.de\/wordpress\/wp-json\/wp\/v2\/categories?post=1166"},{"taxonomy":"post_tag","embeddable":true,"href":"https:\/\/heimatvereinbersenbrueck.de\/wordpress\/wp-json\/wp\/v2\/tags?post=1166"}],"curies":[{"name":"wp","href":"https:\/\/api.w.org\/{rel}","templated":true}]}}