{"id":1199,"date":"2019-03-29T08:38:29","date_gmt":"2019-03-29T07:38:29","guid":{"rendered":"http:\/\/heimatvereinbersenbrueck.de\/wordpress\/?p=1199"},"modified":"2024-11-29T12:34:45","modified_gmt":"2024-11-29T11:34:45","slug":"jahreshauptversammlung-des-heimatvereins","status":"publish","type":"post","link":"https:\/\/heimatvereinbersenbrueck.de\/wordpress\/jahreshauptversammlung-des-heimatvereins\/","title":{"rendered":"Jahreshauptversammlung des Heimatvereins"},"content":{"rendered":"\n<h2 class=\"wp-block-heading\"><strong>Alois K\u00fcthe ist nun Ehrenmitglied im Heimatverein Bersenbr\u00fcck<\/strong><\/h2>\n\n\n\n<p>Die\ndiesj\u00e4hrige turnusm\u00e4\u00dfige Jahreshauptversammlung des Heimatvereins Bersenbr\u00fcck\nfand im Heimathaus Feldm\u00fchle statt, Vorsitzender Franz Buitmann freute sich\n\u00fcber eine trotz weiterer Termine in der Stadt doch recht gute Beteiligung.\nNeben den Rechenschaftsberichten standen Wahlen und Ehrungen im Mittelpunkt der\nVersammlung.<\/p>\n\n\n\n<figure class=\"wp-block-image\"><img loading=\"lazy\" decoding=\"async\" width=\"940\" height=\"627\" src=\"http:\/\/heimatvereinbersenbrueck.de\/wordpress\/wp-content\/uploads\/2019\/04\/Heimatverein-BSB-Jahreshauptversammlung-940x627.jpg\" alt=\"\" class=\"wp-image-1200\" srcset=\"https:\/\/heimatvereinbersenbrueck.de\/wordpress\/wp-content\/uploads\/2019\/04\/Heimatverein-BSB-Jahreshauptversammlung-940x627.jpg 940w, https:\/\/heimatvereinbersenbrueck.de\/wordpress\/wp-content\/uploads\/2019\/04\/Heimatverein-BSB-Jahreshauptversammlung-620x413.jpg 620w, https:\/\/heimatvereinbersenbrueck.de\/wordpress\/wp-content\/uploads\/2019\/04\/Heimatverein-BSB-Jahreshauptversammlung-768x512.jpg 768w, https:\/\/heimatvereinbersenbrueck.de\/wordpress\/wp-content\/uploads\/2019\/04\/Heimatverein-BSB-Jahreshauptversammlung.jpg 1920w\" sizes=\"auto, (max-width: 940px) 100vw, 940px\" \/><\/figure>\n\n\n\n<p>Der\nJahresbericht des Vorsitzenden erfolgte wieder unter Veranschaulichung durch\nzahlreiche Fotos von den Veranstaltungen, Aktionen und Projekten im\nBerichtszeitraum. In diesem Bericht wurde deutlich, dass der Heimatverein\nwieder sehr aktiv war. Am Tag nach der letztj\u00e4hrigen Mitgliederversammlung fand\ndie Umweltschutzaktion \u201eWir reinigen die Stadt von M\u00fcll und Unrat\u201c mit\nUnterst\u00fctzung mehrerer Vereine und Gruppen statt. Das Brauchtum wurde mit dem\nOsterfeuer und dem Aufstellen des Maibaums am Heimathaus Feldm\u00fchle gepflegt.\nAktiv unterst\u00fctzt hat der Heimatverein das Treffen \u201e60 Jahre Patenschaft\nGreifenhagen \u2013 Bersenbr\u00fcck\u201c im und am Heimathaus. Gro\u00dfen Erfolg zeitigte die\nBeteiligung am bundesweiten M\u00fchlentag am Pfingstmontag mit der Feldm\u00fchle, auch\nam bundesweiten \u201eTag des offenen Denkmals\u201c war der Heimatverein dabei. Eigene\nWanderungen zu Fu\u00df und mit dem Fahrrad, aber auch die Beteiligung an Angeboten &nbsp;\u00fcberregionaler Verb\u00e4nde geh\u00f6rten zum Programm.\nVerschiedene Heimatfilme wurden gezeigt, das Projekt Foto-Archiv AG zusammen mit\nder VHS wurde fortgef\u00fchrt. Eine mehrt\u00e4gige Wanderfahrt zusammen mit der\nSenioren-Union f\u00fchrte in den Th\u00fcringer Wald mit Standquartier Suhl. Der\nBienenwagen in der Streuobstwiese wurde eingeweiht, die Wildblumenwiese neu\neinges\u00e4t, Nistk\u00e4sten wurden \u00fcberpr\u00fcft, der Baum des Jahres gepflanzt. Die\nArbeit an der Gewinnung von Strom mit Hilfe der Wasserkraft ging weiter.\nGepflegt wurden die Kulturg\u00fcter Volkslied und plattdeutsche Sprache. Das\nHeimathaus Feldm\u00fchle wird zur Vermietung sehr gut nachgefragt. Der Heimatverein\nist Mitglied im Nieders\u00e4chsischen Heimatbund, dem Wiehengebirgsverband\nWeser-Ems und dem Kreisheimatbund Bersenbr\u00fcck sowie weiteren \u00fcberregionalen\nVerb\u00e4nden, an deren Veranstaltungen wurde gern teilgenommen. Abschlie\u00dfend\nbedankte sich der Vorsitzende f\u00fcr die Unterst\u00fctzung durch die Mitglieder,\nbesonders aber durch den gesamten Vorstand. Das Jahresprogramm 2019 liegt als\nFaltblatt vor.<\/p>\n\n\n\n<p>Bei\nden anstehenden Wahlen zum Vorstand standen Alois K\u00fcthe und Franz Wellmann\nnicht mehr zur Verf\u00fcgung. Unter dem Beifall der Versammlung wurde Alois K\u00fcthe\nzum Ehrenmitglied ernannt. Er hatte ma\u00dfgeblich an dem Wiederaufbau des\nHeimathauses Feldm\u00fchle mitgewirkt, es mehrere Jahrzehnte als Hausmeister\ngepflegt und vermietet. Franz Wellmann wurde f\u00fcr seine langj\u00e4hrige T\u00e4tigkeit\nals stellvertretender Gesch\u00e4ftsf\u00fchrer gedankt. Neu in dieser Funktion wurde\nChristoph Markus gew\u00e4hlt, berufen in den Vorstand wurde weiter Karl Mertens.\nAls Kassenpr\u00fcfer schied nach langj\u00e4hriger T\u00e4tigkeit Klaus-Peter Sch\u00f6nauer aus,\ner erhielt die silberne Ehrennadel des Vereins. Neu als Kassepr\u00fcfer wurde\nReinhard Schr\u00f6der gew\u00e4hlt, Brigitte Parske bleibt Kassenpr\u00fcferin.<\/p>\n\n\n\n<p>Nach\nden Regularien hielt Bernhard Mecklenfeld unter dem Motto \u201eBersenbr\u00fcck im\nWandel der Zeit\u201c einen viel beachteten Bildervortrag. Er hatte Fotos aus\nvergangener Zeit heutigen Ansichten gegen\u00fcber gestellt, \u00e4hnlich wie es&nbsp; beim Heimatkalender des Vereins der Fall ist.\nAnhand der Fotos konnte man die \u00fcberaus positive Entwicklung der Stadt nach verfolgen,\ndas Verschwinden gewohnter Ansichten l\u00f6ste aber auch Wehmut aus. Auf jeden Fall\nist das gesammelte Material des Vortragenden f\u00fcr sp\u00e4ter eine wichtige\nhistorische Quelle f\u00fcr nachfolgende Generationen, gro\u00dfer Beifall dankte dem\nReferenten.<\/p>\n","protected":false},"excerpt":{"rendered":"<p>Alois K\u00fcthe ist nun Ehrenmitglied im Heimatverein Bersenbr\u00fcck Die diesj\u00e4hrige turnusm\u00e4\u00dfige Jahreshauptversammlung des Heimatvereins Bersenbr\u00fcck fand im Heimathaus Feldm\u00fchle statt, Vorsitzender Franz Buitmann freute sich \u00fcber eine trotz weiterer Termine in der Stadt doch recht gute Beteiligung. Neben den Rechenschaftsberichten standen Wahlen und Ehrungen im Mittelpunkt der Versammlung. Der Jahresbericht des Vorsitzenden erfolgte wieder unter Veranschaulichung durch zahlreiche Fotos von <a class=\"more-link\" href=\"https:\/\/heimatvereinbersenbrueck.de\/wordpress\/jahreshauptversammlung-des-heimatvereins\/\">&lt;weiterlesen&#8230;<\/a><\/p>\n","protected":false},"author":4,"featured_media":1200,"comment_status":"closed","ping_status":"closed","sticky":false,"template":"","format":"standard","meta":{"pgc_sgb_lightbox_settings":"","_EventAllDay":false,"_EventTimezone":"","_EventStartDate":"","_EventEndDate":"","_EventStartDateUTC":"","_EventEndDateUTC":"","_EventShowMap":false,"_EventShowMapLink":false,"_EventURL":"","_EventCost":"","_EventCostDescription":"","_EventCurrencySymbol":"","_EventCurrencyCode":"","_EventCurrencyPosition":"","_EventDateTimeSeparator":"","_EventTimeRangeSeparator":"","_EventOrganizerID":[],"_EventVenueID":[],"_OrganizerEmail":"","_OrganizerPhone":"","_OrganizerWebsite":"","_VenueAddress":"","_VenueCity":"","_VenueCountry":"","_VenueProvince":"","_VenueState":"","_VenueZip":"","_VenuePhone":"","_VenueURL":"","_VenueStateProvince":"","_VenueLat":"","_VenueLng":"","_VenueShowMap":false,"_VenueShowMapLink":false,"footnotes":""},"categories":[33,60,1],"tags":[],"class_list":["post-1199","post","type-post","status-publish","format-standard","has-post-thumbnail","hentry","category-33","category-jahreshauptversammlung","category-allgemein"],"_links":{"self":[{"href":"https:\/\/heimatvereinbersenbrueck.de\/wordpress\/wp-json\/wp\/v2\/posts\/1199","targetHints":{"allow":["GET"]}}],"collection":[{"href":"https:\/\/heimatvereinbersenbrueck.de\/wordpress\/wp-json\/wp\/v2\/posts"}],"about":[{"href":"https:\/\/heimatvereinbersenbrueck.de\/wordpress\/wp-json\/wp\/v2\/types\/post"}],"author":[{"embeddable":true,"href":"https:\/\/heimatvereinbersenbrueck.de\/wordpress\/wp-json\/wp\/v2\/users\/4"}],"replies":[{"embeddable":true,"href":"https:\/\/heimatvereinbersenbrueck.de\/wordpress\/wp-json\/wp\/v2\/comments?post=1199"}],"version-history":[{"count":1,"href":"https:\/\/heimatvereinbersenbrueck.de\/wordpress\/wp-json\/wp\/v2\/posts\/1199\/revisions"}],"predecessor-version":[{"id":1201,"href":"https:\/\/heimatvereinbersenbrueck.de\/wordpress\/wp-json\/wp\/v2\/posts\/1199\/revisions\/1201"}],"wp:featuredmedia":[{"embeddable":true,"href":"https:\/\/heimatvereinbersenbrueck.de\/wordpress\/wp-json\/wp\/v2\/media\/1200"}],"wp:attachment":[{"href":"https:\/\/heimatvereinbersenbrueck.de\/wordpress\/wp-json\/wp\/v2\/media?parent=1199"}],"wp:term":[{"taxonomy":"category","embeddable":true,"href":"https:\/\/heimatvereinbersenbrueck.de\/wordpress\/wp-json\/wp\/v2\/categories?post=1199"},{"taxonomy":"post_tag","embeddable":true,"href":"https:\/\/heimatvereinbersenbrueck.de\/wordpress\/wp-json\/wp\/v2\/tags?post=1199"}],"curies":[{"name":"wp","href":"https:\/\/api.w.org\/{rel}","templated":true}]}}