{"id":1259,"date":"2020-08-29T09:19:00","date_gmt":"2020-08-29T07:19:00","guid":{"rendered":"http:\/\/heimatvereinbersenbrueck.de\/wordpress\/?p=1259"},"modified":"2024-11-30T09:53:59","modified_gmt":"2024-11-30T08:53:59","slug":"heimatverein-bersenbrueck-stellte-im-stadtwald-freude-weitere-ruhebaenke-auf-reparatur-des-wasserrades-am-heimathaus-feldmuehle","status":"publish","type":"post","link":"https:\/\/heimatvereinbersenbrueck.de\/wordpress\/heimatverein-bersenbrueck-stellte-im-stadtwald-freude-weitere-ruhebaenke-auf-reparatur-des-wasserrades-am-heimathaus-feldmuehle\/","title":{"rendered":"Heimatverein Bersenbr\u00fcck stellte im Stadtwald \u201eFreude\u201c weitere Ruheb\u00e4nke auf \u2013 Reparatur des Wasserrades am Heimathaus Feldm\u00fchle"},"content":{"rendered":"\n<p>Der Heimatverein Bersenbr\u00fcck unterh\u00e4lt drei Rundwanderwege im Bereich der Stadt Bersenbr\u00fcck, den M\u00fchlenweg, den Stadtteile-Weg und den Bauern-Landweg. Sie alle k\u00f6nnen ihren Ausgangspunkt am Heimathaus Feldm\u00fchle nehmen und auch dort wieder enden. Alle drei Wege ber\u00fchren den Stadtwald \u201eFreude\u201c, in dem eine Reihe von Wander- und Spazierwegen zur Erholung einladen. An mehreren Stellen sind Ruheb\u00e4nke aufgestellt, \u00e4ltere wurden k\u00fcrzlich durch Vorstandsmitglieder des Heimatvereins repariert, vor einigen Jahren stellte der Heimatverein drei eigene Ruheb\u00e4nke auf.<\/p>\n\n\n\n<p>In Zeiten der Corona-Pandemie nutzen alle die, die nicht verreisen, verst\u00e4rkt Erholungsm\u00f6glichkeiten vor Ort. So werden auch die Wege in der \u201eFreude\u201c gerne aufgesucht. Von diesen Nutzern wurde die Anregung an den Heimatverein herangetragen, weitere Ruheb\u00e4nke aufzustellen. Der Vorstand kam dabei auf die Idee, zwei B\u00e4nke, die anl\u00e4sslich eines Jubil\u00e4ums vom Heimatkreis Greifenhagen\/Pommern&nbsp; gestiftet worden waren, in der \u201eFreude\u201c aufzustellen. Sie lagerten bisher in der Remise am Heimathaus und fanden nur selten Anwendung.<\/p>\n\n\n\n<p>Nach R\u00fccksprache mit der Leiterin des Forstamtes Ankum, Anne Wittenberg, wurden zwei geeignete Pl\u00e4tze ausgesucht. Beide B\u00e4nke sind inzwischen aufgestellt, unser Foto zeigt die Vorstandsmitglieder Manfred Kalmlage und Karl Mertens bei der Umsetzung des Projektes. Der Heimatverein hofft, dass die B\u00e4nke nicht durch Vandalismus besch\u00e4digt werden und bittet alle Besucher der \u201eFreude\u201c, ein wachsames Auge zu haben.<\/p>\n\n\n\n<p>Das Wasserrad am Heimathaus Feldm\u00fchle ist aus Holz und bedarf immer wieder einer mehr oder weniger gro\u00dfen Reparatur, auch das Lager des Rades muss von Zeit zu Zeit ausgewechselt werden. So war es auch jetzt wieder, Vorstandsmitglieder des Heimatvereins mit Unterst\u00fctzung eines Fachmanns brachten das Rad wieder in Schwung. Dies war auch eine Voraussetzung f\u00fcr das Projekt\u00a0 Stromerzeugung im Heimathaus, das wieder ein ganzes St\u00fcck vorangekommen ist.<\/p>\n\n\n\n<figure class=\"wp-block-image size-large\"><a href=\"http:\/\/heimatvereinbersenbrueck.de\/wordpress\/wp-content\/uploads\/2020\/12\/grafik.png\"><img loading=\"lazy\" decoding=\"async\" width=\"940\" height=\"527\" src=\"http:\/\/heimatvereinbersenbrueck.de\/wordpress\/wp-content\/uploads\/2020\/12\/grafik-940x527.png\" alt=\"\" class=\"wp-image-1260\" srcset=\"https:\/\/heimatvereinbersenbrueck.de\/wordpress\/wp-content\/uploads\/2020\/12\/grafik-940x527.png 940w, https:\/\/heimatvereinbersenbrueck.de\/wordpress\/wp-content\/uploads\/2020\/12\/grafik-620x348.png 620w, https:\/\/heimatvereinbersenbrueck.de\/wordpress\/wp-content\/uploads\/2020\/12\/grafik-768x431.png 768w, https:\/\/heimatvereinbersenbrueck.de\/wordpress\/wp-content\/uploads\/2020\/12\/grafik-1536x861.png 1536w, https:\/\/heimatvereinbersenbrueck.de\/wordpress\/wp-content\/uploads\/2020\/12\/grafik.png 1655w\" sizes=\"auto, (max-width: 940px) 100vw, 940px\" \/><\/a><\/figure>\n\n\n\n<figure class=\"wp-block-image size-large\"><a href=\"http:\/\/heimatvereinbersenbrueck.de\/wordpress\/wp-content\/uploads\/2020\/12\/grafik-1.png\"><img loading=\"lazy\" decoding=\"async\" width=\"940\" height=\"626\" src=\"http:\/\/heimatvereinbersenbrueck.de\/wordpress\/wp-content\/uploads\/2020\/12\/grafik-1-940x626.png\" alt=\"\" class=\"wp-image-1261\" srcset=\"https:\/\/heimatvereinbersenbrueck.de\/wordpress\/wp-content\/uploads\/2020\/12\/grafik-1-940x626.png 940w, https:\/\/heimatvereinbersenbrueck.de\/wordpress\/wp-content\/uploads\/2020\/12\/grafik-1-620x413.png 620w, https:\/\/heimatvereinbersenbrueck.de\/wordpress\/wp-content\/uploads\/2020\/12\/grafik-1-768x512.png 768w, https:\/\/heimatvereinbersenbrueck.de\/wordpress\/wp-content\/uploads\/2020\/12\/grafik-1.png 1393w\" sizes=\"auto, (max-width: 940px) 100vw, 940px\" \/><\/a><\/figure>\n\n\n\n<p><\/p>\n","protected":false},"excerpt":{"rendered":"<p>Der Heimatverein Bersenbr\u00fcck unterh\u00e4lt drei Rundwanderwege im Bereich der Stadt Bersenbr\u00fcck, den M\u00fchlenweg, den Stadtteile-Weg und den Bauern-Landweg. Sie alle k\u00f6nnen ihren Ausgangspunkt am Heimathaus Feldm\u00fchle nehmen und auch dort wieder enden. Alle drei Wege ber\u00fchren den Stadtwald \u201eFreude\u201c, in dem eine Reihe von Wander- und Spazierwegen zur Erholung einladen. An mehreren Stellen sind Ruheb\u00e4nke aufgestellt, \u00e4ltere wurden k\u00fcrzlich durch <a class=\"more-link\" href=\"https:\/\/heimatvereinbersenbrueck.de\/wordpress\/heimatverein-bersenbrueck-stellte-im-stadtwald-freude-weitere-ruhebaenke-auf-reparatur-des-wasserrades-am-heimathaus-feldmuehle\/\">&lt;weiterlesen&#8230;<\/a><\/p>\n","protected":false},"author":4,"featured_media":1261,"comment_status":"closed","ping_status":"closed","sticky":false,"template":"","format":"standard","meta":{"pgc_sgb_lightbox_settings":"","_EventAllDay":false,"_EventTimezone":"","_EventStartDate":"","_EventEndDate":"","_EventStartDateUTC":"","_EventEndDateUTC":"","_EventShowMap":false,"_EventShowMapLink":false,"_EventURL":"","_EventCost":"","_EventCostDescription":"","_EventCurrencySymbol":"","_EventCurrencyCode":"","_EventCurrencyPosition":"","_EventDateTimeSeparator":"","_EventTimeRangeSeparator":"","_EventOrganizerID":[],"_EventVenueID":[],"_OrganizerEmail":"","_OrganizerPhone":"","_OrganizerWebsite":"","_VenueAddress":"","_VenueCity":"","_VenueCountry":"","_VenueProvince":"","_VenueState":"","_VenueZip":"","_VenuePhone":"","_VenueURL":"","_VenueStateProvince":"","_VenueLat":"","_VenueLng":"","_VenueShowMap":false,"_VenueShowMapLink":false,"footnotes":""},"categories":[32,55,1],"tags":[],"class_list":["post-1259","post","type-post","status-publish","format-standard","has-post-thumbnail","hentry","category-32","category-naturschutzaktionen","category-allgemein"],"_links":{"self":[{"href":"https:\/\/heimatvereinbersenbrueck.de\/wordpress\/wp-json\/wp\/v2\/posts\/1259","targetHints":{"allow":["GET"]}}],"collection":[{"href":"https:\/\/heimatvereinbersenbrueck.de\/wordpress\/wp-json\/wp\/v2\/posts"}],"about":[{"href":"https:\/\/heimatvereinbersenbrueck.de\/wordpress\/wp-json\/wp\/v2\/types\/post"}],"author":[{"embeddable":true,"href":"https:\/\/heimatvereinbersenbrueck.de\/wordpress\/wp-json\/wp\/v2\/users\/4"}],"replies":[{"embeddable":true,"href":"https:\/\/heimatvereinbersenbrueck.de\/wordpress\/wp-json\/wp\/v2\/comments?post=1259"}],"version-history":[{"count":1,"href":"https:\/\/heimatvereinbersenbrueck.de\/wordpress\/wp-json\/wp\/v2\/posts\/1259\/revisions"}],"predecessor-version":[{"id":1262,"href":"https:\/\/heimatvereinbersenbrueck.de\/wordpress\/wp-json\/wp\/v2\/posts\/1259\/revisions\/1262"}],"wp:featuredmedia":[{"embeddable":true,"href":"https:\/\/heimatvereinbersenbrueck.de\/wordpress\/wp-json\/wp\/v2\/media\/1261"}],"wp:attachment":[{"href":"https:\/\/heimatvereinbersenbrueck.de\/wordpress\/wp-json\/wp\/v2\/media?parent=1259"}],"wp:term":[{"taxonomy":"category","embeddable":true,"href":"https:\/\/heimatvereinbersenbrueck.de\/wordpress\/wp-json\/wp\/v2\/categories?post=1259"},{"taxonomy":"post_tag","embeddable":true,"href":"https:\/\/heimatvereinbersenbrueck.de\/wordpress\/wp-json\/wp\/v2\/tags?post=1259"}],"curies":[{"name":"wp","href":"https:\/\/api.w.org\/{rel}","templated":true}]}}