{"id":1272,"date":"2020-11-29T09:27:00","date_gmt":"2020-11-29T08:27:00","guid":{"rendered":"http:\/\/heimatvereinbersenbrueck.de\/wordpress\/?p=1272"},"modified":"2024-11-27T08:17:42","modified_gmt":"2024-11-27T07:17:42","slug":"heimatverein-bersenbrueck-stellte-seinen-neuen-heimat-kalender-2021-der-oeffentlichkeit-vor","status":"publish","type":"post","link":"https:\/\/heimatvereinbersenbrueck.de\/wordpress\/heimatverein-bersenbrueck-stellte-seinen-neuen-heimat-kalender-2021-der-oeffentlichkeit-vor\/","title":{"rendered":"Heimatverein Bersenbr\u00fcck stellte seinen neuen Heimat-Kalender 2021 der \u00d6ffentlichkeit vor"},"content":{"rendered":"\n<p>Schon vor Wochen gab es erste Anfragen aus der Bersenbr\u00fccker Bev\u00f6lkerung, ob der Heimatverein auch f\u00fcr das kommende Jahr einen Heimat-Kalender herausgeben w\u00fcrde. Nun ist es Gewissheit, der neue Heimat-Kalender 2021, wieder unter dem Motto \u201eMein Bersenbr\u00fcck \u2013 Gestern und Heute\u201c, ist fertig gestellt und wurde der \u00d6ffentlichkeit vorgestellt. Der Bildkalender kostet nach wie vor zehn Euro und ist in der Buchhandlung B\u00fccherwelt, im Gesch\u00e4ft Kolde-Weissmann und in der Buchhandlung Robert Meyer sowie beim Heimatverein Bersenbr\u00fcck erh\u00e4ltlich. Neben den historischen und aktuellen Fotos mit Texten ist auch das Jahresprogramm 2021 des Heimatvereins Bersenbr\u00fcck angegeben.<\/p>\n\n\n\n<p>Bei der Vorstellung betonte B\u00fcrgermeister Christian Kl\u00fctsch, der Heimat-Kalender werde jedes Jahr mit gro\u00dfer Spannung erwartet. Er stelle die Stadt in Vergangenheit und Gegenwart vor, damit sei er auch f\u00fcr sp\u00e4tere Zeiten ein bedeutsames Dokument, der Kalender werde deshalb auch nicht nach Ablauf des Jahres weggeworfen, sondern regelm\u00e4\u00dfig gesammelt. Die Fotos und Texte zeigten, wie sich die Stadt in den Jahrzehnten ver\u00e4ndert habe, etliche auf den Fotos abgebildete Pers\u00f6nlichkeiten gestalteten die Stadt mit. Der B\u00fcrgermeister dankte dem Redaktionsteam mit Franz Buitmann, Manfred Kalmlage, Gerd K\u00f6nig, Bernhard Mecklenfeld und Hermann Sattinger f\u00fcr die Flei\u00dfarbeit, es sei viel Arbeit und Zeit investiert worden, ein Dank gehe auch an die Druckerei Kuper in Alfhausen, die den Kalender p\u00fcnktlich und in hoher Qualit\u00e4t ablieferte. Dem Heimat-Kalender sei eine gro\u00dfe Verbreitung zu w\u00fcnschen.<\/p>\n\n\n\n<p>&nbsp;Der Vorsitzende des Heimatvereins, Franz Buitmann, stellte den Inhalt des neuen Heimat-Kalenders vor. Wie in jedem Jahr habe auch dieses Mal die Redaktion wieder einen \u201eroten Faden\u201c f\u00fcr die einzelnen Seiten gefunden. Vorgestellt werden in Bild und Wort die regelm\u00e4\u00dfig wiederkehrenden Veranstaltungen und Feste in der Stadt. Die Redaktion habe sich daf\u00fcr entschieden, auf den einzelnen Seiten mehrere Fotos mit Erl\u00e4uterungen zu platzieren, um die Vielfalt der jeweiligen Veranstaltungen und Feste zu zeigen. Neben dem Archiv des Heimatvereins habe man auch private Archive nutzen k\u00f6nnen, daf\u00fcr sei besonderer Dank zu sagen.<\/p>\n\n\n\n<p>Die Titelseite zeigt das Kirmesgeschehen fr\u00fcher und heute, hier wird die Ver\u00e4nderung besonders deutlich. Die einzelnen Kalenderseiten ber\u00fccksichtigen auch die einzelnen Jahreszeiten, so sind f\u00fcr Januar der Winter und die Sternsinger ein Thema. Im Februar spielt der Karneval eine gro\u00dfe Rolle, allerdings ist die Bersenbr\u00fccker Karnevalsgesellschaft inzwischen Geschichte. Auch das Zirkusgeschehen des Monats M\u00e4rz, fr\u00fcher in Bersenbr\u00fcck regelm\u00e4\u00dfig zu finden, ist Vergangenheit. Daf\u00fcr ist die Kirmes, im Monat April dargestellt, sehr aktuell. Das Aufstellen des Maibaums durch den Heimatverein im April, die Sch\u00fctzenfeste der \u201eDrei Burskupper\u201c im Juni und des Sch\u00fctzenvereins von 1850 im Juli sind Tradition. Die 800-Jahrfeier Bersenbr\u00fccks im n\u00e4chsten Jahr erw\u00e4hnt der Monat August. Pfarrfest und Gemeindefest der katholischen und evangelischen Kirchengemeinde finden sich im Monat September, Automobilausstellung und Kartoffelmarkt sind dem Monat Oktober vorbehalten. Der Volkstrauertag im November und das Nikolaus und Weihnachtsgeschehen im Dezember beschlie\u00dfen die Kalenderseiten.<\/p>\n\n\n\n<p><\/p>\n\n\n\n<figure class=\"wp-block-image size-large\"><a href=\"http:\/\/heimatvereinbersenbrueck.de\/wordpress\/wp-content\/uploads\/2020\/12\/grafik-5.png\"><img loading=\"lazy\" decoding=\"async\" width=\"940\" height=\"678\" src=\"http:\/\/heimatvereinbersenbrueck.de\/wordpress\/wp-content\/uploads\/2020\/12\/grafik-5-940x678.png\" alt=\"\" class=\"wp-image-1273\" srcset=\"https:\/\/heimatvereinbersenbrueck.de\/wordpress\/wp-content\/uploads\/2020\/12\/grafik-5-940x678.png 940w, https:\/\/heimatvereinbersenbrueck.de\/wordpress\/wp-content\/uploads\/2020\/12\/grafik-5-620x447.png 620w, https:\/\/heimatvereinbersenbrueck.de\/wordpress\/wp-content\/uploads\/2020\/12\/grafik-5-768x554.png 768w, https:\/\/heimatvereinbersenbrueck.de\/wordpress\/wp-content\/uploads\/2020\/12\/grafik-5.png 1281w\" sizes=\"auto, (max-width: 940px) 100vw, 940px\" \/><\/a><\/figure>\n","protected":false},"excerpt":{"rendered":"<p>Schon vor Wochen gab es erste Anfragen aus der Bersenbr\u00fccker Bev\u00f6lkerung, ob der Heimatverein auch f\u00fcr das kommende Jahr einen Heimat-Kalender herausgeben w\u00fcrde. Nun ist es Gewissheit, der neue Heimat-Kalender 2021, wieder unter dem Motto \u201eMein Bersenbr\u00fcck \u2013 Gestern und Heute\u201c, ist fertig gestellt und wurde der \u00d6ffentlichkeit vorgestellt. Der Bildkalender kostet nach wie vor zehn Euro und ist in <a class=\"more-link\" href=\"https:\/\/heimatvereinbersenbrueck.de\/wordpress\/heimatverein-bersenbrueck-stellte-seinen-neuen-heimat-kalender-2021-der-oeffentlichkeit-vor\/\">&lt;weiterlesen&#8230;<\/a><\/p>\n","protected":false},"author":4,"featured_media":1273,"comment_status":"closed","ping_status":"closed","sticky":false,"template":"","format":"standard","meta":{"pgc_sgb_lightbox_settings":"","_EventAllDay":false,"_EventTimezone":"","_EventStartDate":"","_EventEndDate":"","_EventStartDateUTC":"","_EventEndDateUTC":"","_EventShowMap":false,"_EventShowMapLink":false,"_EventURL":"","_EventCost":"","_EventCostDescription":"","_EventCurrencySymbol":"","_EventCurrencyCode":"","_EventCurrencyPosition":"","_EventDateTimeSeparator":"","_EventTimeRangeSeparator":"","_EventOrganizerID":[],"_EventVenueID":[],"_OrganizerEmail":"","_OrganizerPhone":"","_OrganizerWebsite":"","_VenueAddress":"","_VenueCity":"","_VenueCountry":"","_VenueProvince":"","_VenueState":"","_VenueZip":"","_VenuePhone":"","_VenueURL":"","_VenueStateProvince":"","_VenueLat":"","_VenueLng":"","_VenueShowMap":false,"_VenueShowMapLink":false,"footnotes":""},"categories":[32,58,1],"tags":[],"class_list":["post-1272","post","type-post","status-publish","format-standard","has-post-thumbnail","hentry","category-32","category-heimatkalender","category-allgemein"],"_links":{"self":[{"href":"https:\/\/heimatvereinbersenbrueck.de\/wordpress\/wp-json\/wp\/v2\/posts\/1272","targetHints":{"allow":["GET"]}}],"collection":[{"href":"https:\/\/heimatvereinbersenbrueck.de\/wordpress\/wp-json\/wp\/v2\/posts"}],"about":[{"href":"https:\/\/heimatvereinbersenbrueck.de\/wordpress\/wp-json\/wp\/v2\/types\/post"}],"author":[{"embeddable":true,"href":"https:\/\/heimatvereinbersenbrueck.de\/wordpress\/wp-json\/wp\/v2\/users\/4"}],"replies":[{"embeddable":true,"href":"https:\/\/heimatvereinbersenbrueck.de\/wordpress\/wp-json\/wp\/v2\/comments?post=1272"}],"version-history":[{"count":1,"href":"https:\/\/heimatvereinbersenbrueck.de\/wordpress\/wp-json\/wp\/v2\/posts\/1272\/revisions"}],"predecessor-version":[{"id":1274,"href":"https:\/\/heimatvereinbersenbrueck.de\/wordpress\/wp-json\/wp\/v2\/posts\/1272\/revisions\/1274"}],"wp:featuredmedia":[{"embeddable":true,"href":"https:\/\/heimatvereinbersenbrueck.de\/wordpress\/wp-json\/wp\/v2\/media\/1273"}],"wp:attachment":[{"href":"https:\/\/heimatvereinbersenbrueck.de\/wordpress\/wp-json\/wp\/v2\/media?parent=1272"}],"wp:term":[{"taxonomy":"category","embeddable":true,"href":"https:\/\/heimatvereinbersenbrueck.de\/wordpress\/wp-json\/wp\/v2\/categories?post=1272"},{"taxonomy":"post_tag","embeddable":true,"href":"https:\/\/heimatvereinbersenbrueck.de\/wordpress\/wp-json\/wp\/v2\/tags?post=1272"}],"curies":[{"name":"wp","href":"https:\/\/api.w.org\/{rel}","templated":true}]}}