{"id":1302,"date":"2021-12-13T08:56:52","date_gmt":"2021-12-13T07:56:52","guid":{"rendered":"http:\/\/heimatvereinbersenbrueck.de\/wordpress\/?p=1302"},"modified":"2024-11-30T10:03:26","modified_gmt":"2024-11-30T09:03:26","slug":"bersenbruecker-pflanzen-baum-des-jahres-2021","status":"publish","type":"post","link":"https:\/\/heimatvereinbersenbrueck.de\/wordpress\/bersenbruecker-pflanzen-baum-des-jahres-2021\/","title":{"rendered":"Bersenbr\u00fccker pflanzen Baum des Jahres 2021"},"content":{"rendered":"\n<p><\/p>\n\n\n\n<p>Vertreter der Stadt Bersenbr\u00fcck und des Heimatvereins haben jetzt den Baum des Jahres 2021, eine europ\u00e4ische Stechpalme, auf dem Gel\u00e4nde am Feldm\u00fchlenteich gepflanzt, wo bereits seit 2010 die Jahresb\u00e4ume gepflanzt werden. B\u00fcrgermeister Christian Kl\u00fctsch betonte bei der nachhaltigen Aktion, dass aufgrund der Pflege durch den Heimatverein in den vergangenen 11 Jahren die bislang gepflanzten B\u00e4ume sich sehr gut entwickelt h\u00e4tten. Aufgrund der beeindruckenden Entwicklung dieser Artenvielfalt von B\u00e4umen w\u00e4re es an der Zeit, dass ein Hinweisschild beim Heimathaus auf diese Baumsammlung aufgestellt w\u00fcrde.<\/p>\n\n\n\n<p>Die W\u00e4rme liebende Stechpalme, auch besser bekannt als Ilex oder H\u00fclsebusch, gibt es schon seit zirka zwei Millionen Jahre auf diesem Kontinent. Damit es diesem immergr\u00fcnen Laubbaum gut geht, d\u00fcrfen die Winter nicht zu kalt und die Sommer nicht zu trocken sein. Mit Palmen ist die Stechpalme allerdings nicht verwandt. Dieser Namensteil geht auf die Tradition zur\u00fcck, am Palmsonntag ihre immergr\u00fcnen Zweige dort zu nutzen, wo es keine Palmen gibt. Bl\u00fcten und Fr\u00fcchte des Baumes sind Nahrungsquelle etwa f\u00fcr V\u00f6gel, Bienen und Hummeln. F\u00fcr Menschen ist die Pflanze allerdings giftig. Im st\u00e4dtischen Raum und zur Gartengestaltung bietet sich dieses Geh\u00f6lz besonders an, da es schnittfest und unempfindlich gegen Rauch ist. Die Stechpalme ist eine sch\u00f6ne und \u00f6kologisch sinnvolle Alternative zu anderen nicht heimischen Nadelgeh\u00f6lzen.<\/p>\n\n\n\n<p>Franz Buitmann vom Heimatvertein betonte, dass man nicht nur die Pflege der Natur in der Satzung stehen habe, sondern es w\u00fcrde auch praktisch viel umgesetzt. Weiter erl\u00e4uterte er kurz die vielf\u00e4ltige Flora des weitl\u00e4ufigen Gel\u00e4ndes mit Teich, Wiese und B\u00e4umen beim Bersenbr\u00fccker Heimathaus.<\/p>\n\n\n\n<p>Mit der Streuobstwiese sei angefangen worden und seit 2010 w\u00fcrden die B\u00e4ume des Jahres hier aufgestellt. Was 1992 als einmalige Aktion erfolgte, hat sich aufgrund der erfreulicherweise konstant hohen Nachfrage zu einem j\u00e4hrlichen Brauch der Naturschutzstiftung des Landkreises Osnabr\u00fcck entwickelt. Seit 29 Jahren schenkt die Stiftung den St\u00e4dten und Gemeinden des Landkreises Osnabr\u00fcck jedes Jahr einen Baum des Jahres. Pro Jahr werden \u00fcber diese Aktion zirka 60 bis 70 stattliche Exemplare gepflanzt. Vor dem Baum steht noch ein Pfahl mit dem Baumnamen auf einer Plakette, was eine gute Information f\u00fcr Interessierte ist.<\/p>\n\n\n\n<p>Text\/Foto Reinhard Rehkamp<\/p>\n\n\n\n<figure class=\"wp-block-image size-large\"><a href=\"http:\/\/heimatvereinbersenbrueck.de\/wordpress\/wp-content\/uploads\/2021\/12\/Stechpalme-Baum-des-Jahres-2021.Foto-Reinhard-Rehkamp-scaled.jpg\"><img loading=\"lazy\" decoding=\"async\" width=\"940\" height=\"627\" src=\"http:\/\/heimatvereinbersenbrueck.de\/wordpress\/wp-content\/uploads\/2021\/12\/Stechpalme-Baum-des-Jahres-2021.Foto-Reinhard-Rehkamp-940x627.jpg\" alt=\"\" class=\"wp-image-1303\" srcset=\"https:\/\/heimatvereinbersenbrueck.de\/wordpress\/wp-content\/uploads\/2021\/12\/Stechpalme-Baum-des-Jahres-2021.Foto-Reinhard-Rehkamp-940x627.jpg 940w, https:\/\/heimatvereinbersenbrueck.de\/wordpress\/wp-content\/uploads\/2021\/12\/Stechpalme-Baum-des-Jahres-2021.Foto-Reinhard-Rehkamp-620x414.jpg 620w, https:\/\/heimatvereinbersenbrueck.de\/wordpress\/wp-content\/uploads\/2021\/12\/Stechpalme-Baum-des-Jahres-2021.Foto-Reinhard-Rehkamp-768x513.jpg 768w, https:\/\/heimatvereinbersenbrueck.de\/wordpress\/wp-content\/uploads\/2021\/12\/Stechpalme-Baum-des-Jahres-2021.Foto-Reinhard-Rehkamp-1536x1025.jpg 1536w, https:\/\/heimatvereinbersenbrueck.de\/wordpress\/wp-content\/uploads\/2021\/12\/Stechpalme-Baum-des-Jahres-2021.Foto-Reinhard-Rehkamp-2048x1367.jpg 2048w\" sizes=\"auto, (max-width: 940px) 100vw, 940px\" \/><\/a><\/figure>\n","protected":false},"excerpt":{"rendered":"<p>Vertreter der Stadt Bersenbr\u00fcck und des Heimatvereins haben jetzt den Baum des Jahres 2021, eine europ\u00e4ische Stechpalme, auf dem Gel\u00e4nde am Feldm\u00fchlenteich gepflanzt, wo bereits seit 2010 die Jahresb\u00e4ume gepflanzt werden. B\u00fcrgermeister Christian Kl\u00fctsch betonte bei der nachhaltigen Aktion, dass aufgrund der Pflege durch den Heimatverein in den vergangenen 11 Jahren die bislang gepflanzten B\u00e4ume sich sehr gut entwickelt h\u00e4tten. <a class=\"more-link\" href=\"https:\/\/heimatvereinbersenbrueck.de\/wordpress\/bersenbruecker-pflanzen-baum-des-jahres-2021\/\">&lt;weiterlesen&#8230;<\/a><\/p>\n","protected":false},"author":4,"featured_media":1303,"comment_status":"closed","ping_status":"closed","sticky":false,"template":"","format":"standard","meta":{"pgc_sgb_lightbox_settings":"","_EventAllDay":false,"_EventTimezone":"","_EventStartDate":"","_EventEndDate":"","_EventStartDateUTC":"","_EventEndDateUTC":"","_EventShowMap":false,"_EventShowMapLink":false,"_EventURL":"","_EventCost":"","_EventCostDescription":"","_EventCurrencySymbol":"","_EventCurrencyCode":"","_EventCurrencyPosition":"","_EventDateTimeSeparator":"","_EventTimeRangeSeparator":"","_EventOrganizerID":[],"_EventVenueID":[],"_OrganizerEmail":"","_OrganizerPhone":"","_OrganizerWebsite":"","_VenueAddress":"","_VenueCity":"","_VenueCountry":"","_VenueProvince":"","_VenueState":"","_VenueZip":"","_VenuePhone":"","_VenueURL":"","_VenueStateProvince":"","_VenueLat":"","_VenueLng":"","_VenueShowMap":false,"_VenueShowMapLink":false,"footnotes":""},"categories":[31,55,1],"tags":[],"class_list":["post-1302","post","type-post","status-publish","format-standard","has-post-thumbnail","hentry","category-31","category-naturschutzaktionen","category-allgemein"],"_links":{"self":[{"href":"https:\/\/heimatvereinbersenbrueck.de\/wordpress\/wp-json\/wp\/v2\/posts\/1302","targetHints":{"allow":["GET"]}}],"collection":[{"href":"https:\/\/heimatvereinbersenbrueck.de\/wordpress\/wp-json\/wp\/v2\/posts"}],"about":[{"href":"https:\/\/heimatvereinbersenbrueck.de\/wordpress\/wp-json\/wp\/v2\/types\/post"}],"author":[{"embeddable":true,"href":"https:\/\/heimatvereinbersenbrueck.de\/wordpress\/wp-json\/wp\/v2\/users\/4"}],"replies":[{"embeddable":true,"href":"https:\/\/heimatvereinbersenbrueck.de\/wordpress\/wp-json\/wp\/v2\/comments?post=1302"}],"version-history":[{"count":1,"href":"https:\/\/heimatvereinbersenbrueck.de\/wordpress\/wp-json\/wp\/v2\/posts\/1302\/revisions"}],"predecessor-version":[{"id":1304,"href":"https:\/\/heimatvereinbersenbrueck.de\/wordpress\/wp-json\/wp\/v2\/posts\/1302\/revisions\/1304"}],"wp:featuredmedia":[{"embeddable":true,"href":"https:\/\/heimatvereinbersenbrueck.de\/wordpress\/wp-json\/wp\/v2\/media\/1303"}],"wp:attachment":[{"href":"https:\/\/heimatvereinbersenbrueck.de\/wordpress\/wp-json\/wp\/v2\/media?parent=1302"}],"wp:term":[{"taxonomy":"category","embeddable":true,"href":"https:\/\/heimatvereinbersenbrueck.de\/wordpress\/wp-json\/wp\/v2\/categories?post=1302"},{"taxonomy":"post_tag","embeddable":true,"href":"https:\/\/heimatvereinbersenbrueck.de\/wordpress\/wp-json\/wp\/v2\/tags?post=1302"}],"curies":[{"name":"wp","href":"https:\/\/api.w.org\/{rel}","templated":true}]}}