{"id":1328,"date":"2022-06-17T09:25:00","date_gmt":"2022-06-17T07:25:00","guid":{"rendered":"https:\/\/heimatvereinbersenbrueck.de\/wordpress\/?p=1328"},"modified":"2024-11-30T10:10:27","modified_gmt":"2024-11-30T09:10:27","slug":"muehlentag-des-heimatvereins-bersenbrueck-fand-wieder-guten-zuspruch","status":"publish","type":"post","link":"https:\/\/heimatvereinbersenbrueck.de\/wordpress\/muehlentag-des-heimatvereins-bersenbrueck-fand-wieder-guten-zuspruch\/","title":{"rendered":"M\u00fchlentag des Heimatvereins Bersenbr\u00fcck fand wieder guten Zuspruch"},"content":{"rendered":"\n<p><\/p>\n\n\n\n<p>Jeweils am Pfingstmontag wird bundesweit zum M\u00fchlentag eingeladen. An diesem Tag stellen sich die Wind- und Wasserm\u00fchlen sowie einige besondere M\u00fchlen dem Publikum vor. Dabei wird die jeweilige M\u00fchlentechnik von Fachleuten erkl\u00e4rt, zum Teil sind die M\u00fchlen auch in Funktion. Zudem gibt es in den M\u00fchlen und im Umfeld ein Rahmenprogramm, das von Aktionen und Ausstellungen bis zu kulinarischen Angeboten reicht.<\/p>\n\n\n\n<p>Gut besucht war der M\u00fchlentag auch beim Heimatverein Bersenbr\u00fcck, der sein Heimathaus Feldm\u00fchle, eine ehemalige M\u00fchle des 1231 gegr\u00fcndeten Zisterzienserinnen-Klosters Bersenbr\u00fcck, ge\u00f6ffnet hatte. Hier gab es im Untergeschoss eine Ausstellung zur Geschichte der M\u00fchle verbunden mit einigen Typen von Hofm\u00fchlen sowie Informationen zur Arbeit des Wasserverbandes Bersenbr\u00fcck, der das Heimathaus tatkr\u00e4ftig unterst\u00fctzt. Auch die im Entstehen begriffene Anlage zur Stromgewinnung vermittelst Wasserkraft konnte besichtigt werden.<\/p>\n\n\n\n<p>Im Obergeschoss war die Dauerausstellung des Heimatvereins zu sehen, wobei besonders die historischen Schul-Wandkarten ins Auge fielen, eine Reihe dieser Karten befindet sich noch im Depot, sie werden nach und nach gezeigt. Auch das Literaturangebot des Vereins wurde gerne in Augenschein genommen. Im B\u00fcro wurden Aufnahmen der historischen \u00d6lm\u00fchle, der \u201eS\u00fcltem\u00fchle\u201c, in Lonnerbecke gezeigt, die erneut saniert werden soll.<\/p>\n\n\n\n<p>Jeweils beim Aufstellen des Maibaums vor dem Heimathaus am Vorabend des ersten Mai kann die H\u00f6he des Baums gesch\u00e4tzt werden, sie betrug in diesem Jahr 12.35 Meter. Diejenigen, die am besten gesch\u00e4tzt hatten, erhielten Preise: Wilma Kemmlage (1. Preis), Dietrich Adam und Bernd Kreiling (2. Und 3. Preis), Barbara Hackmann, Hermann Kemmlage, Gertrud Kreiling, Monika Koopmann, Dorothea van Aubel, J\u00f6rg Kiefer, Otto Dyckhoff, Daniel Welp, Horst Milde und Anne Krusche (4. \u2013 10. Preis). Bei der beliebten Kaffeetafel mit selbst gebackenem Kuchen blieb kein einziges St\u00fcck \u00fcber, beim abschlie\u00dfenden Grillen mit gem\u00fctlichem Beisammensein klang der Tag aus.\u00a0\u00a0\u00a0\u00a0\u00a0\u00a0\u00a0\u00a0\u00a0\u00a0\u00a0\u00a0\u00a0\u00a0\u00a0\u00a0\u00a0<\/p>\n\n\n\n<figure class=\"wp-block-gallery has-nested-images columns-default is-cropped wp-block-gallery-1 is-layout-flex wp-block-gallery-is-layout-flex\">\n<figure class=\"wp-block-image size-large\"><a href=\"https:\/\/heimatvereinbersenbrueck.de\/wordpress\/wp-content\/uploads\/2022\/07\/Muehlentag-HVB-2022-scaled.jpg\"><img loading=\"lazy\" decoding=\"async\" width=\"940\" height=\"705\" data-id=\"1330\" src=\"https:\/\/heimatvereinbersenbrueck.de\/wordpress\/wp-content\/uploads\/2022\/07\/Muehlentag-HVB-2022-940x705.jpg\" alt=\"\" class=\"wp-image-1330\" srcset=\"https:\/\/heimatvereinbersenbrueck.de\/wordpress\/wp-content\/uploads\/2022\/07\/Muehlentag-HVB-2022-940x705.jpg 940w, https:\/\/heimatvereinbersenbrueck.de\/wordpress\/wp-content\/uploads\/2022\/07\/Muehlentag-HVB-2022-620x465.jpg 620w, https:\/\/heimatvereinbersenbrueck.de\/wordpress\/wp-content\/uploads\/2022\/07\/Muehlentag-HVB-2022-768x576.jpg 768w, https:\/\/heimatvereinbersenbrueck.de\/wordpress\/wp-content\/uploads\/2022\/07\/Muehlentag-HVB-2022-1536x1152.jpg 1536w, https:\/\/heimatvereinbersenbrueck.de\/wordpress\/wp-content\/uploads\/2022\/07\/Muehlentag-HVB-2022-2048x1536.jpg 2048w\" sizes=\"auto, (max-width: 940px) 100vw, 940px\" \/><\/a><\/figure>\n\n\n\n<figure class=\"wp-block-image size-large\"><a href=\"https:\/\/heimatvereinbersenbrueck.de\/wordpress\/wp-content\/uploads\/2022\/07\/Muehlentag-HVB-2022-1-scaled.jpg\"><img loading=\"lazy\" decoding=\"async\" width=\"940\" height=\"705\" data-id=\"1329\" src=\"https:\/\/heimatvereinbersenbrueck.de\/wordpress\/wp-content\/uploads\/2022\/07\/Muehlentag-HVB-2022-1-940x705.jpg\" alt=\"\" class=\"wp-image-1329\" srcset=\"https:\/\/heimatvereinbersenbrueck.de\/wordpress\/wp-content\/uploads\/2022\/07\/Muehlentag-HVB-2022-1-940x705.jpg 940w, https:\/\/heimatvereinbersenbrueck.de\/wordpress\/wp-content\/uploads\/2022\/07\/Muehlentag-HVB-2022-1-620x465.jpg 620w, https:\/\/heimatvereinbersenbrueck.de\/wordpress\/wp-content\/uploads\/2022\/07\/Muehlentag-HVB-2022-1-768x576.jpg 768w, https:\/\/heimatvereinbersenbrueck.de\/wordpress\/wp-content\/uploads\/2022\/07\/Muehlentag-HVB-2022-1-1536x1152.jpg 1536w, https:\/\/heimatvereinbersenbrueck.de\/wordpress\/wp-content\/uploads\/2022\/07\/Muehlentag-HVB-2022-1-2048x1536.jpg 2048w\" sizes=\"auto, (max-width: 940px) 100vw, 940px\" \/><\/a><\/figure>\n<\/figure>\n","protected":false},"excerpt":{"rendered":"<p>Jeweils am Pfingstmontag wird bundesweit zum M\u00fchlentag eingeladen. An diesem Tag stellen sich die Wind- und Wasserm\u00fchlen sowie einige besondere M\u00fchlen dem Publikum vor. Dabei wird die jeweilige M\u00fchlentechnik von Fachleuten erkl\u00e4rt, zum Teil sind die M\u00fchlen auch in Funktion. Zudem gibt es in den M\u00fchlen und im Umfeld ein Rahmenprogramm, das von Aktionen und Ausstellungen bis zu kulinarischen Angeboten <a class=\"more-link\" href=\"https:\/\/heimatvereinbersenbrueck.de\/wordpress\/muehlentag-des-heimatvereins-bersenbrueck-fand-wieder-guten-zuspruch\/\">&lt;weiterlesen&#8230;<\/a><\/p>\n","protected":false},"author":4,"featured_media":1330,"comment_status":"closed","ping_status":"closed","sticky":false,"template":"","format":"standard","meta":{"pgc_sgb_lightbox_settings":"","_EventAllDay":false,"_EventTimezone":"","_EventStartDate":"","_EventEndDate":"","_EventStartDateUTC":"","_EventEndDateUTC":"","_EventShowMap":false,"_EventShowMapLink":false,"_EventURL":"","_EventCost":"","_EventCostDescription":"","_EventCurrencySymbol":"","_EventCurrencyCode":"","_EventCurrencyPosition":"","_EventDateTimeSeparator":"","_EventTimeRangeSeparator":"","_EventOrganizerID":[],"_EventVenueID":[],"_OrganizerEmail":"","_OrganizerPhone":"","_OrganizerWebsite":"","_VenueAddress":"","_VenueCity":"","_VenueCountry":"","_VenueProvince":"","_VenueState":"","_VenueZip":"","_VenuePhone":"","_VenueURL":"","_VenueStateProvince":"","_VenueLat":"","_VenueLng":"","_VenueShowMap":false,"_VenueShowMapLink":false,"footnotes":""},"categories":[30,71,1,27],"tags":[],"class_list":["post-1328","post","type-post","status-publish","format-standard","has-post-thumbnail","hentry","category-30","category-muehlentag","category-allgemein","category-veranstaltungen"],"_links":{"self":[{"href":"https:\/\/heimatvereinbersenbrueck.de\/wordpress\/wp-json\/wp\/v2\/posts\/1328","targetHints":{"allow":["GET"]}}],"collection":[{"href":"https:\/\/heimatvereinbersenbrueck.de\/wordpress\/wp-json\/wp\/v2\/posts"}],"about":[{"href":"https:\/\/heimatvereinbersenbrueck.de\/wordpress\/wp-json\/wp\/v2\/types\/post"}],"author":[{"embeddable":true,"href":"https:\/\/heimatvereinbersenbrueck.de\/wordpress\/wp-json\/wp\/v2\/users\/4"}],"replies":[{"embeddable":true,"href":"https:\/\/heimatvereinbersenbrueck.de\/wordpress\/wp-json\/wp\/v2\/comments?post=1328"}],"version-history":[{"count":1,"href":"https:\/\/heimatvereinbersenbrueck.de\/wordpress\/wp-json\/wp\/v2\/posts\/1328\/revisions"}],"predecessor-version":[{"id":1331,"href":"https:\/\/heimatvereinbersenbrueck.de\/wordpress\/wp-json\/wp\/v2\/posts\/1328\/revisions\/1331"}],"wp:featuredmedia":[{"embeddable":true,"href":"https:\/\/heimatvereinbersenbrueck.de\/wordpress\/wp-json\/wp\/v2\/media\/1330"}],"wp:attachment":[{"href":"https:\/\/heimatvereinbersenbrueck.de\/wordpress\/wp-json\/wp\/v2\/media?parent=1328"}],"wp:term":[{"taxonomy":"category","embeddable":true,"href":"https:\/\/heimatvereinbersenbrueck.de\/wordpress\/wp-json\/wp\/v2\/categories?post=1328"},{"taxonomy":"post_tag","embeddable":true,"href":"https:\/\/heimatvereinbersenbrueck.de\/wordpress\/wp-json\/wp\/v2\/tags?post=1328"}],"curies":[{"name":"wp","href":"https:\/\/api.w.org\/{rel}","templated":true}]}}