{"id":1360,"date":"2023-01-15T19:24:14","date_gmt":"2023-01-15T18:24:14","guid":{"rendered":"https:\/\/heimatvereinbersenbrueck.de\/wordpress\/?p=1360"},"modified":"2024-11-27T10:51:53","modified_gmt":"2024-11-27T09:51:53","slug":"heimatverein-bersenbrueck-startete-in-das-neue-jahr-2023-mit-einer-winterwanderung","status":"publish","type":"post","link":"https:\/\/heimatvereinbersenbrueck.de\/wordpress\/heimatverein-bersenbrueck-startete-in-das-neue-jahr-2023-mit-einer-winterwanderung\/","title":{"rendered":"Heimatverein Bersenbr\u00fcck startete in das neue Jahr 2023 mit einer  Winterwanderung"},"content":{"rendered":"\n<p>Auch f\u00fcr das neue Jahr 2023 hat der Heimatverein Bersenbr\u00fcck wieder ein<br>interessantes Jahresprogramm vorbereitet, im Mittelpunkt stehen dabei<br>Veranstaltungen zum 70j\u00e4hrigen Bestehen des Vereins. <br><br>Ein Faltblatt informiert \u00fcber die Termine, es lag dem letzten Mitteilungsblatt bei und <br>ist auch in den Bekanntmachungsk\u00e4sten der Klosterpforte und des Heimathauses ausgeh\u00e4ngt.<\/p>\n\n\n\n<p><br>Gestartet in das Jahresprogramm wurde traditionell mit einer Winterwanderung. <br>Treffpunkt war am Heimathaus Feldm\u00fchle, wo der Vorsitzende des Heimatvereins,<br>Franz Buitmann, allen zun\u00e4chst ein gutes neues Jahr w\u00fcnschte und sich <br>\u00fcber die doch recht gute Beteiligung freute.<\/p>\n\n\n\n<p> Es ging dann in einer einst\u00fcndigen Wanderung zum Teil auf dem Rundwanderweg<br>\u201eM\u00fchlenweg\u201c durch das Waldgebiet \u201eFreude\u201c, wo der Heimatverein einige Ruheb\u00e4nke unterh\u00e4lt, vorbei am Kl\u00e4rwerk und dem \u201eHochzeitswald\u201c sowie den beiden Friedh\u00f6fen<br>und dann entlang des Feldm\u00fchlenbaches wieder in die \u201eFreude\u201c zur\u00fcck. <br>Unterwegs st\u00e4rkte man sich mit einem guten Tropfen, dem \u201eFeldm\u00fchlentrunk\u201c.<\/p>\n\n\n\n<p>Im Heimathaus angekommen konnte der Vorsitzende eine Reihe weiterer Heimatfreundinnen und Heimatfreunde zur gemeinsamen Kaffeetafel begr\u00fc\u00dfen.  <\/p>\n\n\n\n<p>Hier stellte der Vorsitzende auch das geplante Jahresprogramm vor, unter anderem<br>sollen ab April alle vier Wochen Halbtags- und Ganztags- Radwanderungen angeboten werden. <br><br>Im Mittelpunkt des Jahres werden zudem Veranstaltungen zum 70j\u00e4hrigen Bestehen <br>des Heimatvereins stehen.<br><br>Nach der Kaffeetafel zeigte der Vorsitzende noch historische Bilder aus<br>Bersenbr\u00fcck, die in der Foto-Archiv AG des Vereins gesammelt wurden. <br><br>Auf den Fotos erkannte man viele Pers\u00f6nlichkeiten Bersenbr\u00fccks aus fr\u00fcherer Zeit,<br>zum Teil war man auch selbst auf den Fotos zu sehen. <br><br>Hingewiesen wurde zudem auf die Veranstaltung des WGV am 12. Februar <br>im Stadttheater Osnabr\u00fcck mit der Operette \u201eGr\u00e4fin Mariza\u201c, bei der eine Reihe <br>von Teilnehmern aus dem Heimatverein Bersenbr\u00fcck dabei sein werden.<br><br><br><img loading=\"lazy\" decoding=\"async\" width=\"600\" height=\"450\" class=\"wp-image-1362\" style=\"width: 600px;\" src=\"https:\/\/heimatvereinbersenbrueck.de\/wordpress\/wp-content\/uploads\/2023\/01\/Winterwanderung-Heimatverein-Bersenbrueck.jpg\" alt=\"Winterwanderung-Heimatverein-Bersenbrueck Januar 2023\" srcset=\"https:\/\/heimatvereinbersenbrueck.de\/wordpress\/wp-content\/uploads\/2023\/01\/Winterwanderung-Heimatverein-Bersenbrueck.jpg 2016w, https:\/\/heimatvereinbersenbrueck.de\/wordpress\/wp-content\/uploads\/2023\/01\/Winterwanderung-Heimatverein-Bersenbrueck-620x465.jpg 620w, https:\/\/heimatvereinbersenbrueck.de\/wordpress\/wp-content\/uploads\/2023\/01\/Winterwanderung-Heimatverein-Bersenbrueck-940x705.jpg 940w, https:\/\/heimatvereinbersenbrueck.de\/wordpress\/wp-content\/uploads\/2023\/01\/Winterwanderung-Heimatverein-Bersenbrueck-768x576.jpg 768w, https:\/\/heimatvereinbersenbrueck.de\/wordpress\/wp-content\/uploads\/2023\/01\/Winterwanderung-Heimatverein-Bersenbrueck-1536x1152.jpg 1536w\" sizes=\"auto, (max-width: 600px) 100vw, 600px\" \/><\/p>\n\n\n\n<p>Die traditionelle Winterwanderung des Heimatvereins Bersenbr\u00fcck f\u00fchrte<br>auch durch das Waldgebiet \u201eFreude\u201c.<\/p>\n","protected":false},"excerpt":{"rendered":"<p>Auch f\u00fcr das neue Jahr 2023 hat der Heimatverein Bersenbr\u00fcck wieder eininteressantes Jahresprogramm vorbereitet, im Mittelpunkt stehen dabeiVeranstaltungen zum 70j\u00e4hrigen Bestehen des Vereins. Ein Faltblatt informiert \u00fcber die Termine, es lag dem letzten Mitteilungsblatt bei und ist auch in den Bekanntmachungsk\u00e4sten der Klosterpforte und des Heimathauses ausgeh\u00e4ngt. Gestartet in das Jahresprogramm wurde traditionell mit einer Winterwanderung. Treffpunkt war am Heimathaus <a class=\"more-link\" href=\"https:\/\/heimatvereinbersenbrueck.de\/wordpress\/heimatverein-bersenbrueck-startete-in-das-neue-jahr-2023-mit-einer-winterwanderung\/\">&lt;weiterlesen&#8230;<\/a><\/p>\n","protected":false},"author":3,"featured_media":0,"comment_status":"closed","ping_status":"closed","sticky":false,"template":"","format":"standard","meta":{"pgc_sgb_lightbox_settings":"","_EventAllDay":false,"_EventTimezone":"","_EventStartDate":"","_EventEndDate":"","_EventStartDateUTC":"","_EventEndDateUTC":"","_EventShowMap":false,"_EventShowMapLink":false,"_EventURL":"","_EventCost":"","_EventCostDescription":"","_EventCurrencySymbol":"","_EventCurrencyCode":"","_EventCurrencyPosition":"","_EventDateTimeSeparator":"","_EventTimeRangeSeparator":"","_EventOrganizerID":[],"_EventVenueID":[],"_OrganizerEmail":"","_OrganizerPhone":"","_OrganizerWebsite":"","_VenueAddress":"","_VenueCity":"","_VenueCountry":"","_VenueProvince":"","_VenueState":"","_VenueZip":"","_VenuePhone":"","_VenueURL":"","_VenueStateProvince":"","_VenueLat":"","_VenueLng":"","_VenueShowMap":false,"_VenueShowMapLink":false,"footnotes":""},"categories":[28,52,1],"tags":[],"class_list":["post-1360","post","type-post","status-publish","format-standard","hentry","category-28","category-fusswanderungen","category-allgemein"],"_links":{"self":[{"href":"https:\/\/heimatvereinbersenbrueck.de\/wordpress\/wp-json\/wp\/v2\/posts\/1360","targetHints":{"allow":["GET"]}}],"collection":[{"href":"https:\/\/heimatvereinbersenbrueck.de\/wordpress\/wp-json\/wp\/v2\/posts"}],"about":[{"href":"https:\/\/heimatvereinbersenbrueck.de\/wordpress\/wp-json\/wp\/v2\/types\/post"}],"author":[{"embeddable":true,"href":"https:\/\/heimatvereinbersenbrueck.de\/wordpress\/wp-json\/wp\/v2\/users\/3"}],"replies":[{"embeddable":true,"href":"https:\/\/heimatvereinbersenbrueck.de\/wordpress\/wp-json\/wp\/v2\/comments?post=1360"}],"version-history":[{"count":13,"href":"https:\/\/heimatvereinbersenbrueck.de\/wordpress\/wp-json\/wp\/v2\/posts\/1360\/revisions"}],"predecessor-version":[{"id":1464,"href":"https:\/\/heimatvereinbersenbrueck.de\/wordpress\/wp-json\/wp\/v2\/posts\/1360\/revisions\/1464"}],"wp:attachment":[{"href":"https:\/\/heimatvereinbersenbrueck.de\/wordpress\/wp-json\/wp\/v2\/media?parent=1360"}],"wp:term":[{"taxonomy":"category","embeddable":true,"href":"https:\/\/heimatvereinbersenbrueck.de\/wordpress\/wp-json\/wp\/v2\/categories?post=1360"},{"taxonomy":"post_tag","embeddable":true,"href":"https:\/\/heimatvereinbersenbrueck.de\/wordpress\/wp-json\/wp\/v2\/tags?post=1360"}],"curies":[{"name":"wp","href":"https:\/\/api.w.org\/{rel}","templated":true}]}}