{"id":1452,"date":"2023-01-22T10:08:05","date_gmt":"2023-01-22T09:08:05","guid":{"rendered":"https:\/\/heimatvereinbersenbrueck.de\/wordpress\/?p=1452"},"modified":"2023-12-24T11:24:08","modified_gmt":"2023-12-24T10:24:08","slug":"heimatverein-und-vhs-setzen-das-projekt-foto-archiv-fort","status":"publish","type":"post","link":"https:\/\/heimatvereinbersenbrueck.de\/wordpress\/heimatverein-und-vhs-setzen-das-projekt-foto-archiv-fort\/","title":{"rendered":"Heimatverein und VHS setzen das Projekt Foto-Archiv fort"},"content":{"rendered":"\n<p><strong>&nbsp;&nbsp;&nbsp;&nbsp;&nbsp;<\/strong><\/p>\n\n\n\n<p>Seit einigen Jahren f\u00fchrt der Heimatverein Bersenbr\u00fcck zusammen mit der Volkshochschule das Projekt Foto-Archiv durch. <\/p>\n\n\n\n<p>Dieses Projekt wird auch im neuen Jahr fortgesetzt. <\/p>\n\n\n\n<p>In der Regel finden die Zusammenk\u00fcnfte alle vierzehn Tage jeweils dienstags um 17 Uhr im Heimathaus Feldm\u00fchle statt. Das Treffen wird regelm\u00e4\u00dfig in der Tageszeitung angek\u00fcndigt. <\/p>\n\n\n\n<p>Zu den bisherigen Teilnehmern sind neue Mitarbeiterinnen und Mitarbeiter sehr willkommen. <\/p>\n\n\n\n<p>Die Veranstaltung ist kostenfrei.<\/p>\n\n\n\n<p>Bei dem Projekt geht es in erster Linie darum, das im Archiv des Heimatvereins vorhandene unsortierte Material zu sichten, zu beschriften und zu digitalisieren, um es f\u00fcr sp\u00e4tere Zeiten zu archivieren und nutzbar zu machen. <\/p>\n\n\n\n<p>Das so gewonnene Material kann dann zum Beispiel f\u00fcr den j\u00e4hrlichen Heimat-Kalender oder Buch-Ver\u00f6ffentlichungen verwendet werden.<\/p>\n\n\n\n<p><strong>Aus der Arbeit der Foto-Archiv-AG<\/strong><\/p>\n\n\n\n<figure class=\"wp-block-gallery has-nested-images columns-default is-cropped wp-block-gallery-1 is-layout-flex wp-block-gallery-is-layout-flex\">\n<figure class=\"wp-block-image size-large\"><a href=\"https:\/\/heimatvereinbersenbrueck.de\/wordpress\/wp-content\/uploads\/2023\/01\/Oberfoersterei-Markt-1890-1.jpg\"><img loading=\"lazy\" decoding=\"async\" width=\"940\" height=\"605\" data-id=\"1459\" src=\"https:\/\/heimatvereinbersenbrueck.de\/wordpress\/wp-content\/uploads\/2023\/01\/Oberfoersterei-Markt-1890-1-940x605.jpg\" alt=\"\" class=\"wp-image-1459\" srcset=\"https:\/\/heimatvereinbersenbrueck.de\/wordpress\/wp-content\/uploads\/2023\/01\/Oberfoersterei-Markt-1890-1-940x605.jpg 940w, https:\/\/heimatvereinbersenbrueck.de\/wordpress\/wp-content\/uploads\/2023\/01\/Oberfoersterei-Markt-1890-1-620x399.jpg 620w, https:\/\/heimatvereinbersenbrueck.de\/wordpress\/wp-content\/uploads\/2023\/01\/Oberfoersterei-Markt-1890-1-768x494.jpg 768w, https:\/\/heimatvereinbersenbrueck.de\/wordpress\/wp-content\/uploads\/2023\/01\/Oberfoersterei-Markt-1890-1-1536x989.jpg 1536w, https:\/\/heimatvereinbersenbrueck.de\/wordpress\/wp-content\/uploads\/2023\/01\/Oberfoersterei-Markt-1890-1.jpg 2013w\" sizes=\"auto, (max-width: 940px) 100vw, 940px\" \/><\/a><figcaption class=\"wp-element-caption\">Oberf\u00f6rsterei &#8211; Markt um 1890 <\/figcaption><\/figure>\n\n\n\n<figure class=\"wp-block-image size-large\"><a href=\"https:\/\/heimatvereinbersenbrueck.de\/wordpress\/wp-content\/uploads\/2023\/01\/Bramscher-Strasse-um-1900-1.jpg\"><img loading=\"lazy\" decoding=\"async\" width=\"940\" height=\"597\" data-id=\"1453\" src=\"https:\/\/heimatvereinbersenbrueck.de\/wordpress\/wp-content\/uploads\/2023\/01\/Bramscher-Strasse-um-1900-1-940x597.jpg\" alt=\"\" class=\"wp-image-1453\" srcset=\"https:\/\/heimatvereinbersenbrueck.de\/wordpress\/wp-content\/uploads\/2023\/01\/Bramscher-Strasse-um-1900-1-940x597.jpg 940w, https:\/\/heimatvereinbersenbrueck.de\/wordpress\/wp-content\/uploads\/2023\/01\/Bramscher-Strasse-um-1900-1-620x394.jpg 620w, https:\/\/heimatvereinbersenbrueck.de\/wordpress\/wp-content\/uploads\/2023\/01\/Bramscher-Strasse-um-1900-1-768x488.jpg 768w, https:\/\/heimatvereinbersenbrueck.de\/wordpress\/wp-content\/uploads\/2023\/01\/Bramscher-Strasse-um-1900-1-1536x976.jpg 1536w, https:\/\/heimatvereinbersenbrueck.de\/wordpress\/wp-content\/uploads\/2023\/01\/Bramscher-Strasse-um-1900-1.jpg 1800w\" sizes=\"auto, (max-width: 940px) 100vw, 940px\" \/><\/a><figcaption class=\"wp-element-caption\">Bramscher Str. um 1900<\/figcaption><\/figure>\n\n\n\n<figure class=\"wp-block-image size-large\"><a href=\"https:\/\/heimatvereinbersenbrueck.de\/wordpress\/wp-content\/uploads\/2023\/01\/Haus-Wehberg-Bramscher-Str-1.jpg\"><img loading=\"lazy\" decoding=\"async\" width=\"940\" height=\"586\" data-id=\"1457\" src=\"https:\/\/heimatvereinbersenbrueck.de\/wordpress\/wp-content\/uploads\/2023\/01\/Haus-Wehberg-Bramscher-Str-1-940x586.jpg\" alt=\"\" class=\"wp-image-1457\" srcset=\"https:\/\/heimatvereinbersenbrueck.de\/wordpress\/wp-content\/uploads\/2023\/01\/Haus-Wehberg-Bramscher-Str-1-940x586.jpg 940w, https:\/\/heimatvereinbersenbrueck.de\/wordpress\/wp-content\/uploads\/2023\/01\/Haus-Wehberg-Bramscher-Str-1-620x387.jpg 620w, https:\/\/heimatvereinbersenbrueck.de\/wordpress\/wp-content\/uploads\/2023\/01\/Haus-Wehberg-Bramscher-Str-1-768x479.jpg 768w, https:\/\/heimatvereinbersenbrueck.de\/wordpress\/wp-content\/uploads\/2023\/01\/Haus-Wehberg-Bramscher-Str-1-1536x958.jpg 1536w, https:\/\/heimatvereinbersenbrueck.de\/wordpress\/wp-content\/uploads\/2023\/01\/Haus-Wehberg-Bramscher-Str-1.jpg 1944w\" sizes=\"auto, (max-width: 940px) 100vw, 940px\" \/><\/a><figcaption class=\"wp-element-caption\">Haus Wehberg &#8211; Bramscher Str. <\/figcaption><\/figure>\n<\/figure>\n\n\n\n<p><\/p>\n\n\n\n<p><strong>&nbsp;&nbsp;&nbsp;&nbsp;&nbsp;&nbsp;&nbsp;&nbsp;&nbsp;&nbsp;&nbsp;&nbsp;&nbsp;&nbsp;&nbsp;&nbsp;&nbsp;&nbsp;&nbsp; &nbsp;&nbsp;&nbsp;&nbsp;&nbsp;&nbsp;&nbsp;&nbsp;&nbsp;&nbsp;&nbsp;&nbsp;&nbsp;&nbsp;&nbsp;&nbsp;&nbsp;&nbsp;&nbsp;Fotos: Archiv Heimatverein<\/strong><\/p>\n\n\n\n<p>Foto 1 &#8211; Oberf\u00f6rsterei am Markt &#8211; linkes Geb\u00e4ude<br> im Hintergrund die Klosterpforte, rechts Kreke<\/p>\n\n\n\n<p>Foto 2 &#8211; Bramscher Stra\u00dfe um 1900<\/p>\n\n\n\n<p>Foto 3  &#8211; Haus Wehberg &#8211; an der Bramscher Stra\u00dfe <\/p>\n\n\n\n<p>Weitere Erl\u00e4uterungen zu den Bildern folgen <br><br><\/p>\n","protected":false},"excerpt":{"rendered":"<p>&nbsp;&nbsp;&nbsp;&nbsp;&nbsp; Seit einigen Jahren f\u00fchrt der Heimatverein Bersenbr\u00fcck zusammen mit der Volkshochschule das Projekt Foto-Archiv durch. Dieses Projekt wird auch im neuen Jahr fortgesetzt. In der Regel finden die Zusammenk\u00fcnfte alle vierzehn Tage jeweils dienstags um 17 Uhr im Heimathaus Feldm\u00fchle statt. Das Treffen wird regelm\u00e4\u00dfig in der Tageszeitung angek\u00fcndigt. Zu den bisherigen Teilnehmern sind neue Mitarbeiterinnen und Mitarbeiter sehr <a class=\"more-link\" href=\"https:\/\/heimatvereinbersenbrueck.de\/wordpress\/heimatverein-und-vhs-setzen-das-projekt-foto-archiv-fort\/\">&lt;weiterlesen&#8230;<\/a><\/p>\n","protected":false},"author":3,"featured_media":1457,"comment_status":"closed","ping_status":"closed","sticky":false,"template":"","format":"standard","meta":{"pgc_sgb_lightbox_settings":"","_EventAllDay":false,"_EventTimezone":"","_EventStartDate":"","_EventEndDate":"","_EventStartDateUTC":"","_EventEndDateUTC":"","_EventShowMap":false,"_EventShowMapLink":false,"_EventURL":"","_EventCost":"","_EventCostDescription":"","_EventCurrencySymbol":"","_EventCurrencyCode":"","_EventCurrencyPosition":"","_EventDateTimeSeparator":"","_EventTimeRangeSeparator":"","_EventOrganizerID":[],"_EventVenueID":[],"_OrganizerEmail":"","_OrganizerPhone":"","_OrganizerWebsite":"","_VenueAddress":"","_VenueCity":"","_VenueCountry":"","_VenueProvince":"","_VenueState":"","_VenueZip":"","_VenuePhone":"","_VenueURL":"","_VenueStateProvince":"","_VenueLat":"","_VenueLng":"","_VenueShowMap":false,"_VenueShowMapLink":false,"footnotes":""},"categories":[28,36,1],"tags":[],"class_list":["post-1452","post","type-post","status-publish","format-standard","has-post-thumbnail","hentry","category-28","category-fotoarchiv","category-allgemein"],"_links":{"self":[{"href":"https:\/\/heimatvereinbersenbrueck.de\/wordpress\/wp-json\/wp\/v2\/posts\/1452","targetHints":{"allow":["GET"]}}],"collection":[{"href":"https:\/\/heimatvereinbersenbrueck.de\/wordpress\/wp-json\/wp\/v2\/posts"}],"about":[{"href":"https:\/\/heimatvereinbersenbrueck.de\/wordpress\/wp-json\/wp\/v2\/types\/post"}],"author":[{"embeddable":true,"href":"https:\/\/heimatvereinbersenbrueck.de\/wordpress\/wp-json\/wp\/v2\/users\/3"}],"replies":[{"embeddable":true,"href":"https:\/\/heimatvereinbersenbrueck.de\/wordpress\/wp-json\/wp\/v2\/comments?post=1452"}],"version-history":[{"count":5,"href":"https:\/\/heimatvereinbersenbrueck.de\/wordpress\/wp-json\/wp\/v2\/posts\/1452\/revisions"}],"predecessor-version":[{"id":1467,"href":"https:\/\/heimatvereinbersenbrueck.de\/wordpress\/wp-json\/wp\/v2\/posts\/1452\/revisions\/1467"}],"wp:featuredmedia":[{"embeddable":true,"href":"https:\/\/heimatvereinbersenbrueck.de\/wordpress\/wp-json\/wp\/v2\/media\/1457"}],"wp:attachment":[{"href":"https:\/\/heimatvereinbersenbrueck.de\/wordpress\/wp-json\/wp\/v2\/media?parent=1452"}],"wp:term":[{"taxonomy":"category","embeddable":true,"href":"https:\/\/heimatvereinbersenbrueck.de\/wordpress\/wp-json\/wp\/v2\/categories?post=1452"},{"taxonomy":"post_tag","embeddable":true,"href":"https:\/\/heimatvereinbersenbrueck.de\/wordpress\/wp-json\/wp\/v2\/tags?post=1452"}],"curies":[{"name":"wp","href":"https:\/\/api.w.org\/{rel}","templated":true}]}}