{"id":1955,"date":"2023-05-24T18:49:05","date_gmt":"2023-05-24T16:49:05","guid":{"rendered":"https:\/\/heimatvereinbersenbrueck.de\/wordpress\/?p=1955"},"modified":"2024-11-30T10:19:22","modified_gmt":"2024-11-30T09:19:22","slug":"heimatverein-bersenbrueck-beteiligt-sich-am-pfingstmontag-mit-dem-heimathaus-feldmuehle-am-muehlentag","status":"publish","type":"post","link":"https:\/\/heimatvereinbersenbrueck.de\/wordpress\/heimatverein-bersenbrueck-beteiligt-sich-am-pfingstmontag-mit-dem-heimathaus-feldmuehle-am-muehlentag\/","title":{"rendered":"Heimatverein Bersenbr\u00fcck beteiligt sich am Pfingstmontag mit dem Heimathaus Feldm\u00fchle am M\u00fchlentag"},"content":{"rendered":"\n<p><strong>&nbsp;&nbsp;&nbsp;&nbsp;&nbsp;&nbsp;&nbsp;&nbsp;&nbsp;&nbsp;&nbsp;&nbsp;&nbsp;&nbsp;&nbsp;&nbsp;&nbsp;&nbsp;&nbsp;&nbsp;&nbsp;&nbsp;&nbsp;&nbsp;&nbsp;&nbsp;&nbsp;&nbsp;&nbsp;&nbsp;&nbsp;&nbsp;&nbsp;&nbsp;&nbsp;&nbsp;&nbsp;&nbsp;&nbsp;&nbsp;&nbsp;&nbsp;&nbsp;&nbsp;&nbsp;&nbsp;&nbsp;&nbsp;&nbsp;&nbsp;&nbsp;&nbsp;&nbsp;&nbsp;&nbsp;&nbsp;&nbsp;&nbsp;&nbsp;&nbsp;&nbsp;&nbsp;&nbsp;&nbsp;&nbsp;&nbsp;&nbsp;&nbsp;&nbsp;&nbsp;&nbsp;&nbsp;&nbsp;&nbsp;&nbsp;<\/strong><\/p>\n\n\n\n<p>Am Pfingstmontag, 29. Mai, findet bundesweit der Deutsche M\u00fchlentag statt, der Heimatverein Bersenbr\u00fcck beteiligt sich mit dem Heimathaus Feldm\u00fchle an dieser Aktion.<br><br>Ab 14 Uhr gibt es Kaffee und Kuchen, ab 17 Uhr werden Grillw\u00fcrstchen angeboten, Kaltgetr\u00e4nke stehen zur Verf\u00fcgung. Im Untergeschoss der M\u00fchle kann M\u00fchlentechnik und Stromgewinnung mittels Wasserkraft besichtigt werden, dazu Informationen des Wasserverbandes Bersenbr\u00fcck. Im Obergeschoss des Heimathauses sind Ausstellungen, Heimat-Literatur wird angeboten. <br><br>F\u00fcr die Kinder wird Christiane Achelwilm die Aktion \u201eWasserr\u00e4der und kleine Boote bauen\u201c anbieten, auch der Spielewagen des Vereins \u201eBSB-Begegnen-Spielen-Br\u00fccken bauen\u201c steht zur Verf\u00fcgung. Zudem werden die Preise f\u00fcr das Maibaumsch\u00e4tzen ausgegeben.<\/p>\n\n\n\n<p><strong>Der Heimatverein Bersenbr\u00fcck beteiligt sich mit dem Heimathaus Feldm\u00fchle am Pfingstmontag am Deutschen M\u00fchlentag.<\/strong><\/p>\n\n\n\n<figure class=\"wp-block-image size-large\"><a href=\"https:\/\/heimatvereinbersenbrueck.de\/wordpress\/wp-content\/uploads\/2023\/06\/Heimathaus-Feldmuehle-1.jpg\"><img loading=\"lazy\" decoding=\"async\" width=\"960\" height=\"1280\" src=\"https:\/\/heimatvereinbersenbrueck.de\/wordpress\/wp-content\/uploads\/2023\/06\/Heimathaus-Feldmuehle-1-960x1280.jpg\" alt=\"Der Heimatverein Bersenbr\u00fcck beteilitgt sich mit dem Heimathaus Feldm\u00fchle am Deutschen M\u00fchlentag\" class=\"wp-image-1957\" srcset=\"https:\/\/heimatvereinbersenbrueck.de\/wordpress\/wp-content\/uploads\/2023\/06\/Heimathaus-Feldmuehle-1-960x1280.jpg 960w, https:\/\/heimatvereinbersenbrueck.de\/wordpress\/wp-content\/uploads\/2023\/06\/Heimathaus-Feldmuehle-1-620x827.jpg 620w, https:\/\/heimatvereinbersenbrueck.de\/wordpress\/wp-content\/uploads\/2023\/06\/Heimathaus-Feldmuehle-1-768x1024.jpg 768w, https:\/\/heimatvereinbersenbrueck.de\/wordpress\/wp-content\/uploads\/2023\/06\/Heimathaus-Feldmuehle-1-1152x1536.jpg 1152w, https:\/\/heimatvereinbersenbrueck.de\/wordpress\/wp-content\/uploads\/2023\/06\/Heimathaus-Feldmuehle-1.jpg 1512w\" sizes=\"auto, (max-width: 960px) 100vw, 960px\" \/><\/a><figcaption class=\"wp-element-caption\">Foto: Franz Buitmann<\/figcaption><\/figure>\n\n\n\n<p><strong>\u00a0\u00a0\u00a0\u00a0\u00a0\u00a0\u00a0\u00a0\u00a0\u00a0\u00a0\u00a0\u00a0\u00a0\u00a0 \u00a0\u00a0\u00a0\u00a0\u00a0\u00a0\u00a0\u00a0\u00a0\u00a0\u00a0\u00a0\u00a0\u00a0\u00a0\u00a0\u00a0\u00a0\u00a0\u00a0\u00a0\u00a0\u00a0\u00a0\u00a0\u00a0\u00a0\u00a0\u00a0\u00a0\u00a0\u00a0\u00a0\u00a0\u00a0\u00a0\u00a0\u00a0\u00a0\u00a0\u00a0\u00a0\u00a0\u00a0\u00a0\u00a0\u00a0\u00a0\u00a0\u00a0\u00a0\u00a0\u00a0\u00a0\u00a0\u00a0\u00a0\u00a0\u00a0\u00a0\u00a0\u00a0<\/strong><\/p>\n","protected":false},"excerpt":{"rendered":"<p>&nbsp;&nbsp;&nbsp;&nbsp;&nbsp;&nbsp;&nbsp;&nbsp;&nbsp;&nbsp;&nbsp;&nbsp;&nbsp;&nbsp;&nbsp;&nbsp;&nbsp;&nbsp;&nbsp;&nbsp;&nbsp;&nbsp;&nbsp;&nbsp;&nbsp;&nbsp;&nbsp;&nbsp;&nbsp;&nbsp;&nbsp;&nbsp;&nbsp;&nbsp;&nbsp;&nbsp;&nbsp;&nbsp;&nbsp;&nbsp;&nbsp;&nbsp;&nbsp;&nbsp;&nbsp;&nbsp;&nbsp;&nbsp;&nbsp;&nbsp;&nbsp;&nbsp;&nbsp;&nbsp;&nbsp;&nbsp;&nbsp;&nbsp;&nbsp;&nbsp;&nbsp;&nbsp;&nbsp;&nbsp;&nbsp;&nbsp;&nbsp;&nbsp;&nbsp;&nbsp;&nbsp;&nbsp;&nbsp;&nbsp;&nbsp; Am Pfingstmontag, 29. Mai, findet bundesweit der Deutsche M\u00fchlentag statt, der Heimatverein Bersenbr\u00fcck beteiligt sich mit dem Heimathaus Feldm\u00fchle an dieser Aktion. Ab 14 Uhr gibt es Kaffee und Kuchen, ab 17 Uhr werden Grillw\u00fcrstchen angeboten, Kaltgetr\u00e4nke stehen zur Verf\u00fcgung. Im Untergeschoss der M\u00fchle kann M\u00fchlentechnik und Stromgewinnung mittels Wasserkraft besichtigt werden, dazu Informationen des Wasserverbandes Bersenbr\u00fcck. Im Obergeschoss <a class=\"more-link\" href=\"https:\/\/heimatvereinbersenbrueck.de\/wordpress\/heimatverein-bersenbrueck-beteiligt-sich-am-pfingstmontag-mit-dem-heimathaus-feldmuehle-am-muehlentag\/\">&lt;weiterlesen&#8230;<\/a><\/p>\n","protected":false},"author":3,"featured_media":1957,"comment_status":"closed","ping_status":"closed","sticky":false,"template":"","format":"standard","meta":{"pgc_sgb_lightbox_settings":"","_EventAllDay":false,"_EventTimezone":"","_EventStartDate":"","_EventEndDate":"","_EventStartDateUTC":"","_EventEndDateUTC":"","_EventShowMap":false,"_EventShowMapLink":false,"_EventURL":"","_EventCost":"","_EventCostDescription":"","_EventCurrencySymbol":"","_EventCurrencyCode":"","_EventCurrencyPosition":"","_EventDateTimeSeparator":"","_EventTimeRangeSeparator":"","_EventOrganizerID":[],"_EventVenueID":[],"_OrganizerEmail":"","_OrganizerPhone":"","_OrganizerWebsite":"","_VenueAddress":"","_VenueCity":"","_VenueCountry":"","_VenueProvince":"","_VenueState":"","_VenueZip":"","_VenuePhone":"","_VenueURL":"","_VenueStateProvince":"","_VenueLat":"","_VenueLng":"","_VenueShowMap":false,"_VenueShowMapLink":false,"footnotes":""},"categories":[28,71,1,27],"tags":[],"class_list":["post-1955","post","type-post","status-publish","format-standard","has-post-thumbnail","hentry","category-28","category-muehlentag","category-allgemein","category-veranstaltungen"],"_links":{"self":[{"href":"https:\/\/heimatvereinbersenbrueck.de\/wordpress\/wp-json\/wp\/v2\/posts\/1955","targetHints":{"allow":["GET"]}}],"collection":[{"href":"https:\/\/heimatvereinbersenbrueck.de\/wordpress\/wp-json\/wp\/v2\/posts"}],"about":[{"href":"https:\/\/heimatvereinbersenbrueck.de\/wordpress\/wp-json\/wp\/v2\/types\/post"}],"author":[{"embeddable":true,"href":"https:\/\/heimatvereinbersenbrueck.de\/wordpress\/wp-json\/wp\/v2\/users\/3"}],"replies":[{"embeddable":true,"href":"https:\/\/heimatvereinbersenbrueck.de\/wordpress\/wp-json\/wp\/v2\/comments?post=1955"}],"version-history":[{"count":5,"href":"https:\/\/heimatvereinbersenbrueck.de\/wordpress\/wp-json\/wp\/v2\/posts\/1955\/revisions"}],"predecessor-version":[{"id":1963,"href":"https:\/\/heimatvereinbersenbrueck.de\/wordpress\/wp-json\/wp\/v2\/posts\/1955\/revisions\/1963"}],"wp:featuredmedia":[{"embeddable":true,"href":"https:\/\/heimatvereinbersenbrueck.de\/wordpress\/wp-json\/wp\/v2\/media\/1957"}],"wp:attachment":[{"href":"https:\/\/heimatvereinbersenbrueck.de\/wordpress\/wp-json\/wp\/v2\/media?parent=1955"}],"wp:term":[{"taxonomy":"category","embeddable":true,"href":"https:\/\/heimatvereinbersenbrueck.de\/wordpress\/wp-json\/wp\/v2\/categories?post=1955"},{"taxonomy":"post_tag","embeddable":true,"href":"https:\/\/heimatvereinbersenbrueck.de\/wordpress\/wp-json\/wp\/v2\/tags?post=1955"}],"curies":[{"name":"wp","href":"https:\/\/api.w.org\/{rel}","templated":true}]}}