{"id":2014,"date":"2023-09-08T07:27:29","date_gmt":"2023-09-08T05:27:29","guid":{"rendered":"https:\/\/heimatvereinbersenbrueck.de\/wordpress\/?p=2014"},"modified":"2024-11-30T10:14:33","modified_gmt":"2024-11-30T09:14:33","slug":"termin-am-10-09-2023","status":"publish","type":"post","link":"https:\/\/heimatvereinbersenbrueck.de\/wordpress\/termin-am-10-09-2023\/","title":{"rendered":"Heimatverein Bersenbr\u00fcck beteiligt sich mit dem Heimathaus Feldm\u00fchle am 10. September am bundesweiten \u201eTag des Offenen Denkmals\u201c"},"content":{"rendered":"\n<p><\/p>\n\n\n\n<p>Auch in diesem Jahr beteiligt sich der Heimatverein Bersenbr\u00fcck mit seinem Heimathaus Feldm\u00fchle am 10. September am bundesweiten \u201eTag des Offenen Denkmals\u201c. Das deutschlandweite Motto lautet:\u201c Talent Monument\u201c.&nbsp; Ab 14 Uhr gibt es im Heimathaus Kaffee und Kuchen, auch Kaltgetr\u00e4nke stehen bereit. Ab 16.30 Uhr werden Grillw\u00fcrstchen zubereitet. Im Obergeschoss des Heimathauses gibt es Ausstellungen, im Untergeschoss ist M\u00fchlentechnik zu sehen. Erworben werden kann zudem Heimat-Literatur zu Sonderpreisen.<\/p>\n\n\n\n<figure class=\"wp-block-image size-large\"><a href=\"https:\/\/heimatvereinbersenbrueck.de\/wordpress\/wp-content\/uploads\/2023\/01\/Denkmalschutz-1.jpg\"><img loading=\"lazy\" decoding=\"async\" width=\"940\" height=\"705\" src=\"https:\/\/heimatvereinbersenbrueck.de\/wordpress\/wp-content\/uploads\/2023\/01\/Denkmalschutz-1-940x705.jpg\" alt=\"Heimathaus im Herbst\" class=\"wp-image-1455\" srcset=\"https:\/\/heimatvereinbersenbrueck.de\/wordpress\/wp-content\/uploads\/2023\/01\/Denkmalschutz-1-940x705.jpg 940w, https:\/\/heimatvereinbersenbrueck.de\/wordpress\/wp-content\/uploads\/2023\/01\/Denkmalschutz-1-620x465.jpg 620w, https:\/\/heimatvereinbersenbrueck.de\/wordpress\/wp-content\/uploads\/2023\/01\/Denkmalschutz-1-768x576.jpg 768w, https:\/\/heimatvereinbersenbrueck.de\/wordpress\/wp-content\/uploads\/2023\/01\/Denkmalschutz-1-1536x1152.jpg 1536w, https:\/\/heimatvereinbersenbrueck.de\/wordpress\/wp-content\/uploads\/2023\/01\/Denkmalschutz-1.jpg 2016w\" sizes=\"auto, (max-width: 940px) 100vw, 940px\" \/><\/a><figcaption class=\"wp-element-caption\">Heimathaus im Herbst <\/figcaption><\/figure>\n","protected":false},"excerpt":{"rendered":"<p>Auch in diesem Jahr beteiligt sich der Heimatverein Bersenbr\u00fcck mit seinem Heimathaus Feldm\u00fchle am 10. September am bundesweiten \u201eTag des Offenen Denkmals\u201c. Das deutschlandweite Motto lautet:\u201c Talent Monument\u201c.&nbsp; Ab 14 Uhr gibt es im Heimathaus Kaffee und Kuchen, auch Kaltgetr\u00e4nke stehen bereit. Ab 16.30 Uhr werden Grillw\u00fcrstchen zubereitet. Im Obergeschoss des Heimathauses gibt es Ausstellungen, im Untergeschoss ist M\u00fchlentechnik zu <a class=\"more-link\" href=\"https:\/\/heimatvereinbersenbrueck.de\/wordpress\/termin-am-10-09-2023\/\">&lt;weiterlesen&#8230;<\/a><\/p>\n","protected":false},"author":3,"featured_media":1455,"comment_status":"closed","ping_status":"closed","sticky":false,"template":"","format":"standard","meta":{"pgc_sgb_lightbox_settings":"","_EventAllDay":false,"_EventTimezone":"","_EventStartDate":"","_EventEndDate":"","_EventStartDateUTC":"","_EventEndDateUTC":"","_EventShowMap":false,"_EventShowMapLink":false,"_EventURL":"","_EventCost":"","_EventCostDescription":"","_EventCurrencySymbol":"","_EventCurrencyCode":"","_EventCurrencyPosition":"","_EventDateTimeSeparator":"","_EventTimeRangeSeparator":"","_EventOrganizerID":[],"_EventVenueID":[],"_OrganizerEmail":"","_OrganizerPhone":"","_OrganizerWebsite":"","_VenueAddress":"","_VenueCity":"","_VenueCountry":"","_VenueProvince":"","_VenueState":"","_VenueZip":"","_VenuePhone":"","_VenueURL":"","_VenueStateProvince":"","_VenueLat":"","_VenueLng":"","_VenueShowMap":false,"_VenueShowMapLink":false,"footnotes":""},"categories":[28,1,72,27],"tags":[],"class_list":["post-2014","post","type-post","status-publish","format-standard","has-post-thumbnail","hentry","category-28","category-allgemein","category-tag-des-offenen-denkmals","category-veranstaltungen"],"_links":{"self":[{"href":"https:\/\/heimatvereinbersenbrueck.de\/wordpress\/wp-json\/wp\/v2\/posts\/2014","targetHints":{"allow":["GET"]}}],"collection":[{"href":"https:\/\/heimatvereinbersenbrueck.de\/wordpress\/wp-json\/wp\/v2\/posts"}],"about":[{"href":"https:\/\/heimatvereinbersenbrueck.de\/wordpress\/wp-json\/wp\/v2\/types\/post"}],"author":[{"embeddable":true,"href":"https:\/\/heimatvereinbersenbrueck.de\/wordpress\/wp-json\/wp\/v2\/users\/3"}],"replies":[{"embeddable":true,"href":"https:\/\/heimatvereinbersenbrueck.de\/wordpress\/wp-json\/wp\/v2\/comments?post=2014"}],"version-history":[{"count":2,"href":"https:\/\/heimatvereinbersenbrueck.de\/wordpress\/wp-json\/wp\/v2\/posts\/2014\/revisions"}],"predecessor-version":[{"id":3469,"href":"https:\/\/heimatvereinbersenbrueck.de\/wordpress\/wp-json\/wp\/v2\/posts\/2014\/revisions\/3469"}],"wp:featuredmedia":[{"embeddable":true,"href":"https:\/\/heimatvereinbersenbrueck.de\/wordpress\/wp-json\/wp\/v2\/media\/1455"}],"wp:attachment":[{"href":"https:\/\/heimatvereinbersenbrueck.de\/wordpress\/wp-json\/wp\/v2\/media?parent=2014"}],"wp:term":[{"taxonomy":"category","embeddable":true,"href":"https:\/\/heimatvereinbersenbrueck.de\/wordpress\/wp-json\/wp\/v2\/categories?post=2014"},{"taxonomy":"post_tag","embeddable":true,"href":"https:\/\/heimatvereinbersenbrueck.de\/wordpress\/wp-json\/wp\/v2\/tags?post=2014"}],"curies":[{"name":"wp","href":"https:\/\/api.w.org\/{rel}","templated":true}]}}