{"id":2018,"date":"2023-10-10T07:37:22","date_gmt":"2023-10-10T05:37:22","guid":{"rendered":"https:\/\/heimatvereinbersenbrueck.de\/wordpress\/?p=2018"},"modified":"2024-11-27T08:13:13","modified_gmt":"2024-11-27T07:13:13","slug":"heimatverein-stellte-den-heimat-kalender-2024-mein-bersenbrueck-gestern-und-heute-vor","status":"publish","type":"post","link":"https:\/\/heimatvereinbersenbrueck.de\/wordpress\/heimatverein-stellte-den-heimat-kalender-2024-mein-bersenbrueck-gestern-und-heute-vor\/","title":{"rendered":"Heimatverein stellte den Heimat-Kalender 2024 \u201eMein Bersenbr\u00fcck \u2013 Gestern und Heute\u201c vor"},"content":{"rendered":"\n<p>Auch f\u00fcr das Jahr 2024 gibt der Heimatverein Bersenbr\u00fcck wieder den Heimat-Kalender unter dem Motto \u201eMein Bersenbr\u00fcck \u2013 Gestern und Heute\u201c heraus, seit 2009 bereichert er die Heimatliteratur. Zum unver\u00e4nderten Preis von zehn Euro kann er ab sofort in den Bersenbr\u00fccker Buchhandlungen B\u00fccherwelt und Meyer, im Gesch\u00e4ft Kolde-Weissmann, in der Tourist-Information, aber auch direkt beim Heimatverein erworben werden.<\/p>\n\n\n\n<p>Bei der Vorstellung des neuen Kalenders vor dem Museum im Kloster Bersenbr\u00fcck betonte der Vorsitzende des Heimatvereins, Franz Buitmann, die Redaktion mit Bernhard Mecklenfeld, Hermann Sattinger, Manfred Kalmlage und ihm selbst habe sich bem\u00fcht, wieder interessante historische Fotos zu finden, die dann aus etwa derselben Perspektive aufgenommen den heutigen Ansichten gegen\u00fcbergestellt werden. Kurze Texte erl\u00e4utern das Dargestellte. In den letzten Jahren wurde schwerpunktm\u00e4\u00dfig jeweils ein Bersenbr\u00fccker Stadtteil vorgestellt, f\u00fcr 2024 ist es der Weststeil der Stadt Richtung Bokel. \u201eMit dem neuen Kalender vervollst\u00e4ndigen wir die Sammlung der Heimatliteratur, die in sp\u00e4teren Zeiten immer mehr an Bedeutung gewinnen wird\u201c, sagte der Vorsitzende. Sein Dank ging auch an die Druckerei Kuper in Alfhausen f\u00fcr die p\u00fcnktliche und qualitativ gute Erstellung des Kalenders. Nun hoffe der Heimatverein, dass der Kalender in der Bev\u00f6lkerung wieder eine gute Resonanz finden werde.<\/p>\n\n\n\n<p>B\u00fcrgermeister Christian Kl\u00fctsch dankte dem Heimatverein f\u00fcr die regelm\u00e4\u00dfige Herausgabe des Heimat-Kalenders, der eine Bereicherung f\u00fcr die Bersenbr\u00fccker Stadtgeschichte darstelle. \u201cViele warten schon gespannt auf den neuen Kalender und seine einzelnen Monatsseiten. Vor allem die historischen Fotos mit h\u00e4ufig unbekannten Darstellungen finden gro\u00dfe Aufmerksamkeit. Der Kalender geht auch an Bersenbr\u00fccker weit au\u00dferhalb Bersenbr\u00fccks, die damit ein St\u00fcck Heimat zur\u00fcckholen. Die Stadt verwendet den Kalender auch gerne f\u00fcr Geschenkzwecke zu Jubil\u00e4en und Geburtstagen\u201c, sagte der B\u00fcrgermeister und nahm gleich daf\u00fcr eine Anzahl mit.<\/p>\n\n\n\n<p>Das Titelbild des Kalenders zeigt jeweils in einer Luftaufnahme den Blick auf Bersenbr\u00fcck aus nord-westlicher Richtung, historisch mit dem Gefl\u00fcgelzuchtbetrieb von Wilhelmine zur Lage, heute das Anwesen Gelinsky, und aktuell die hier erfolgte Wohnbebauung. Weiter werden im Kalender die Betriebe Molkerei am Bahnhof, Tischlerei Kreke, sp\u00e4ter Schulte, Im Dom, W\u00e4scherei Thye-Riehemann, An der Bleiche, Autowerkstatt Kalmlage am fr\u00fcheren Platz an der Bramscher Stra\u00dfe, die Gesch\u00e4ftsh\u00e4user an der Ecke Lindenstra\u00dfe\/Nordstra\u00dfe, Franz Hermeling Getr\u00e4nke KG, Gasthof Hotel Lange, Am Brink, und Milchgesch\u00e4ft Eugen Rumker vorgestellt. Hinzu kommen die Seiten Hase-Flutwehr, ehemalige Katholische Volksschule mit Hausmeister Heinrich Welp und das Freibad Bersenbr\u00fcck mit der aktuellen Sanierung. Die R\u00fcckseite greift den neuen Wohnmobil-Stellplatz auf dem Sch\u00fctzenplatz in der \u201eHemke\u201c auf. Die Standartveranstaltungen des Heimatvereins sind im Kalendarium vermerkt.<\/p>\n\n\n\n<figure class=\"wp-block-image size-large\"><a href=\"https:\/\/heimatvereinbersenbrueck.de\/wordpress\/wp-content\/uploads\/2023\/10\/Vorstellung-Heimat-Kalender-BSB-scaled.jpg\"><img loading=\"lazy\" decoding=\"async\" width=\"960\" height=\"640\" src=\"https:\/\/heimatvereinbersenbrueck.de\/wordpress\/wp-content\/uploads\/2023\/10\/Vorstellung-Heimat-Kalender-BSB-960x640.jpg\" alt=\"\" class=\"wp-image-2019\" srcset=\"https:\/\/heimatvereinbersenbrueck.de\/wordpress\/wp-content\/uploads\/2023\/10\/Vorstellung-Heimat-Kalender-BSB-960x640.jpg 960w, https:\/\/heimatvereinbersenbrueck.de\/wordpress\/wp-content\/uploads\/2023\/10\/Vorstellung-Heimat-Kalender-BSB-620x413.jpg 620w, https:\/\/heimatvereinbersenbrueck.de\/wordpress\/wp-content\/uploads\/2023\/10\/Vorstellung-Heimat-Kalender-BSB-768x512.jpg 768w, https:\/\/heimatvereinbersenbrueck.de\/wordpress\/wp-content\/uploads\/2023\/10\/Vorstellung-Heimat-Kalender-BSB-1536x1024.jpg 1536w, https:\/\/heimatvereinbersenbrueck.de\/wordpress\/wp-content\/uploads\/2023\/10\/Vorstellung-Heimat-Kalender-BSB-2048x1365.jpg 2048w\" sizes=\"auto, (max-width: 960px) 100vw, 960px\" \/><\/a><\/figure>\n\n\n\n<p><strong>Vor dem Museum im Kloster Bersenbr\u00fcck wurde der neue Heimat-Kalender 2024 des Heimatvereins Bersenbr\u00fcck vorgestellt mit (von links) Bernhard Mecklenfeld, Katharina Kuper, Manfred Kalmlage, Franz Buitmann, Hermann Sattinger und B\u00fcrgermeister Christian Kl\u00fctsch.<\/strong><\/p>\n\n\n\n<p><\/p>\n\n\n\n<p><strong>&nbsp;&nbsp;&nbsp;&nbsp;&nbsp;&nbsp;&nbsp;&nbsp;&nbsp;&nbsp;&nbsp;&nbsp;&nbsp;&nbsp;&nbsp;&nbsp;&nbsp;&nbsp;&nbsp;&nbsp;&nbsp;&nbsp;&nbsp;&nbsp;&nbsp;&nbsp;&nbsp;&nbsp;&nbsp;&nbsp;&nbsp;&nbsp;&nbsp;&nbsp;&nbsp;&nbsp;&nbsp;&nbsp;&nbsp;&nbsp;&nbsp;&nbsp;&nbsp;&nbsp;&nbsp;&nbsp;&nbsp;&nbsp;&nbsp;&nbsp;&nbsp;&nbsp;&nbsp;&nbsp;&nbsp;&nbsp;&nbsp;&nbsp;&nbsp;&nbsp;&nbsp;&nbsp;&nbsp;&nbsp;&nbsp;&nbsp;&nbsp;&nbsp;&nbsp;&nbsp;&nbsp;&nbsp;&nbsp;&nbsp;&nbsp;&nbsp;&nbsp;&nbsp;&nbsp; Foto: Heimatverein Bersenbr\u00fcck<\/strong><\/p>\n","protected":false},"excerpt":{"rendered":"<p>Auch f\u00fcr das Jahr 2024 gibt der Heimatverein Bersenbr\u00fcck wieder den Heimat-Kalender unter dem Motto \u201eMein Bersenbr\u00fcck \u2013 Gestern und Heute\u201c heraus, seit 2009 bereichert er die Heimatliteratur. Zum unver\u00e4nderten Preis von zehn Euro kann er ab sofort in den Bersenbr\u00fccker Buchhandlungen B\u00fccherwelt und Meyer, im Gesch\u00e4ft Kolde-Weissmann, in der Tourist-Information, aber auch direkt beim Heimatverein erworben werden. Bei der <a class=\"more-link\" href=\"https:\/\/heimatvereinbersenbrueck.de\/wordpress\/heimatverein-stellte-den-heimat-kalender-2024-mein-bersenbrueck-gestern-und-heute-vor\/\">&lt;weiterlesen&#8230;<\/a><\/p>\n","protected":false},"author":3,"featured_media":2019,"comment_status":"closed","ping_status":"closed","sticky":false,"template":"","format":"standard","meta":{"pgc_sgb_lightbox_settings":"","_EventAllDay":false,"_EventTimezone":"","_EventStartDate":"","_EventEndDate":"","_EventStartDateUTC":"","_EventEndDateUTC":"","_EventShowMap":false,"_EventShowMapLink":false,"_EventURL":"","_EventCost":"","_EventCostDescription":"","_EventCurrencySymbol":"","_EventCurrencyCode":"","_EventCurrencyPosition":"","_EventDateTimeSeparator":"","_EventTimeRangeSeparator":"","_EventOrganizerID":[],"_EventVenueID":[],"_OrganizerEmail":"","_OrganizerPhone":"","_OrganizerWebsite":"","_VenueAddress":"","_VenueCity":"","_VenueCountry":"","_VenueProvince":"","_VenueState":"","_VenueZip":"","_VenuePhone":"","_VenueURL":"","_VenueStateProvince":"","_VenueLat":"","_VenueLng":"","_VenueShowMap":false,"_VenueShowMapLink":false,"footnotes":""},"categories":[28,58,1],"tags":[],"class_list":["post-2018","post","type-post","status-publish","format-standard","has-post-thumbnail","hentry","category-28","category-heimatkalender","category-allgemein"],"_links":{"self":[{"href":"https:\/\/heimatvereinbersenbrueck.de\/wordpress\/wp-json\/wp\/v2\/posts\/2018","targetHints":{"allow":["GET"]}}],"collection":[{"href":"https:\/\/heimatvereinbersenbrueck.de\/wordpress\/wp-json\/wp\/v2\/posts"}],"about":[{"href":"https:\/\/heimatvereinbersenbrueck.de\/wordpress\/wp-json\/wp\/v2\/types\/post"}],"author":[{"embeddable":true,"href":"https:\/\/heimatvereinbersenbrueck.de\/wordpress\/wp-json\/wp\/v2\/users\/3"}],"replies":[{"embeddable":true,"href":"https:\/\/heimatvereinbersenbrueck.de\/wordpress\/wp-json\/wp\/v2\/comments?post=2018"}],"version-history":[{"count":2,"href":"https:\/\/heimatvereinbersenbrueck.de\/wordpress\/wp-json\/wp\/v2\/posts\/2018\/revisions"}],"predecessor-version":[{"id":2819,"href":"https:\/\/heimatvereinbersenbrueck.de\/wordpress\/wp-json\/wp\/v2\/posts\/2018\/revisions\/2819"}],"wp:featuredmedia":[{"embeddable":true,"href":"https:\/\/heimatvereinbersenbrueck.de\/wordpress\/wp-json\/wp\/v2\/media\/2019"}],"wp:attachment":[{"href":"https:\/\/heimatvereinbersenbrueck.de\/wordpress\/wp-json\/wp\/v2\/media?parent=2018"}],"wp:term":[{"taxonomy":"category","embeddable":true,"href":"https:\/\/heimatvereinbersenbrueck.de\/wordpress\/wp-json\/wp\/v2\/categories?post=2018"},{"taxonomy":"post_tag","embeddable":true,"href":"https:\/\/heimatvereinbersenbrueck.de\/wordpress\/wp-json\/wp\/v2\/tags?post=2018"}],"curies":[{"name":"wp","href":"https:\/\/api.w.org\/{rel}","templated":true}]}}