{"id":2036,"date":"2023-11-26T14:55:20","date_gmt":"2023-11-26T13:55:20","guid":{"rendered":"https:\/\/heimatvereinbersenbrueck.de\/wordpress\/?p=2036"},"modified":"2024-11-27T08:18:34","modified_gmt":"2024-11-27T07:18:34","slug":"2036-2","status":"publish","type":"post","link":"https:\/\/heimatvereinbersenbrueck.de\/wordpress\/2036-2\/","title":{"rendered":"Der Heimatverein Bersenbr\u00fcck pflanzte den Baum des Jahres"},"content":{"rendered":"<style>\/*! elementor - v3.17.0 - 08-11-2023 *\/\n.elementor-heading-title{padding:0;margin:0;line-height:1}.elementor-widget-heading .elementor-heading-title[class*=elementor-size-]>a{color:inherit;font-size:inherit;line-height:inherit}.elementor-widget-heading .elementor-heading-title.elementor-size-small{font-size:15px}.elementor-widget-heading .elementor-heading-title.elementor-size-medium{font-size:19px}.elementor-widget-heading .elementor-heading-title.elementor-size-large{font-size:29px}.elementor-widget-heading .elementor-heading-title.elementor-size-xl{font-size:39px}.elementor-widget-heading .elementor-heading-title.elementor-size-xxl{font-size:59px}<\/style>\n<h2>\n<p style=\"background-color: rgb(255, 255, 255); color: rgb(122, 122, 122); font-size: 16px; font-weight: 400; white-space-collapse: collapse;\">Heimatverein Bersenbr\u00fcck pflanzte Baum des JahresMoorbirke als Jubil\u00e4umsbaum anl\u00e4sslich der 70 Jahr Feier des Heimatverein gepflanzt<\/p>\n<\/h2>\n<p>Vertreter der Stadt Bersenbr\u00fcck und des Heimatvereins haben jetzt den\u00a0Baum des Jahres 2023, die Moorbirke, auf dem Gel\u00e4nde am Feldm\u00fchlenteich gepflanzt, wo\u00a0bereits seit 2010 die Jahresb\u00e4ume gepflanzt werden. B\u00fcrgermeister Christian Kl\u00fctsch\u00a0betonte bei der nachhaltigen Aktion, dass aufgrund der Pflege durch den Heimatverein inden vergangenen 13 Jahren die bislang gepflanzten B\u00e4ume sich sehr gut entwickelt h\u00e4tten.<\/p>\n<p>Lediglich die im Jahr 2021 gepflanzte Stechpalme, auch besser bekannt als Ilex oder\u00a0H\u00fclsebusch, sei nicht angewachsen. Franz Buitmann vom Heimatverein Bersenbr\u00fcck\u00a0betonte, dass man nicht nur die Pflege der Natur in der Satzung stehen habe, sondern es\u00a0w\u00fcrde auch praktisch viel umgesetzt. <\/p>\n<p>Weiter erl\u00e4uterte er kurz die vielf\u00e4ltige Flora des\u00a0weitl\u00e4ufigen Gel\u00e4ndes mit Teich, Wiese und B\u00e4umen beim Bersenbr\u00fccker Heimathaus. <br \/>Die\u00a0Moorbirke w\u00fcrde sicherlich in Erinnerung bleiben, da sie zum 70. Jubil\u00e4um des Heimatverein\u00a0Bersenbr\u00fcck gepflanzt wurde. Was 1992 als einmalige Aktion erfolgte, hat sich aufgrund der\u00a0erfreulicherweise konstant hohen Nachfrage zu einem j\u00e4hrlichen Brauch der\u00a0Naturschutzstiftung des Landkreises Osnabr\u00fcck entwickelt.\u00a0<\/p>\n<p>In den vergangenen 32 Jahren\u00a0wurden so rund 2.300 B\u00e4ume gepflanzt. Jetzt kommen 77 Moorbirken im Kreisgebiet dazu.<\/p>\n<p>Die Aktion soll dazu beitragen, die Vielfalt an B\u00e4umen in der Region zu erhalten.<\/p>\n<p>Im\u00a0Landkreis Osnabr\u00fcck w\u00e4chst die Moorbirke in den entw\u00e4sserten Hochmooren, den Bruch-\u00a0und Moorw\u00e4ldern sowie auf Niedermoorstandorten. So ist der Baum unter anderem in\u00a0verschiedenen Mooren im Nordkreis anzutreffen. Doch die Moorbirke ist seltener geworden.<\/p>\n<p>Auf die besonderen Verh\u00e4ltnisse der Moorb\u00f6den spezialisiert, leidet sie unter der<br \/>Trockenlegung der Moore.<br \/>\u00a0Eine Moor Wiedervern\u00e4ssung kommt auch der Moorbirke und\u00a0ihren Lebensr\u00e4umen zugute. <br \/>Vor dem Baum steht noch ein Pfahl mit dem Baumnamen auf\u00a0einer Plakette, was eine gute Information f\u00fcr Interessierte ist.<\/p>\n<p>Die beigef\u00fcgte Aufnahme zeigt Mitglieder des Stadtrates und des Heimatvereins anl\u00e4sslich\u00a0der Pflanzaktion. Angie\u00dfen brauchten sie die Moorbirke auf jeden Fall an diesem Tag nicht,\u00a0da die Witterung genug nat\u00fcrliches Wasser regnen lie\u00df.<\/p>\n<p>Text und Foto : Reinhard Rehkamp\u00a0<\/p>\n<p>\u00a0<\/p>\n<style>\/*! elementor - v3.17.0 - 08-11-2023 *\/\n.elementor-widget-image{text-align:center}.elementor-widget-image a{display:inline-block}.elementor-widget-image a img[src$=\".svg\"]{width:48px}.elementor-widget-image img{vertical-align:middle;display:inline-block}<\/style>\n<figure>\n\t\t\t\t\t\t\t\t\t\t<img decoding=\"async\" width=\"640\" height=\"427\" src=\"https:\/\/heimatvereinbersenbrueck.de\/wordpress\/wp-content\/uploads\/2023\/11\/Moorbirke-ist-Baum-des-Jahres-2023.Foto-R.Rehkamp-960x640.jpg\" alt=\"\" loading=\"lazy\" srcset=\"https:\/\/heimatvereinbersenbrueck.de\/wordpress\/wp-content\/uploads\/2023\/11\/Moorbirke-ist-Baum-des-Jahres-2023.Foto-R.Rehkamp-960x640.jpg 960w, https:\/\/heimatvereinbersenbrueck.de\/wordpress\/wp-content\/uploads\/2023\/11\/Moorbirke-ist-Baum-des-Jahres-2023.Foto-R.Rehkamp-620x413.jpg 620w, https:\/\/heimatvereinbersenbrueck.de\/wordpress\/wp-content\/uploads\/2023\/11\/Moorbirke-ist-Baum-des-Jahres-2023.Foto-R.Rehkamp-768x512.jpg 768w, https:\/\/heimatvereinbersenbrueck.de\/wordpress\/wp-content\/uploads\/2023\/11\/Moorbirke-ist-Baum-des-Jahres-2023.Foto-R.Rehkamp-1536x1024.jpg 1536w, https:\/\/heimatvereinbersenbrueck.de\/wordpress\/wp-content\/uploads\/2023\/11\/Moorbirke-ist-Baum-des-Jahres-2023.Foto-R.Rehkamp-2048x1366.jpg 2048w\" sizes=\"auto, (max-width: 640px) 100vw, 640px\" \/><figcaption>Heimatverein Bersenbr\u00fcck pflanzte Baum des JahresMoorbirke als Jubil\u00e4umsbaum anl\u00e4sslich der 70 Jahr Feier des Heimatverein gepflanzt<\/figcaption><\/figure>\n","protected":false},"excerpt":{"rendered":"<p>Heimatverein Bersenbr\u00fcck pflanzte Baum des JahresMoorbirke als Jubil\u00e4umsbaum anl\u00e4sslich der 70 Jahr Feier des Heimatverein gepflanzt Vertreter der Stadt Bersenbr\u00fcck und des Heimatvereins haben jetzt den\u00a0Baum des Jahres 2023, die Moorbirke, auf dem Gel\u00e4nde am Feldm\u00fchlenteich gepflanzt, wo\u00a0bereits seit 2010 die Jahresb\u00e4ume gepflanzt werden. B\u00fcrgermeister Christian Kl\u00fctsch\u00a0betonte bei der nachhaltigen Aktion, dass aufgrund der Pflege durch den Heimatverein inden vergangenen <a class=\"more-link\" href=\"https:\/\/heimatvereinbersenbrueck.de\/wordpress\/2036-2\/\">&lt;weiterlesen&#8230;<\/a><\/p>\n","protected":false},"author":3,"featured_media":2038,"comment_status":"closed","ping_status":"closed","sticky":false,"template":"","format":"standard","meta":{"pgc_sgb_lightbox_settings":"","_EventAllDay":false,"_EventTimezone":"","_EventStartDate":"","_EventEndDate":"","_EventStartDateUTC":"","_EventEndDateUTC":"","_EventShowMap":false,"_EventShowMapLink":false,"_EventURL":"","_EventCost":"","_EventCostDescription":"","_EventCurrencySymbol":"","_EventCurrencyCode":"","_EventCurrencyPosition":"","_EventDateTimeSeparator":"","_EventTimeRangeSeparator":"","_EventOrganizerID":[],"_EventVenueID":[],"_OrganizerEmail":"","_OrganizerPhone":"","_OrganizerWebsite":"","_VenueAddress":"","_VenueCity":"","_VenueCountry":"","_VenueProvince":"","_VenueState":"","_VenueZip":"","_VenuePhone":"","_VenueURL":"","_VenueStateProvince":"","_VenueLat":"","_VenueLng":"","_VenueShowMap":false,"_VenueShowMapLink":false,"footnotes":""},"categories":[28,55,1],"tags":[],"class_list":["post-2036","post","type-post","status-publish","format-standard","has-post-thumbnail","hentry","category-28","category-naturschutzaktionen","category-allgemein"],"_links":{"self":[{"href":"https:\/\/heimatvereinbersenbrueck.de\/wordpress\/wp-json\/wp\/v2\/posts\/2036","targetHints":{"allow":["GET"]}}],"collection":[{"href":"https:\/\/heimatvereinbersenbrueck.de\/wordpress\/wp-json\/wp\/v2\/posts"}],"about":[{"href":"https:\/\/heimatvereinbersenbrueck.de\/wordpress\/wp-json\/wp\/v2\/types\/post"}],"author":[{"embeddable":true,"href":"https:\/\/heimatvereinbersenbrueck.de\/wordpress\/wp-json\/wp\/v2\/users\/3"}],"replies":[{"embeddable":true,"href":"https:\/\/heimatvereinbersenbrueck.de\/wordpress\/wp-json\/wp\/v2\/comments?post=2036"}],"version-history":[{"count":27,"href":"https:\/\/heimatvereinbersenbrueck.de\/wordpress\/wp-json\/wp\/v2\/posts\/2036\/revisions"}],"predecessor-version":[{"id":2065,"href":"https:\/\/heimatvereinbersenbrueck.de\/wordpress\/wp-json\/wp\/v2\/posts\/2036\/revisions\/2065"}],"wp:featuredmedia":[{"embeddable":true,"href":"https:\/\/heimatvereinbersenbrueck.de\/wordpress\/wp-json\/wp\/v2\/media\/2038"}],"wp:attachment":[{"href":"https:\/\/heimatvereinbersenbrueck.de\/wordpress\/wp-json\/wp\/v2\/media?parent=2036"}],"wp:term":[{"taxonomy":"category","embeddable":true,"href":"https:\/\/heimatvereinbersenbrueck.de\/wordpress\/wp-json\/wp\/v2\/categories?post=2036"},{"taxonomy":"post_tag","embeddable":true,"href":"https:\/\/heimatvereinbersenbrueck.de\/wordpress\/wp-json\/wp\/v2\/tags?post=2036"}],"curies":[{"name":"wp","href":"https:\/\/api.w.org\/{rel}","templated":true}]}}