{"id":2066,"date":"2023-11-27T07:34:55","date_gmt":"2023-11-27T06:34:55","guid":{"rendered":"https:\/\/heimatvereinbersenbrueck.de\/wordpress\/?p=2066"},"modified":"2024-11-27T08:18:54","modified_gmt":"2024-11-27T07:18:54","slug":"chronik-anlaesslich-des-70-jaehrigen-bestehens-des-heimatvereins-bersenbrueck-vorgestellt","status":"publish","type":"post","link":"https:\/\/heimatvereinbersenbrueck.de\/wordpress\/chronik-anlaesslich-des-70-jaehrigen-bestehens-des-heimatvereins-bersenbrueck-vorgestellt\/","title":{"rendered":"Chronik anl\u00e4sslich des 70\u2014j\u00e4hrigen Bestehens des Heimatvereins Bersenbr\u00fcck vorgestellt"},"content":{"rendered":"\n<pre class=\"wp-block-preformatted\">von der historischen Feldm\u00fchle zum Heimathaus Feldm\u00fchle\nChronik anl\u00e4sslich des 70\u2014j\u00e4hrigen Bestehens des Heimatvereins Bersenbr\u00fcck vorgestellt \n\n\u201eVon der Feldm\u00fchle des Zisterzienserinnen Klosters Bersenbr\u00fcck zum Heimathaus Feldm\u00fchle des Heimatvereins Bersenbr\u00fcck e. V\u201c lautet der Titel einer Chronik, die anl\u00e4sslich des 70\u2014j\u00e4hrigen Bestehens des Heimatvereins Bersenbr\u00fcck auf einer Feierstunde vorgestellt wurde.\n\nGrundlage f\u00fcr die Chronik waren der im Jahre 2000 von Otto zu Hoene historische Abriss \u201eDie Feldm\u00fchle in Bersenbr\u00fcck\u201c und \u201eBersenbr\u00fcck in alten Ansichten\u201c. \n\nVereinsvorsitzender Franz Buitmann stellte anhand einer Bildpr\u00e4sentation den Werdegang und die wechselvolle Geschichte der Feldm\u00fchle und ihres Umfeldes dar.\n\n1231 geschah die erste Erw\u00e4hnung einer Bersenbr\u00fccker M\u00fchle, als Graf Otto von Ravensberg-Vechta das Kloster Bersenbr\u00fcck stiftete und es unter anderem mit dem Oberhof und der dazugeh\u00f6rigen M\u00fchle am Feldm\u00fchlenbach ausstattete.\n\nHeute wird das Heimathaus nicht nur f\u00fcr standesamtliche Trauungen und kleinere Geburtstags- und Familienfeiern genutzt, sondern ist, wie es Buitmann bezeichnete, auch ein kleines Kulturzentrum. \n\n<strong>Die vom Medienpark Ankum hergestellte Chronik ist f\u00fcr 14,90 Euro in den Bersenbr\u00fccker Buchhandlungen erh\u00e4ltlich. <\/strong><\/pre>\n\n\n\n<figure class=\"wp-block-image size-large\"><a href=\"https:\/\/heimatvereinbersenbrueck.de\/wordpress\/wp-content\/uploads\/2023\/11\/von-der-Feldmuehle-zum-Heimathaus-Feldmuehle.Foto-R.Rehkamp-scaled.jpg\"><img loading=\"lazy\" decoding=\"async\" width=\"960\" height=\"504\" src=\"https:\/\/heimatvereinbersenbrueck.de\/wordpress\/wp-content\/uploads\/2023\/11\/von-der-Feldmuehle-zum-Heimathaus-Feldmuehle.Foto-R.Rehkamp-960x504.jpg\" alt=\"\" class=\"wp-image-2069\" srcset=\"https:\/\/heimatvereinbersenbrueck.de\/wordpress\/wp-content\/uploads\/2023\/11\/von-der-Feldmuehle-zum-Heimathaus-Feldmuehle.Foto-R.Rehkamp-960x504.jpg 960w, https:\/\/heimatvereinbersenbrueck.de\/wordpress\/wp-content\/uploads\/2023\/11\/von-der-Feldmuehle-zum-Heimathaus-Feldmuehle.Foto-R.Rehkamp-620x326.jpg 620w, https:\/\/heimatvereinbersenbrueck.de\/wordpress\/wp-content\/uploads\/2023\/11\/von-der-Feldmuehle-zum-Heimathaus-Feldmuehle.Foto-R.Rehkamp-768x403.jpg 768w, https:\/\/heimatvereinbersenbrueck.de\/wordpress\/wp-content\/uploads\/2023\/11\/von-der-Feldmuehle-zum-Heimathaus-Feldmuehle.Foto-R.Rehkamp-1536x807.jpg 1536w, https:\/\/heimatvereinbersenbrueck.de\/wordpress\/wp-content\/uploads\/2023\/11\/von-der-Feldmuehle-zum-Heimathaus-Feldmuehle.Foto-R.Rehkamp-2048x1076.jpg 2048w\" sizes=\"auto, (max-width: 960px) 100vw, 960px\" \/><\/a><\/figure>\n\n\n\n<pre class=\"wp-block-preformatted\">Die beigef\u00fcgte Aufnahme zeigt die G\u00e4ste der Feierstunde mit dem Vereinsvorsitzenden Franz Buitmann (3.v.re.), die einer der ersten waren, die ein Exemplar der neuen Chronik erhielten. <\/pre>\n\n\n\n<figure class=\"wp-block-gallery has-nested-images columns-default is-cropped wp-block-gallery-1 is-layout-flex wp-block-gallery-is-layout-flex\">\n<figure class=\"wp-block-image size-large\"><a href=\"https:\/\/heimatvereinbersenbrueck.de\/wordpress\/wp-content\/uploads\/2023\/11\/70-Jahre-Heimatverein-Bersenbrueck.Foto-Reinhard-Rehkamp-7-scaled.jpg\"><img loading=\"lazy\" decoding=\"async\" width=\"960\" height=\"640\" data-id=\"2072\" src=\"https:\/\/heimatvereinbersenbrueck.de\/wordpress\/wp-content\/uploads\/2023\/11\/70-Jahre-Heimatverein-Bersenbrueck.Foto-Reinhard-Rehkamp-7-960x640.jpg\" alt=\"\" class=\"wp-image-2072\" srcset=\"https:\/\/heimatvereinbersenbrueck.de\/wordpress\/wp-content\/uploads\/2023\/11\/70-Jahre-Heimatverein-Bersenbrueck.Foto-Reinhard-Rehkamp-7-960x640.jpg 960w, https:\/\/heimatvereinbersenbrueck.de\/wordpress\/wp-content\/uploads\/2023\/11\/70-Jahre-Heimatverein-Bersenbrueck.Foto-Reinhard-Rehkamp-7-620x413.jpg 620w, https:\/\/heimatvereinbersenbrueck.de\/wordpress\/wp-content\/uploads\/2023\/11\/70-Jahre-Heimatverein-Bersenbrueck.Foto-Reinhard-Rehkamp-7-768x512.jpg 768w, https:\/\/heimatvereinbersenbrueck.de\/wordpress\/wp-content\/uploads\/2023\/11\/70-Jahre-Heimatverein-Bersenbrueck.Foto-Reinhard-Rehkamp-7-1536x1024.jpg 1536w, https:\/\/heimatvereinbersenbrueck.de\/wordpress\/wp-content\/uploads\/2023\/11\/70-Jahre-Heimatverein-Bersenbrueck.Foto-Reinhard-Rehkamp-7-2048x1366.jpg 2048w\" sizes=\"auto, (max-width: 960px) 100vw, 960px\" \/><\/a><\/figure>\n\n\n\n<figure class=\"wp-block-image size-large\"><a href=\"https:\/\/heimatvereinbersenbrueck.de\/wordpress\/wp-content\/uploads\/2023\/11\/70-Jahre-Heimatverein-Bersenbrueck.Foto-Reinhard-Rehkamp-5-scaled.jpg\"><img loading=\"lazy\" decoding=\"async\" width=\"960\" height=\"640\" data-id=\"2074\" src=\"https:\/\/heimatvereinbersenbrueck.de\/wordpress\/wp-content\/uploads\/2023\/11\/70-Jahre-Heimatverein-Bersenbrueck.Foto-Reinhard-Rehkamp-5-960x640.jpg\" alt=\"\" class=\"wp-image-2074\" srcset=\"https:\/\/heimatvereinbersenbrueck.de\/wordpress\/wp-content\/uploads\/2023\/11\/70-Jahre-Heimatverein-Bersenbrueck.Foto-Reinhard-Rehkamp-5-960x640.jpg 960w, https:\/\/heimatvereinbersenbrueck.de\/wordpress\/wp-content\/uploads\/2023\/11\/70-Jahre-Heimatverein-Bersenbrueck.Foto-Reinhard-Rehkamp-5-620x413.jpg 620w, https:\/\/heimatvereinbersenbrueck.de\/wordpress\/wp-content\/uploads\/2023\/11\/70-Jahre-Heimatverein-Bersenbrueck.Foto-Reinhard-Rehkamp-5-768x512.jpg 768w, https:\/\/heimatvereinbersenbrueck.de\/wordpress\/wp-content\/uploads\/2023\/11\/70-Jahre-Heimatverein-Bersenbrueck.Foto-Reinhard-Rehkamp-5-1536x1024.jpg 1536w, https:\/\/heimatvereinbersenbrueck.de\/wordpress\/wp-content\/uploads\/2023\/11\/70-Jahre-Heimatverein-Bersenbrueck.Foto-Reinhard-Rehkamp-5-2048x1365.jpg 2048w\" sizes=\"auto, (max-width: 960px) 100vw, 960px\" \/><\/a><\/figure>\n\n\n\n<figure class=\"wp-block-image size-large\"><a href=\"https:\/\/heimatvereinbersenbrueck.de\/wordpress\/wp-content\/uploads\/2023\/11\/70-Jahre-Heimatverein-Bersenbrueck.Foto-Reinhard-Rehkamp-4-scaled.jpg\"><img loading=\"lazy\" decoding=\"async\" width=\"960\" height=\"640\" data-id=\"2075\" src=\"https:\/\/heimatvereinbersenbrueck.de\/wordpress\/wp-content\/uploads\/2023\/11\/70-Jahre-Heimatverein-Bersenbrueck.Foto-Reinhard-Rehkamp-4-960x640.jpg\" alt=\"\" class=\"wp-image-2075\" srcset=\"https:\/\/heimatvereinbersenbrueck.de\/wordpress\/wp-content\/uploads\/2023\/11\/70-Jahre-Heimatverein-Bersenbrueck.Foto-Reinhard-Rehkamp-4-960x640.jpg 960w, https:\/\/heimatvereinbersenbrueck.de\/wordpress\/wp-content\/uploads\/2023\/11\/70-Jahre-Heimatverein-Bersenbrueck.Foto-Reinhard-Rehkamp-4-620x413.jpg 620w, https:\/\/heimatvereinbersenbrueck.de\/wordpress\/wp-content\/uploads\/2023\/11\/70-Jahre-Heimatverein-Bersenbrueck.Foto-Reinhard-Rehkamp-4-768x512.jpg 768w, https:\/\/heimatvereinbersenbrueck.de\/wordpress\/wp-content\/uploads\/2023\/11\/70-Jahre-Heimatverein-Bersenbrueck.Foto-Reinhard-Rehkamp-4-1536x1024.jpg 1536w, https:\/\/heimatvereinbersenbrueck.de\/wordpress\/wp-content\/uploads\/2023\/11\/70-Jahre-Heimatverein-Bersenbrueck.Foto-Reinhard-Rehkamp-4-2048x1365.jpg 2048w\" sizes=\"auto, (max-width: 960px) 100vw, 960px\" \/><\/a><\/figure>\n\n\n\n<figure class=\"wp-block-image size-large\"><a href=\"https:\/\/heimatvereinbersenbrueck.de\/wordpress\/wp-content\/uploads\/2023\/11\/70-Jahre-Heimatverein-Bersenbrueck.Foto-Reinhard-Rehkamp-3-scaled.jpg\"><img loading=\"lazy\" decoding=\"async\" width=\"960\" height=\"640\" data-id=\"2076\" src=\"https:\/\/heimatvereinbersenbrueck.de\/wordpress\/wp-content\/uploads\/2023\/11\/70-Jahre-Heimatverein-Bersenbrueck.Foto-Reinhard-Rehkamp-3-960x640.jpg\" alt=\"\" class=\"wp-image-2076\" srcset=\"https:\/\/heimatvereinbersenbrueck.de\/wordpress\/wp-content\/uploads\/2023\/11\/70-Jahre-Heimatverein-Bersenbrueck.Foto-Reinhard-Rehkamp-3-960x640.jpg 960w, https:\/\/heimatvereinbersenbrueck.de\/wordpress\/wp-content\/uploads\/2023\/11\/70-Jahre-Heimatverein-Bersenbrueck.Foto-Reinhard-Rehkamp-3-620x413.jpg 620w, https:\/\/heimatvereinbersenbrueck.de\/wordpress\/wp-content\/uploads\/2023\/11\/70-Jahre-Heimatverein-Bersenbrueck.Foto-Reinhard-Rehkamp-3-768x512.jpg 768w, https:\/\/heimatvereinbersenbrueck.de\/wordpress\/wp-content\/uploads\/2023\/11\/70-Jahre-Heimatverein-Bersenbrueck.Foto-Reinhard-Rehkamp-3-1536x1024.jpg 1536w, https:\/\/heimatvereinbersenbrueck.de\/wordpress\/wp-content\/uploads\/2023\/11\/70-Jahre-Heimatverein-Bersenbrueck.Foto-Reinhard-Rehkamp-3-2048x1365.jpg 2048w\" sizes=\"auto, (max-width: 960px) 100vw, 960px\" \/><\/a><\/figure>\n\n\n\n<figure class=\"wp-block-image size-large\"><a href=\"https:\/\/heimatvereinbersenbrueck.de\/wordpress\/wp-content\/uploads\/2023\/11\/70-Jahre-Heimatverein-Bersenbrueck.Foto-Reinhard-Rehkamp-2-scaled.jpg\"><img loading=\"lazy\" decoding=\"async\" width=\"960\" height=\"640\" data-id=\"2071\" src=\"https:\/\/heimatvereinbersenbrueck.de\/wordpress\/wp-content\/uploads\/2023\/11\/70-Jahre-Heimatverein-Bersenbrueck.Foto-Reinhard-Rehkamp-2-960x640.jpg\" alt=\"\" class=\"wp-image-2071\" srcset=\"https:\/\/heimatvereinbersenbrueck.de\/wordpress\/wp-content\/uploads\/2023\/11\/70-Jahre-Heimatverein-Bersenbrueck.Foto-Reinhard-Rehkamp-2-960x640.jpg 960w, https:\/\/heimatvereinbersenbrueck.de\/wordpress\/wp-content\/uploads\/2023\/11\/70-Jahre-Heimatverein-Bersenbrueck.Foto-Reinhard-Rehkamp-2-620x413.jpg 620w, https:\/\/heimatvereinbersenbrueck.de\/wordpress\/wp-content\/uploads\/2023\/11\/70-Jahre-Heimatverein-Bersenbrueck.Foto-Reinhard-Rehkamp-2-768x512.jpg 768w, https:\/\/heimatvereinbersenbrueck.de\/wordpress\/wp-content\/uploads\/2023\/11\/70-Jahre-Heimatverein-Bersenbrueck.Foto-Reinhard-Rehkamp-2-1536x1024.jpg 1536w, https:\/\/heimatvereinbersenbrueck.de\/wordpress\/wp-content\/uploads\/2023\/11\/70-Jahre-Heimatverein-Bersenbrueck.Foto-Reinhard-Rehkamp-2-2048x1365.jpg 2048w\" sizes=\"auto, (max-width: 960px) 100vw, 960px\" \/><\/a><\/figure>\n\n\n\n<figure class=\"wp-block-image size-large\"><a href=\"https:\/\/heimatvereinbersenbrueck.de\/wordpress\/wp-content\/uploads\/2023\/11\/70-Jahre-Heimatverein-Bersenbrueck.Foto-Reinhard-Rehkamp-1-scaled.jpg\"><img loading=\"lazy\" decoding=\"async\" width=\"960\" height=\"640\" data-id=\"2073\" src=\"https:\/\/heimatvereinbersenbrueck.de\/wordpress\/wp-content\/uploads\/2023\/11\/70-Jahre-Heimatverein-Bersenbrueck.Foto-Reinhard-Rehkamp-1-960x640.jpg\" alt=\"\" class=\"wp-image-2073\" srcset=\"https:\/\/heimatvereinbersenbrueck.de\/wordpress\/wp-content\/uploads\/2023\/11\/70-Jahre-Heimatverein-Bersenbrueck.Foto-Reinhard-Rehkamp-1-960x640.jpg 960w, https:\/\/heimatvereinbersenbrueck.de\/wordpress\/wp-content\/uploads\/2023\/11\/70-Jahre-Heimatverein-Bersenbrueck.Foto-Reinhard-Rehkamp-1-620x413.jpg 620w, https:\/\/heimatvereinbersenbrueck.de\/wordpress\/wp-content\/uploads\/2023\/11\/70-Jahre-Heimatverein-Bersenbrueck.Foto-Reinhard-Rehkamp-1-768x512.jpg 768w, https:\/\/heimatvereinbersenbrueck.de\/wordpress\/wp-content\/uploads\/2023\/11\/70-Jahre-Heimatverein-Bersenbrueck.Foto-Reinhard-Rehkamp-1-1536x1024.jpg 1536w, https:\/\/heimatvereinbersenbrueck.de\/wordpress\/wp-content\/uploads\/2023\/11\/70-Jahre-Heimatverein-Bersenbrueck.Foto-Reinhard-Rehkamp-1-2048x1365.jpg 2048w\" sizes=\"auto, (max-width: 960px) 100vw, 960px\" \/><\/a><\/figure>\n<\/figure>\n","protected":false},"excerpt":{"rendered":"<p>von der historischen Feldm\u00fchle zum Heimathaus Feldm\u00fchle Chronik anl\u00e4sslich des 70\u2014j\u00e4hrigen Bestehens des Heimatvereins Bersenbr\u00fcck vorgestellt \u201eVon der Feldm\u00fchle des Zisterzienserinnen Klosters Bersenbr\u00fcck zum Heimathaus Feldm\u00fchle des Heimatvereins Bersenbr\u00fcck e. V\u201c lautet der Titel einer Chronik, die anl\u00e4sslich des 70\u2014j\u00e4hrigen Bestehens des Heimatvereins Bersenbr\u00fcck auf einer Feierstunde vorgestellt wurde. Grundlage f\u00fcr die Chronik waren der im Jahre 2000 von Otto <a class=\"more-link\" href=\"https:\/\/heimatvereinbersenbrueck.de\/wordpress\/chronik-anlaesslich-des-70-jaehrigen-bestehens-des-heimatvereins-bersenbrueck-vorgestellt\/\">&lt;weiterlesen&#8230;<\/a><\/p>\n","protected":false},"author":3,"featured_media":2069,"comment_status":"closed","ping_status":"closed","sticky":false,"template":"","format":"standard","meta":{"pgc_sgb_lightbox_settings":"","_EventAllDay":false,"_EventTimezone":"","_EventStartDate":"","_EventEndDate":"","_EventStartDateUTC":"","_EventEndDateUTC":"","_EventShowMap":false,"_EventShowMapLink":false,"_EventURL":"","_EventCost":"","_EventCostDescription":"","_EventCurrencySymbol":"","_EventCurrencyCode":"","_EventCurrencyPosition":"","_EventDateTimeSeparator":"","_EventTimeRangeSeparator":"","_EventOrganizerID":[],"_EventVenueID":[],"_OrganizerEmail":"","_OrganizerPhone":"","_OrganizerWebsite":"","_VenueAddress":"","_VenueCity":"","_VenueCountry":"","_VenueProvince":"","_VenueState":"","_VenueZip":"","_VenuePhone":"","_VenueURL":"","_VenueStateProvince":"","_VenueLat":"","_VenueLng":"","_VenueShowMap":false,"_VenueShowMapLink":false,"footnotes":""},"categories":[28,1,27],"tags":[],"class_list":["post-2066","post","type-post","status-publish","format-standard","has-post-thumbnail","hentry","category-28","category-allgemein","category-veranstaltungen"],"_links":{"self":[{"href":"https:\/\/heimatvereinbersenbrueck.de\/wordpress\/wp-json\/wp\/v2\/posts\/2066","targetHints":{"allow":["GET"]}}],"collection":[{"href":"https:\/\/heimatvereinbersenbrueck.de\/wordpress\/wp-json\/wp\/v2\/posts"}],"about":[{"href":"https:\/\/heimatvereinbersenbrueck.de\/wordpress\/wp-json\/wp\/v2\/types\/post"}],"author":[{"embeddable":true,"href":"https:\/\/heimatvereinbersenbrueck.de\/wordpress\/wp-json\/wp\/v2\/users\/3"}],"replies":[{"embeddable":true,"href":"https:\/\/heimatvereinbersenbrueck.de\/wordpress\/wp-json\/wp\/v2\/comments?post=2066"}],"version-history":[{"count":3,"href":"https:\/\/heimatvereinbersenbrueck.de\/wordpress\/wp-json\/wp\/v2\/posts\/2066\/revisions"}],"predecessor-version":[{"id":2077,"href":"https:\/\/heimatvereinbersenbrueck.de\/wordpress\/wp-json\/wp\/v2\/posts\/2066\/revisions\/2077"}],"wp:featuredmedia":[{"embeddable":true,"href":"https:\/\/heimatvereinbersenbrueck.de\/wordpress\/wp-json\/wp\/v2\/media\/2069"}],"wp:attachment":[{"href":"https:\/\/heimatvereinbersenbrueck.de\/wordpress\/wp-json\/wp\/v2\/media?parent=2066"}],"wp:term":[{"taxonomy":"category","embeddable":true,"href":"https:\/\/heimatvereinbersenbrueck.de\/wordpress\/wp-json\/wp\/v2\/categories?post=2066"},{"taxonomy":"post_tag","embeddable":true,"href":"https:\/\/heimatvereinbersenbrueck.de\/wordpress\/wp-json\/wp\/v2\/tags?post=2066"}],"curies":[{"name":"wp","href":"https:\/\/api.w.org\/{rel}","templated":true}]}}