{"id":2230,"date":"2024-02-01T09:24:53","date_gmt":"2024-02-01T08:24:53","guid":{"rendered":"https:\/\/heimatvereinbersenbrueck.de\/wordpress\/?p=2230"},"modified":"2024-11-12T12:18:38","modified_gmt":"2024-11-12T11:18:38","slug":"elementor-2230","status":"publish","type":"post","link":"https:\/\/heimatvereinbersenbrueck.de\/wordpress\/elementor-2230\/","title":{"rendered":"Einladung zur Hauptversammlung 2024"},"content":{"rendered":"<p>Liebe\u00a0Mitglieder des Heimatvereins Bersenbr\u00fcck, die diesj\u00e4hrige ordentliche<br \/>Jahreshauptversammlung des Heimatvereins Bersenbr\u00fcck e. V. findet am<\/p>\n<p><b>\u00a0\u00a0\u00a0\u00a0\u00a0\u00a0\u00a0\u00a0\u00a0\u00a0\u00a0\u00a0\u00a0\u00a0\u00a0\u00a0\u00a0\u00a0\u00a0\u00a0\u00a0\u00a0\u00a0\u00a0\u00a0\u00a0\u00a0\u00a0 Freitag, den 8. M\u00e4rz 2024, um 19 Uhr<\/b><\/p>\n<p>im <b>Heimathaus Feldm\u00fchle, An der Feldm\u00fchle 4, in 49593 Bersenbr\u00fcck<\/b><\/p>\n<p>statt.<\/p>\n<p style=\"text-align: center;\"><b>Tagesordnung<\/b><\/p>\n<p style=\"text-indent: -18.0pt; mso-list: l1 level1 lfo1;\"><!-- [if !supportLists]-->\u00a0 \u00a0 \u00a0 \u00a0 \u00a0 \u00a0 \u00a0 \u00a0 \u00a0 \u00a0 \u00a0 \u00a0 \u00a0 1.\u00a0\u00a0\u00a0\u00a0 <!--[endif]-->Begr\u00fc\u00dfung, Er\u00f6ffnung und Feststellung<br \/>der Beschlussf\u00e4higkeit und der Tagesordnung der Jahreshauptversammlung<\/p>\n<p style=\"text-indent: -18.0pt; mso-list: l1 level1 lfo1;\"><!-- [if !supportLists]-->\u00a0 \u00a0 \u00a0 \u00a0 \u00a0 \u00a0 \u00a0 \u00a0 \u00a0 \u00a0 \u00a0 \u00a0 \u00a0 2.\u00a0\u00a0\u00a0 Verlesung und Genehmigung des<br \/>Protokolls der Jahreshauptversammlung vom 10. 3. 2023<\/p>\n<p style=\"text-indent: -18.0pt; mso-list: l1 level1 lfo1;\"><!-- [if !supportLists]-->\u00a0 \u00a0 \u00a0 \u00a0 \u00a0 \u00a0 \u00a0 \u00a0 \u00a0 \u00a0 \u00a0 \u00a0 \u00a0 3.\u00a0\u00a0\u00a0\u00a0 <!--[endif]-->Totenehrung<\/p>\n<p style=\"text-indent: -18.0pt; mso-list: l1 level1 lfo1;\"><!-- [if !supportLists]-->\u00a0 \u00a0 \u00a0 \u00a0 \u00a0 \u00a0 \u00a0 \u00a0 \u00a0 \u00a0 \u00a0 \u00a0 \u00a04.\u00a0\u00a0\u00a0\u00a0 <!--[endif]-->Jahresbericht des Vorsitzenden in<br \/>Bild und Wort<\/p>\n<p style=\"text-indent: -18.0pt; mso-list: l1 level1 lfo1;\"><!-- [if !supportLists]-->\u00a0 \u00a0 \u00a0 \u00a0 \u00a0 \u00a0 \u00a0 \u00a0 \u00a0 \u00a0 \u00a0 \u00a0 \u00a05.\u00a0\u00a0\u00a0\u00a0 <!--[endif]-->Kassenbericht<\/p>\n<p style=\"text-indent: -18.0pt; mso-list: l1 level1 lfo1;\"><!-- [if !supportLists]-->\u00a0 \u00a0 \u00a0 \u00a0 \u00a0 \u00a0 \u00a0 \u00a0 \u00a0 \u00a0 \u00a0 \u00a0 \u00a06.\u00a0\u00a0\u00a0\u00a0 <!--[endif]-->Bericht der Kassenpr\u00fcfer<\/p>\n<p style=\"text-indent: -18.0pt; mso-list: l1 level1 lfo1;\"><!-- [if !supportLists]-->\u00a0 \u00a0 \u00a0 \u00a0 \u00a0 \u00a0 \u00a0 \u00a0 \u00a0 \u00a0 \u00a0 \u00a0 \u00a07.\u00a0\u00a0\u00a0\u00a0 <!--[endif]-->Aussprache zu den Berichten<\/p>\n<p style=\"text-indent: -18.0pt; mso-list: l1 level1 lfo1;\"><!-- [if !supportLists]-->\u00a0 \u00a0 \u00a0 \u00a0 \u00a0 \u00a0 \u00a0 \u00a0 \u00a0 \u00a0 \u00a0 \u00a0 \u00a08.\u00a0\u00a0\u00a0\u00a0 <!--[endif]-->Entlastung des Vorstandes<\/p>\n<p style=\"text-indent: -18.0pt; mso-list: l1 level1 lfo1;\"><!-- [if !supportLists]-->\u00a0 \u00a0 \u00a0 \u00a0 \u00a0 \u00a0 \u00a0 \u00a0 \u00a0 \u00a0 \u00a0 \u00a0 \u00a09.\u00a0\u00a0\u00a0\u00a0 <!--[endif]-->Vorstandswahlen<\/p>\n<p style=\"margin-left: 54.0pt; mso-add-space: auto; text-indent: -18.0pt; mso-list: l0 level1 lfo2;\"><!-- [if !supportLists]-->\u00a0 \u00a0 \u00a0 \u00a0 \u00a0 \u00a0 \u00a0 \u00a0 \u00a0 a)\u00a0\u00a0\u00a0\u00a0 <!--[endif]-->Vorsitzender<\/p>\n<p style=\"margin-left: 54.0pt; mso-add-space: auto; text-indent: -18.0pt; mso-list: l0 level1 lfo2;\"><!-- [if !supportLists]-->\u00a0 \u00a0 \u00a0 \u00a0 \u00a0 \u00a0 \u00a0 \u00a0 \u00a0 b)\u00a0\u00a0\u00a0\u00a0 <!--[endif]-->Gesch\u00e4ftsf\u00fchrer<\/p>\n<p style=\"margin-left: 54.0pt; mso-add-space: auto; text-indent: -18.0pt; mso-list: l0 level1 lfo2;\"><!-- [if !supportLists]-->\u00a0 \u00a0 \u00a0 \u00a0 \u00a0 \u00a0 \u00a0 \u00a0 \u00a0c)\u00a0\u00a0\u00a0\u00a0 <!--[endif]-->Kassenwart<\/p>\n<p style=\"text-indent: -18.0pt; mso-list: l1 level1 lfo1;\"><!-- [if !supportLists]-->\u00a0 \u00a0 \u00a0 \u00a0 \u00a0 \u00a0 \u00a0 \u00a0 \u00a0 \u00a0 \u00a0 \u00a0 10.<!--[endif]--> Wahl von zwei Kassenpr\u00fcfern<\/p>\n<p style=\"text-indent: -18.0pt; mso-list: l1 level1 lfo1;\"><!-- [if !supportLists]-->\u00a0 \u00a0 \u00a0 \u00a0 \u00a0 \u00a0 \u00a0 \u00a0 \u00a0 \u00a0 \u00a011. <!--[endif]-->Ehrungen<\/p>\n<p style=\"text-indent: -18.0pt; mso-list: l1 level1 lfo1;\"><!-- [if !supportLists]-->\u00a0 \u00a0 \u00a0 \u00a0 \u00a0 \u00a0 \u00a0 \u00a0 \u00a0 \u00a0 12. <!--[endif]-->Gru\u00dfwort<\/p>\n<p style=\"text-indent: -18.0pt; mso-list: l1 level1 lfo1;\"><!-- [if !supportLists]-->\u00a0 \u00a0 \u00a0 \u00a0 \u00a0 \u00a0 \u00a0 \u00a0 \u00a0 \u00a013. <!--[endif]-->Verschiedenes, W\u00fcnsche, Anregungen<\/p>\n<p><b>Im Anschluss an die Regularien werden Fotos aus der Foto-Archiv-AG des<br \/>Heimatvereins und der VHS gezeigt.<\/b><\/p>\n<p><b><u>Hinweis:<br \/><\/u><\/b><b>Diese Einladung gilt als satzungsgem\u00e4\u00dfe Einladung der Mitglieder zur<br \/>Jahreshauptversammlung, es erfolgt keine separate Einladung.<\/b><\/p>\n\n\n<p><\/p>\n","protected":false},"excerpt":{"rendered":"<p>Liebe\u00a0Mitglieder des Heimatvereins Bersenbr\u00fcck, die diesj\u00e4hrige ordentlicheJahreshauptversammlung des Heimatvereins Bersenbr\u00fcck e. V. findet am \u00a0\u00a0\u00a0\u00a0\u00a0\u00a0\u00a0\u00a0\u00a0\u00a0\u00a0\u00a0\u00a0\u00a0\u00a0\u00a0\u00a0\u00a0\u00a0\u00a0\u00a0\u00a0\u00a0\u00a0\u00a0\u00a0\u00a0\u00a0 Freitag, den 8. M\u00e4rz 2024, um 19 Uhr im Heimathaus Feldm\u00fchle, An der Feldm\u00fchle 4, in 49593 Bersenbr\u00fcck statt. Tagesordnung \u00a0 \u00a0 \u00a0 \u00a0 \u00a0 \u00a0 \u00a0 \u00a0 \u00a0 \u00a0 \u00a0 \u00a0 \u00a0 1.\u00a0\u00a0\u00a0\u00a0 Begr\u00fc\u00dfung, Er\u00f6ffnung und Feststellungder Beschlussf\u00e4higkeit und der Tagesordnung der Jahreshauptversammlung \u00a0 <a class=\"more-link\" href=\"https:\/\/heimatvereinbersenbrueck.de\/wordpress\/elementor-2230\/\">&lt;weiterlesen&#8230;<\/a><\/p>\n","protected":false},"author":3,"featured_media":2818,"comment_status":"closed","ping_status":"closed","sticky":false,"template":"","format":"standard","meta":{"pgc_sgb_lightbox_settings":"","_EventAllDay":false,"_EventTimezone":"","_EventStartDate":"","_EventEndDate":"","_EventStartDateUTC":"","_EventEndDateUTC":"","_EventShowMap":false,"_EventShowMapLink":false,"_EventURL":"","_EventCost":"","_EventCostDescription":"","_EventCurrencySymbol":"","_EventCurrencyCode":"","_EventCurrencyPosition":"","_EventDateTimeSeparator":"","_EventTimeRangeSeparator":"","_EventOrganizerID":[],"_EventVenueID":[],"_OrganizerEmail":"","_OrganizerPhone":"","_OrganizerWebsite":"","_VenueAddress":"","_VenueCity":"","_VenueCountry":"","_VenueProvince":"","_VenueState":"","_VenueZip":"","_VenuePhone":"","_VenueURL":"","_VenueStateProvince":"","_VenueLat":"","_VenueLng":"","_VenueShowMap":false,"_VenueShowMapLink":false,"footnotes":""},"categories":[61,60,1],"tags":[],"class_list":["post-2230","post","type-post","status-publish","format-standard","has-post-thumbnail","hentry","category-61","category-jahreshauptversammlung","category-allgemein"],"_links":{"self":[{"href":"https:\/\/heimatvereinbersenbrueck.de\/wordpress\/wp-json\/wp\/v2\/posts\/2230","targetHints":{"allow":["GET"]}}],"collection":[{"href":"https:\/\/heimatvereinbersenbrueck.de\/wordpress\/wp-json\/wp\/v2\/posts"}],"about":[{"href":"https:\/\/heimatvereinbersenbrueck.de\/wordpress\/wp-json\/wp\/v2\/types\/post"}],"author":[{"embeddable":true,"href":"https:\/\/heimatvereinbersenbrueck.de\/wordpress\/wp-json\/wp\/v2\/users\/3"}],"replies":[{"embeddable":true,"href":"https:\/\/heimatvereinbersenbrueck.de\/wordpress\/wp-json\/wp\/v2\/comments?post=2230"}],"version-history":[{"count":12,"href":"https:\/\/heimatvereinbersenbrueck.de\/wordpress\/wp-json\/wp\/v2\/posts\/2230\/revisions"}],"predecessor-version":[{"id":3410,"href":"https:\/\/heimatvereinbersenbrueck.de\/wordpress\/wp-json\/wp\/v2\/posts\/2230\/revisions\/3410"}],"wp:featuredmedia":[{"embeddable":true,"href":"https:\/\/heimatvereinbersenbrueck.de\/wordpress\/wp-json\/wp\/v2\/media\/2818"}],"wp:attachment":[{"href":"https:\/\/heimatvereinbersenbrueck.de\/wordpress\/wp-json\/wp\/v2\/media?parent=2230"}],"wp:term":[{"taxonomy":"category","embeddable":true,"href":"https:\/\/heimatvereinbersenbrueck.de\/wordpress\/wp-json\/wp\/v2\/categories?post=2230"},{"taxonomy":"post_tag","embeddable":true,"href":"https:\/\/heimatvereinbersenbrueck.de\/wordpress\/wp-json\/wp\/v2\/tags?post=2230"}],"curies":[{"name":"wp","href":"https:\/\/api.w.org\/{rel}","templated":true}]}}