{"id":2251,"date":"2024-03-08T12:23:33","date_gmt":"2024-03-08T11:23:33","guid":{"rendered":"https:\/\/heimatvereinbersenbrueck.de\/wordpress\/?p=2251"},"modified":"2024-11-19T11:31:42","modified_gmt":"2024-11-19T10:31:42","slug":"wachwechsel-beim-geschaeftsfuehrer-und-kassenwart-goldene-ehrennadel-fuerhermann-sattinger-und-wolfgang-rehkamp","status":"publish","type":"post","link":"https:\/\/heimatvereinbersenbrueck.de\/wordpress\/wachwechsel-beim-geschaeftsfuehrer-und-kassenwart-goldene-ehrennadel-fuerhermann-sattinger-und-wolfgang-rehkamp\/","title":{"rendered":"Wachwechsel beim Gesch\u00e4ftsf\u00fchrer und Kassenwart \u2013 goldene Ehrennadel f\u00fcr Hermann Sattinger und Wolfgang Rehkamp"},"content":{"rendered":"\n<figure class=\"wp-block-image size-large\"><a href=\"https:\/\/heimatvereinbersenbrueck.de\/wordpress\/wp-content\/uploads\/2024\/03\/Heimatverein-Jahreshauptversammlung.Foto-Reinhard-Rehkamp.3-scaled.jpg\"><img loading=\"lazy\" decoding=\"async\" width=\"960\" height=\"640\" src=\"https:\/\/heimatvereinbersenbrueck.de\/wordpress\/wp-content\/uploads\/2024\/03\/Heimatverein-Jahreshauptversammlung.Foto-Reinhard-Rehkamp.3-960x640.jpg\" alt=\"\" class=\"wp-image-2254\" srcset=\"https:\/\/heimatvereinbersenbrueck.de\/wordpress\/wp-content\/uploads\/2024\/03\/Heimatverein-Jahreshauptversammlung.Foto-Reinhard-Rehkamp.3-960x640.jpg 960w, https:\/\/heimatvereinbersenbrueck.de\/wordpress\/wp-content\/uploads\/2024\/03\/Heimatverein-Jahreshauptversammlung.Foto-Reinhard-Rehkamp.3-620x413.jpg 620w, https:\/\/heimatvereinbersenbrueck.de\/wordpress\/wp-content\/uploads\/2024\/03\/Heimatverein-Jahreshauptversammlung.Foto-Reinhard-Rehkamp.3-768x512.jpg 768w, https:\/\/heimatvereinbersenbrueck.de\/wordpress\/wp-content\/uploads\/2024\/03\/Heimatverein-Jahreshauptversammlung.Foto-Reinhard-Rehkamp.3-1536x1024.jpg 1536w, https:\/\/heimatvereinbersenbrueck.de\/wordpress\/wp-content\/uploads\/2024\/03\/Heimatverein-Jahreshauptversammlung.Foto-Reinhard-Rehkamp.3-2048x1365.jpg 2048w\" sizes=\"auto, (max-width: 960px) 100vw, 960px\" \/><\/a><\/figure>\n\n\n\n<p>Auf der Jahreshauptversammlung des Heimatvereins Bersenbr\u00fcck<br>im Heimathaus Feldm\u00fchle in Bersenbr\u00fcck wurden Beate Heuberger als<br>Gesch\u00e4ftsf\u00fchrerin und Matthias Wesselkamp als Schatzmeister neu gew\u00e4hlt.<\/p>\n\n\n\n<p>Denn die langgedienten Vorst\u00e4ndler Hermann Sattinger, 18 Jahre als Gesch\u00e4ftsf\u00fchrer, und<br>Wolfgang Rehkamp, 15 Jahre Kassenwart, stellten sich nicht f\u00fcr eine Wiederwahl zur<br>Verf\u00fcgung.<br>Sie wurden f\u00fcr ihre langj\u00e4hrigen Verdienste f\u00fcr den Heimatverein mit der<br>h\u00f6chsten Auszeichnung des Vereins, der goldenen Ehrennadel, ausgezeichnet.<br>Wolfgang Rehkamp hatte schon in 2011 und Hermann Sattinger in 2018 die silberne<br>Ehrennadel erhalten. <br>Beide bleiben dem erweiterten Vorstand, mit Rat und Tat dem<br>gesch\u00e4ftsf\u00fchrenden Vorstand auch zuk\u00fcnftig zur Verf\u00fcgung.<br><br>Bei seinem Jahresr\u00fcckblick in Wort und Bild hob der wiedergew\u00e4hlte Vorsitzende Franz<br>Buitmann die Veranstaltungen aus Anlass des 70j\u00e4hrigen Bestehens besonders<br>hervor. Von dem aus diesem Anlass erschienen Buch \u201eVon der Feldm\u00fchle des<br>Zisterzienserinnen-Klosters Bersenbr\u00fcck zum Heimathaus Feldm\u00fchle des<br>Heimatvereins Bersenbr\u00fcck e.V.\u201c in einer Auflage von 150 St\u00fcck seien zurzeit nur<br>noch 19 St\u00fcck verf\u00fcgbar, was in den Bersenbr\u00fccker Buchhandlungen noch erworben<br>werden kann.<\/p>\n\n\n\n<p> Ausverkauft seien auch wieder die Heimatkalender \u201eMein Bersenbr\u00fcck<br>\u2013 Gestern und Heute\u201c mit verschiedenen Motiven von fr\u00fcher und heute. <\/p>\n\n\n\n<p>\u00dcber eine gesunde Kassenlage des 276 z\u00e4hlenden Vereins konnte Wolfgang Rehkamp<br>berichten. <\/p>\n\n\n\n<p>Die Kassenpr\u00fcfer Alfons Hugenberg und Beate Heuberger bescheinigte ihm eine einwandfreie und nachvollziehbare Kassenf\u00fchrung. <\/p>\n\n\n\n<p>Im n\u00e4chsten Jahr werden Alfons Hugenberg und Reinhard Schr\u00f6der die Kassenpr\u00fcfung durchf\u00fchren.<br><\/p>\n\n\n\n<p><strong>F\u00fcr den 29. August ist eine Tagesgenusstour nach Ostwestfalen geplant, wo unter<br>anderem die Firma Oetker in Bielefeld besucht wird. <\/strong><\/p>\n\n\n\n<p><strong>Vor 20 Jahren wurde die Renovierung des Feldm\u00fchlengeb\u00e4udes fertiggestellt.<\/strong><\/p>\n\n\n\n<p> <strong>Aus diesem Anlass soll am 7.September eine Feier stattfinden. <\/strong><\/p>\n\n\n\n<p>Apropos Feldm\u00fchlengeb\u00e4ude: <\/p>\n\n\n\n<p>Gro\u00dfe Kopfschmerzen bereitet dem Vorstand laut stellvertretendem Vorsitzenden Manfred<br>Kalmlage das in die Jahre gekommene h\u00f6lzerne Wasserrad. <br>Derzeit ist es nicht mehr in Betrieb, da zu viele Wasserschaufeln marode und defekt sind. <br>Eine Reparatur sei laut Fachleuten zu aufwendig, sodass die Neuanschaffung eines<br>neuen Wasserrades jetzt erfolgen muss. Dies sei mit erheblichen Kosten verbunden,<br>sodass eine Neuanschaffung auf jeden Fall aus Holz nicht in Frage kommt.<br><\/p>\n\n\n\n<figure class=\"wp-block-image size-large\"><a href=\"https:\/\/heimatvereinbersenbrueck.de\/wordpress\/wp-content\/uploads\/2024\/03\/Heimatverein-Jahreshauptversammlung.Foto-Reinhard-Rehkamp.1-scaled.jpg\"><img loading=\"lazy\" decoding=\"async\" width=\"960\" height=\"640\" src=\"https:\/\/heimatvereinbersenbrueck.de\/wordpress\/wp-content\/uploads\/2024\/03\/Heimatverein-Jahreshauptversammlung.Foto-Reinhard-Rehkamp.1-960x640.jpg\" alt=\"\" class=\"wp-image-2252\" srcset=\"https:\/\/heimatvereinbersenbrueck.de\/wordpress\/wp-content\/uploads\/2024\/03\/Heimatverein-Jahreshauptversammlung.Foto-Reinhard-Rehkamp.1-960x640.jpg 960w, https:\/\/heimatvereinbersenbrueck.de\/wordpress\/wp-content\/uploads\/2024\/03\/Heimatverein-Jahreshauptversammlung.Foto-Reinhard-Rehkamp.1-620x413.jpg 620w, https:\/\/heimatvereinbersenbrueck.de\/wordpress\/wp-content\/uploads\/2024\/03\/Heimatverein-Jahreshauptversammlung.Foto-Reinhard-Rehkamp.1-768x512.jpg 768w, https:\/\/heimatvereinbersenbrueck.de\/wordpress\/wp-content\/uploads\/2024\/03\/Heimatverein-Jahreshauptversammlung.Foto-Reinhard-Rehkamp.1-1536x1024.jpg 1536w, https:\/\/heimatvereinbersenbrueck.de\/wordpress\/wp-content\/uploads\/2024\/03\/Heimatverein-Jahreshauptversammlung.Foto-Reinhard-Rehkamp.1-2048x1365.jpg 2048w\" sizes=\"auto, (max-width: 960px) 100vw, 960px\" \/><\/a><\/figure>\n\n\n\n<p><\/p>\n\n\n\n<p>Foto 1 zeigt die mit der goldenen Ehrennadel ausgezeichneten Wolfgang Rehkamp<br>(rechts), Hermann Sattinger (Mitte) und dem Heimatvereins-Vorsitzenden Franz<br>Buitmann (links).<br><\/p>\n\n\n\n<figure class=\"wp-block-image size-large\"><a href=\"https:\/\/heimatvereinbersenbrueck.de\/wordpress\/wp-content\/uploads\/2024\/03\/Heimatverein-Jahreshauptversammlung.Foto-Reinhard-Rehkamp.2-scaled.jpg\"><img loading=\"lazy\" decoding=\"async\" width=\"960\" height=\"640\" src=\"https:\/\/heimatvereinbersenbrueck.de\/wordpress\/wp-content\/uploads\/2024\/03\/Heimatverein-Jahreshauptversammlung.Foto-Reinhard-Rehkamp.2-960x640.jpg\" alt=\"\" class=\"wp-image-2253\" srcset=\"https:\/\/heimatvereinbersenbrueck.de\/wordpress\/wp-content\/uploads\/2024\/03\/Heimatverein-Jahreshauptversammlung.Foto-Reinhard-Rehkamp.2-960x640.jpg 960w, https:\/\/heimatvereinbersenbrueck.de\/wordpress\/wp-content\/uploads\/2024\/03\/Heimatverein-Jahreshauptversammlung.Foto-Reinhard-Rehkamp.2-620x413.jpg 620w, https:\/\/heimatvereinbersenbrueck.de\/wordpress\/wp-content\/uploads\/2024\/03\/Heimatverein-Jahreshauptversammlung.Foto-Reinhard-Rehkamp.2-768x512.jpg 768w, https:\/\/heimatvereinbersenbrueck.de\/wordpress\/wp-content\/uploads\/2024\/03\/Heimatverein-Jahreshauptversammlung.Foto-Reinhard-Rehkamp.2-1536x1024.jpg 1536w, https:\/\/heimatvereinbersenbrueck.de\/wordpress\/wp-content\/uploads\/2024\/03\/Heimatverein-Jahreshauptversammlung.Foto-Reinhard-Rehkamp.2-2048x1365.jpg 2048w\" sizes=\"auto, (max-width: 960px) 100vw, 960px\" \/><\/a><\/figure>\n\n\n\n<p>Foto 2 zeigt den gesch\u00e4ftsf\u00fchrenden Vorstand nach den Teil-Neuwahlen v.li.n.re.<br>stellvertretender Gesch\u00e4ftsf\u00fchrer Christoph Markus, den zweiten Vorsitzenden<br>Manfred Kalmlage, den neuen Kassenwart Matthias Wesselkamp, die neue<br>Gesch\u00e4ftsf\u00fchrerin Beate Heuberger und den Vorsitzender Franz Buitmann<br><\/p>\n\n\n\n<figure class=\"wp-block-image size-large\"><a href=\"https:\/\/heimatvereinbersenbrueck.de\/wordpress\/wp-content\/uploads\/2024\/03\/Heimatverein-Jahreshauptversammlung.Foto-Reinhard-Rehkamp.3-scaled.jpg\"><img loading=\"lazy\" decoding=\"async\" width=\"960\" height=\"640\" src=\"https:\/\/heimatvereinbersenbrueck.de\/wordpress\/wp-content\/uploads\/2024\/03\/Heimatverein-Jahreshauptversammlung.Foto-Reinhard-Rehkamp.3-960x640.jpg\" alt=\"\" class=\"wp-image-2254\" srcset=\"https:\/\/heimatvereinbersenbrueck.de\/wordpress\/wp-content\/uploads\/2024\/03\/Heimatverein-Jahreshauptversammlung.Foto-Reinhard-Rehkamp.3-960x640.jpg 960w, https:\/\/heimatvereinbersenbrueck.de\/wordpress\/wp-content\/uploads\/2024\/03\/Heimatverein-Jahreshauptversammlung.Foto-Reinhard-Rehkamp.3-620x413.jpg 620w, https:\/\/heimatvereinbersenbrueck.de\/wordpress\/wp-content\/uploads\/2024\/03\/Heimatverein-Jahreshauptversammlung.Foto-Reinhard-Rehkamp.3-768x512.jpg 768w, https:\/\/heimatvereinbersenbrueck.de\/wordpress\/wp-content\/uploads\/2024\/03\/Heimatverein-Jahreshauptversammlung.Foto-Reinhard-Rehkamp.3-1536x1024.jpg 1536w, https:\/\/heimatvereinbersenbrueck.de\/wordpress\/wp-content\/uploads\/2024\/03\/Heimatverein-Jahreshauptversammlung.Foto-Reinhard-Rehkamp.3-2048x1365.jpg 2048w\" sizes=\"auto, (max-width: 960px) 100vw, 960px\" \/><\/a><\/figure>\n\n\n\n<p>Foto 3 zeigt v.li.n.re. Wolfgang Rehkamp, Christoph Markus, Manfred Kalmlage,<br>Matthias Wesselkamp, Beate Heuberger, Franz Buitmann und Hermann Sattinger<\/p>\n\n\n\n<p>Text und Fotos Reinhard Rehkamp <\/p>\n","protected":false},"excerpt":{"rendered":"<p>Auf der Jahreshauptversammlung des Heimatvereins Bersenbr\u00fcckim Heimathaus Feldm\u00fchle in Bersenbr\u00fcck wurden Beate Heuberger alsGesch\u00e4ftsf\u00fchrerin und Matthias Wesselkamp als Schatzmeister neu gew\u00e4hlt. Denn die langgedienten Vorst\u00e4ndler Hermann Sattinger, 18 Jahre als Gesch\u00e4ftsf\u00fchrer, undWolfgang Rehkamp, 15 Jahre Kassenwart, stellten sich nicht f\u00fcr eine Wiederwahl zurVerf\u00fcgung.Sie wurden f\u00fcr ihre langj\u00e4hrigen Verdienste f\u00fcr den Heimatverein mit derh\u00f6chsten Auszeichnung des Vereins, der goldenen Ehrennadel, ausgezeichnet.Wolfgang <a class=\"more-link\" href=\"https:\/\/heimatvereinbersenbrueck.de\/wordpress\/wachwechsel-beim-geschaeftsfuehrer-und-kassenwart-goldene-ehrennadel-fuerhermann-sattinger-und-wolfgang-rehkamp\/\">&lt;weiterlesen&#8230;<\/a><\/p>\n","protected":false},"author":3,"featured_media":2254,"comment_status":"closed","ping_status":"closed","sticky":false,"template":"","format":"standard","meta":{"pgc_sgb_lightbox_settings":"","_EventAllDay":false,"_EventTimezone":"","_EventStartDate":"","_EventEndDate":"","_EventStartDateUTC":"","_EventEndDateUTC":"","_EventShowMap":false,"_EventShowMapLink":false,"_EventURL":"","_EventCost":"","_EventCostDescription":"","_EventCurrencySymbol":"","_EventCurrencyCode":"","_EventCurrencyPosition":"","_EventDateTimeSeparator":"","_EventTimeRangeSeparator":"","_EventOrganizerID":[],"_EventVenueID":[],"_OrganizerEmail":"","_OrganizerPhone":"","_OrganizerWebsite":"","_VenueAddress":"","_VenueCity":"","_VenueCountry":"","_VenueProvince":"","_VenueState":"","_VenueZip":"","_VenuePhone":"","_VenueURL":"","_VenueStateProvince":"","_VenueLat":"","_VenueLng":"","_VenueShowMap":false,"_VenueShowMapLink":false,"footnotes":""},"categories":[61,60,1,65],"tags":[],"class_list":["post-2251","post","type-post","status-publish","format-standard","has-post-thumbnail","hentry","category-61","category-jahreshauptversammlung","category-allgemein","category-startseite"],"_links":{"self":[{"href":"https:\/\/heimatvereinbersenbrueck.de\/wordpress\/wp-json\/wp\/v2\/posts\/2251","targetHints":{"allow":["GET"]}}],"collection":[{"href":"https:\/\/heimatvereinbersenbrueck.de\/wordpress\/wp-json\/wp\/v2\/posts"}],"about":[{"href":"https:\/\/heimatvereinbersenbrueck.de\/wordpress\/wp-json\/wp\/v2\/types\/post"}],"author":[{"embeddable":true,"href":"https:\/\/heimatvereinbersenbrueck.de\/wordpress\/wp-json\/wp\/v2\/users\/3"}],"replies":[{"embeddable":true,"href":"https:\/\/heimatvereinbersenbrueck.de\/wordpress\/wp-json\/wp\/v2\/comments?post=2251"}],"version-history":[{"count":7,"href":"https:\/\/heimatvereinbersenbrueck.de\/wordpress\/wp-json\/wp\/v2\/posts\/2251\/revisions"}],"predecessor-version":[{"id":2590,"href":"https:\/\/heimatvereinbersenbrueck.de\/wordpress\/wp-json\/wp\/v2\/posts\/2251\/revisions\/2590"}],"wp:featuredmedia":[{"embeddable":true,"href":"https:\/\/heimatvereinbersenbrueck.de\/wordpress\/wp-json\/wp\/v2\/media\/2254"}],"wp:attachment":[{"href":"https:\/\/heimatvereinbersenbrueck.de\/wordpress\/wp-json\/wp\/v2\/media?parent=2251"}],"wp:term":[{"taxonomy":"category","embeddable":true,"href":"https:\/\/heimatvereinbersenbrueck.de\/wordpress\/wp-json\/wp\/v2\/categories?post=2251"},{"taxonomy":"post_tag","embeddable":true,"href":"https:\/\/heimatvereinbersenbrueck.de\/wordpress\/wp-json\/wp\/v2\/tags?post=2251"}],"curies":[{"name":"wp","href":"https:\/\/api.w.org\/{rel}","templated":true}]}}