{"id":306,"date":"2011-01-23T18:00:07","date_gmt":"2011-01-23T17:00:07","guid":{"rendered":"http:\/\/heimatvereinbersenbrueck.de\/wordpress\/?p=306"},"modified":"2024-11-26T12:38:07","modified_gmt":"2024-11-26T11:38:07","slug":"heimatverein-bersenbrueck-startete-erfolgreich-in-die-neue-wandersaison","status":"publish","type":"post","link":"https:\/\/heimatvereinbersenbrueck.de\/wordpress\/heimatverein-bersenbrueck-startete-erfolgreich-in-die-neue-wandersaison\/","title":{"rendered":"Heimatverein Bersenbr\u00fcck startete erfolgreich in die neue Wandersaison"},"content":{"rendered":"<p><strong> <\/strong><\/p>\n<p><strong> <\/strong><\/p>\n<p><strong> <\/strong><\/p>\n<p>Mit der traditionellen Winterwanderung startete der Heimatverein Bersenbr\u00fcck \u00a0in die neue Wandersaison. Ann\u00e4hernd 50 Wanderfreunde hatten sich am Heimathaus \u201eFeldm\u00fchle\u201c eingefunden, sehr zur Freude des Vorsitzenden Franz Buitmann. Dieser erinnerte an die letztj\u00e4hrige Wanderung, die bei hohem Schnee, Frost und Sonnenschein zu einem besonderen Erlebnis wurde. Dass man in diesem Jahr nach dem gerade \u00fcberstandenen Winter bei eher fr\u00fchlingshaften Temperaturen, aber wiederum Sonnenschein wandere, habe auch einen besonderen Reiz.<\/p>\n<p>Die Tour f\u00fchrte \u00fcber den Feldm\u00fchlenbach, durch die Siedlung Hertmann zum \u201eVersperbusch\u201c. Hier machte man einen kurzen Abstecher in ein W\u00e4ldchen, wo vor Jahrzehnten das Kunstwerk \u201eAdam und Eva\u201c zu sehen war. Vorsitzender Buitmann erinnerte daran, dass das damalige Vorstandsmitglied Bernhard Steinkamp dieses Kunstwerk in eine in zwei St\u00e4mme sich verzweigende Buche geschnitzt habe. Diese Skulptur sei damals ein h\u00e4ufiger Anlaufpunkt f\u00fcr Wanderer gewesen, nach dem fr\u00fchen Tod des K\u00fcnstlers sei sie nicht mehr gepflegt worden und durch Witterungseinfl\u00fcsse bedingt heraus gebrochen, was allgemein bedauert wurde. Heute erinnern nur noch diese morsche Stelle und ein Hinweisschild an dieses ehemalige Kunstwerk.<\/p>\n<p>Weiter ging die etwa zweist\u00fcndige Wanderung Richtung Talge und dann zur Lohbecker Stra\u00dfe und durch den Stadtteil Lohbeck zur\u00fcck zum Heimathaus. Hier wartete eine leckere Kaffeetafel auf die Wanderer, weitere Heimatfreunde hatten sich hier zudem eingefunden, so dass das Haus mit rund 60 Besuchern voll besetzt war.<\/p>\n<p>Nach der Kaffeetafel zeigte der Vorsitzende Fotos von Wanderungen des letzten Jahres. So hatten Mitglieder des Heimatvereins an der Fr\u00fchwanderung des Kreisheimatbundes am ersten Mai in der \u201eMaiburg\u201c teilgenommen, ebenso wie an der Sternwanderung des KHBB nach Settrup. Der Heimatverein f\u00fchrte unter anderem eine ganzt\u00e4gige Radwanderung ins Artland mit Besuch des Pferde-Museums Hof Brake in Gr\u00f6nloh und des Gutes Vehr in Quakenbr\u00fcck durch. Die Stadtteilwanderung des letzten Jahres f\u00fchrte nach Hastrup, eine Planwagenfahrt des Vorstandes ging ebenfalls in diesen Stadtteil. Nat\u00fcrlich durften Fotos von der letztj\u00e4hrigen Winterwanderung nicht fehlen, abgerundet wurde der Bildervortrag mit Eindr\u00fccken von den Etappenwanderungen auf dem \u201eRothaarsteig\u201c. Der Vorsitzende k\u00fcndigte an, dass das diesj\u00e4hrige Wanderwochenende in der Zeit vom 1. bis 3. Oktober im Harz auf dem \u201eBaudensteig\u201c geplant ist.<\/p>\n<p>Nach dem Bildervortrag sa\u00dfen die Wanderfreunde noch weiter in geselliger Runde zusammen, um Erinnerungen an sch\u00f6ne Wandererlebnisse auszutauschen.<\/p>\n\n\t\t<style type=\"text\/css\">\n\t\t\t#gallery-1 {\n\t\t\t\tmargin: auto;\n\t\t\t}\n\t\t\t#gallery-1 .gallery-item {\n\t\t\t\tfloat: left;\n\t\t\t\tmargin-top: 10px;\n\t\t\t\ttext-align: center;\n\t\t\t\twidth: 33%;\n\t\t\t}\n\t\t\t#gallery-1 img {\n\t\t\t\tborder: 2px solid #cfcfcf;\n\t\t\t}\n\t\t\t#gallery-1 .gallery-caption {\n\t\t\t\tmargin-left: 0;\n\t\t\t}\n\t\t\t\/* see gallery_shortcode() in wp-includes\/media.php *\/\n\t\t<\/style>\n\t\t<div id='gallery-1' class='gallery galleryid-306 gallery-columns-3 gallery-size-thumbnail'><dl class='gallery-item'>\n\t\t\t<dt class='gallery-icon landscape'>\n\t\t\t\t<a href='https:\/\/heimatvereinbersenbrueck.de\/wordpress\/wp-content\/uploads\/2011\/01\/HVB-Winterwanderung-1b-.jpg'><img loading=\"lazy\" decoding=\"async\" width=\"150\" height=\"150\" src=\"https:\/\/heimatvereinbersenbrueck.de\/wordpress\/wp-content\/uploads\/2011\/01\/HVB-Winterwanderung-1b--150x150.jpg\" class=\"attachment-thumbnail size-thumbnail\" alt=\"\" \/><\/a>\n\t\t\t<\/dt><\/dl><dl class='gallery-item'>\n\t\t\t<dt class='gallery-icon landscape'>\n\t\t\t\t<a href='https:\/\/heimatvereinbersenbrueck.de\/wordpress\/wp-content\/uploads\/2011\/01\/HVB-Winterwanderung-1d-.jpg'><img loading=\"lazy\" decoding=\"async\" width=\"150\" height=\"150\" src=\"https:\/\/heimatvereinbersenbrueck.de\/wordpress\/wp-content\/uploads\/2011\/01\/HVB-Winterwanderung-1d--150x150.jpg\" class=\"attachment-thumbnail size-thumbnail\" alt=\"\" \/><\/a>\n\t\t\t<\/dt><\/dl><dl class='gallery-item'>\n\t\t\t<dt class='gallery-icon portrait'>\n\t\t\t\t<a href='https:\/\/heimatvereinbersenbrueck.de\/wordpress\/wp-content\/uploads\/2011\/01\/HVB-Winterwanderung-2c.jpg'><img loading=\"lazy\" decoding=\"async\" width=\"150\" height=\"150\" src=\"https:\/\/heimatvereinbersenbrueck.de\/wordpress\/wp-content\/uploads\/2011\/01\/HVB-Winterwanderung-2c-150x150.jpg\" class=\"attachment-thumbnail size-thumbnail\" alt=\"\" \/><\/a>\n\t\t\t<\/dt><\/dl><br style=\"clear: both\" \/><dl class='gallery-item'>\n\t\t\t<dt class='gallery-icon landscape'>\n\t\t\t\t<a href='https:\/\/heimatvereinbersenbrueck.de\/wordpress\/wp-content\/uploads\/2011\/01\/HVB-Winterwanderung-1c-.jpg'><img loading=\"lazy\" decoding=\"async\" width=\"150\" height=\"150\" src=\"https:\/\/heimatvereinbersenbrueck.de\/wordpress\/wp-content\/uploads\/2011\/01\/HVB-Winterwanderung-1c--150x150.jpg\" class=\"attachment-thumbnail size-thumbnail\" alt=\"\" \/><\/a>\n\t\t\t<\/dt><\/dl><dl class='gallery-item'>\n\t\t\t<dt class='gallery-icon portrait'>\n\t\t\t\t<a href='https:\/\/heimatvereinbersenbrueck.de\/wordpress\/wp-content\/uploads\/2011\/01\/HVB-Winterwanderung-2b-.jpg'><img loading=\"lazy\" decoding=\"async\" width=\"150\" height=\"150\" src=\"https:\/\/heimatvereinbersenbrueck.de\/wordpress\/wp-content\/uploads\/2011\/01\/HVB-Winterwanderung-2b--150x150.jpg\" class=\"attachment-thumbnail size-thumbnail\" alt=\"\" \/><\/a>\n\t\t\t<\/dt><\/dl><dl class='gallery-item'>\n\t\t\t<dt class='gallery-icon landscape'>\n\t\t\t\t<a href='https:\/\/heimatvereinbersenbrueck.de\/wordpress\/wp-content\/uploads\/2011\/01\/HVB-Winterwanderung-1a-.jpg'><img loading=\"lazy\" decoding=\"async\" width=\"150\" height=\"150\" src=\"https:\/\/heimatvereinbersenbrueck.de\/wordpress\/wp-content\/uploads\/2011\/01\/HVB-Winterwanderung-1a--150x150.jpg\" class=\"attachment-thumbnail size-thumbnail\" alt=\"\" \/><\/a>\n\t\t\t<\/dt><\/dl><br style=\"clear: both\" \/><dl class='gallery-item'>\n\t\t\t<dt class='gallery-icon landscape'>\n\t\t\t\t<a href='https:\/\/heimatvereinbersenbrueck.de\/wordpress\/wp-content\/uploads\/2011\/01\/HVB-Winterwanderung-2-.jpg'><img loading=\"lazy\" decoding=\"async\" width=\"150\" height=\"150\" src=\"https:\/\/heimatvereinbersenbrueck.de\/wordpress\/wp-content\/uploads\/2011\/01\/HVB-Winterwanderung-2--150x150.jpg\" class=\"attachment-thumbnail size-thumbnail\" alt=\"\" \/><\/a>\n\t\t\t<\/dt><\/dl><dl class='gallery-item'>\n\t\t\t<dt class='gallery-icon portrait'>\n\t\t\t\t<a href='https:\/\/heimatvereinbersenbrueck.de\/wordpress\/wp-content\/uploads\/2011\/01\/HVB-Winterwanderung-2a-.jpg'><img loading=\"lazy\" decoding=\"async\" width=\"150\" height=\"150\" src=\"https:\/\/heimatvereinbersenbrueck.de\/wordpress\/wp-content\/uploads\/2011\/01\/HVB-Winterwanderung-2a--150x150.jpg\" class=\"attachment-thumbnail size-thumbnail\" alt=\"\" \/><\/a>\n\t\t\t<\/dt><\/dl>\n\t\t\t<br style='clear: both' \/>\n\t\t<\/div>\n\n","protected":false},"excerpt":{"rendered":"<p>Mit der traditionellen Winterwanderung startete der Heimatverein Bersenbr\u00fcck \u00a0in die neue Wandersaison. Ann\u00e4hernd 50 Wanderfreunde hatten sich am Heimathaus \u201eFeldm\u00fchle\u201c eingefunden, sehr zur Freude des Vorsitzenden Franz Buitmann. Dieser erinnerte an die letztj\u00e4hrige Wanderung, die bei hohem Schnee, Frost und Sonnenschein zu einem besonderen Erlebnis wurde. Dass man in diesem Jahr nach dem gerade \u00fcberstandenen Winter bei eher fr\u00fchlingshaften Temperaturen, <a class=\"more-link\" href=\"https:\/\/heimatvereinbersenbrueck.de\/wordpress\/heimatverein-bersenbrueck-startete-erfolgreich-in-die-neue-wandersaison\/\">&lt;weiterlesen&#8230;<\/a><\/p>\n","protected":false},"author":4,"featured_media":0,"comment_status":"closed","ping_status":"closed","sticky":false,"template":"","format":"standard","meta":{"pgc_sgb_lightbox_settings":"","_EventAllDay":false,"_EventTimezone":"","_EventStartDate":"","_EventEndDate":"","_EventStartDateUTC":"","_EventEndDateUTC":"","_EventShowMap":false,"_EventShowMapLink":false,"_EventURL":"","_EventCost":"","_EventCostDescription":"","_EventCurrencySymbol":"","_EventCurrencyCode":"","_EventCurrencyPosition":"","_EventDateTimeSeparator":"","_EventTimeRangeSeparator":"","_EventOrganizerID":[],"_EventVenueID":[],"_OrganizerEmail":"","_OrganizerPhone":"","_OrganizerWebsite":"","_VenueAddress":"","_VenueCity":"","_VenueCountry":"","_VenueProvince":"","_VenueState":"","_VenueZip":"","_VenuePhone":"","_VenueURL":"","_VenueStateProvince":"","_VenueLat":"","_VenueLng":"","_VenueShowMap":false,"_VenueShowMapLink":false,"footnotes":""},"categories":[44,52,1],"tags":[],"class_list":["post-306","post","type-post","status-publish","format-standard","hentry","category-44","category-fusswanderungen","category-allgemein"],"_links":{"self":[{"href":"https:\/\/heimatvereinbersenbrueck.de\/wordpress\/wp-json\/wp\/v2\/posts\/306","targetHints":{"allow":["GET"]}}],"collection":[{"href":"https:\/\/heimatvereinbersenbrueck.de\/wordpress\/wp-json\/wp\/v2\/posts"}],"about":[{"href":"https:\/\/heimatvereinbersenbrueck.de\/wordpress\/wp-json\/wp\/v2\/types\/post"}],"author":[{"embeddable":true,"href":"https:\/\/heimatvereinbersenbrueck.de\/wordpress\/wp-json\/wp\/v2\/users\/4"}],"replies":[{"embeddable":true,"href":"https:\/\/heimatvereinbersenbrueck.de\/wordpress\/wp-json\/wp\/v2\/comments?post=306"}],"version-history":[{"count":5,"href":"https:\/\/heimatvereinbersenbrueck.de\/wordpress\/wp-json\/wp\/v2\/posts\/306\/revisions"}],"predecessor-version":[{"id":319,"href":"https:\/\/heimatvereinbersenbrueck.de\/wordpress\/wp-json\/wp\/v2\/posts\/306\/revisions\/319"}],"wp:attachment":[{"href":"https:\/\/heimatvereinbersenbrueck.de\/wordpress\/wp-json\/wp\/v2\/media?parent=306"}],"wp:term":[{"taxonomy":"category","embeddable":true,"href":"https:\/\/heimatvereinbersenbrueck.de\/wordpress\/wp-json\/wp\/v2\/categories?post=306"},{"taxonomy":"post_tag","embeddable":true,"href":"https:\/\/heimatvereinbersenbrueck.de\/wordpress\/wp-json\/wp\/v2\/tags?post=306"}],"curies":[{"name":"wp","href":"https:\/\/api.w.org\/{rel}","templated":true}]}}