{"id":3425,"date":"2024-11-19T09:03:04","date_gmt":"2024-11-19T08:03:04","guid":{"rendered":"https:\/\/heimatvereinbersenbrueck.de\/wordpress\/?p=3425"},"modified":"2024-11-27T08:10:28","modified_gmt":"2024-11-27T07:10:28","slug":"heimatverein-jahreskalender-2025-vorgestellt-ab-sofort-in-bersenbrueck-erhaeltlich","status":"publish","type":"post","link":"https:\/\/heimatvereinbersenbrueck.de\/wordpress\/heimatverein-jahreskalender-2025-vorgestellt-ab-sofort-in-bersenbrueck-erhaeltlich\/","title":{"rendered":"Heimatverein Jahreskalender 2025 vorgestellt \u2013 ab sofort in Bersenbr\u00fcck erh\u00e4ltlich"},"content":{"rendered":"\n<h1 class=\"wp-block-heading\"><\/h1>\n\n\n\n<p>Unter dem Motto \u201eMein Bersenbr\u00fcck \u2013 Gestern und Heute\u201c hat der Heimatverein Bersenbr\u00fcck auch f\u00fcr das Jahr 2025 wieder einen Heimatkalender herausgegeben.<br><br>Bei der Vorstellung im Rathaus der Stadt Bersenbr\u00fcck betonte der Heimatvereinsvorsitzende Franz Buitmann, dass sich die Redaktion mit Bernhard Mecklenfeld, Hermann Sattinger, Manfred Kalmlage und ihm selbst wieder interessante historische Fotos gefunden habe und den heutigen Ansichten aus derselben Perspektive gegen\u00fcbergestellt wurden.<br><br>Kurze Erl\u00e4uterungen dokumentieren die Ver\u00e4nderungen in den letzten Jahrzehnten. \u201eMit dem neuen 18.Kalender wird die Sammlung der Heimatliteratur vervollst\u00e4ndigt, die in sp\u00e4teren Zeiten immer mehr an Bedeutung gewinnen wird\u201c, sagte der Vorsitzende bei der Vorstellung. &nbsp;B\u00fcrgermeister Christian Kl\u00fctsch dankte dem Heimatverein f\u00fcr die regelm\u00e4\u00dfige Herausgabe des Heimat-Kalenders, der eine Bereicherung f\u00fcr die Bersenbr\u00fccker Stadtgeschichte darstelle.<br><br>\u201eViele warten schon gespannt auf den neuen Kalender und seine einzelnen Monatsseiten.<br><br>Vor allem die historischen Fotos mit h\u00e4ufig unbekannten Darstellungen finden gro\u00dfe Aufmerksamkeit\u201c, sagte Kl\u00fctsch.<br><br>So zeigt zum Beispiel das Titelbild des Kalenders einen Blick vom Dach der St. Vincentius Kirche aus in nord-\u00f6stlicher Richtung um 1966 vorne die Dienstwohnung des Oberkreisdirektors, in der Mitte die Hasem\u00fchle und hinten die eingez\u00e4unte erste Bersenbr\u00fccker Kl\u00e4ranlage.<br>Zum Vergleich steht ein Foto vom M\u00e4rz 2018 mit dem Pfarrhaus in der Mitte die Hasem\u00fchle, dahinter die nach 1975 erbauten H\u00e4user an der Gehrder Stra\u00dfe und am Florianplatz mit dem Feuerwehrhaus.<br><br>Dank der Druckerei Kuper kann der Kalender nach wie vor zum Preis von zehn Euro ab sofort in der Buchhandlung Meyer, im Gesch\u00e4ft bei Kolde-Weissmann, in der Tourist-Information oder direkt bei den Vorstandsmitgliedern des Heimatvereins erworben werden.<\/p>\n\n\n\n<figure class=\"wp-block-image\"><a href=\"https:\/\/heimatvereinbersenbrueck.de\/wordpress\/wp-content\/uploads\/2024\/11\/Heimatverein-Jahreskalender-2025-vorgestellt.Foto-Reinhard-Rehkamp-scaled.jpg\"><img loading=\"lazy\" decoding=\"async\" width=\"960\" height=\"631\" src=\"https:\/\/heimatvereinbersenbrueck.de\/wordpress\/wp-content\/uploads\/2024\/11\/Heimatverein-Jahreskalender-2025-vorgestellt.Foto-Reinhard-Rehkamp-960x631.jpg\" alt=\"Die beigef\u00fcgte Aufnahme zeigt sitzend von links nach rechts Hermann Sattinger, Franz Buitmann und stehend von links nach rechts Bernhard Mecklenfeld, Klaus Gerd Kuper, Manfred Kalmlage und Christian Kl\u00fctsch.\" class=\"wp-image-3421\" srcset=\"https:\/\/heimatvereinbersenbrueck.de\/wordpress\/wp-content\/uploads\/2024\/11\/Heimatverein-Jahreskalender-2025-vorgestellt.Foto-Reinhard-Rehkamp-960x631.jpg 960w, https:\/\/heimatvereinbersenbrueck.de\/wordpress\/wp-content\/uploads\/2024\/11\/Heimatverein-Jahreskalender-2025-vorgestellt.Foto-Reinhard-Rehkamp-620x408.jpg 620w, https:\/\/heimatvereinbersenbrueck.de\/wordpress\/wp-content\/uploads\/2024\/11\/Heimatverein-Jahreskalender-2025-vorgestellt.Foto-Reinhard-Rehkamp-768x505.jpg 768w, https:\/\/heimatvereinbersenbrueck.de\/wordpress\/wp-content\/uploads\/2024\/11\/Heimatverein-Jahreskalender-2025-vorgestellt.Foto-Reinhard-Rehkamp-1536x1010.jpg 1536w, https:\/\/heimatvereinbersenbrueck.de\/wordpress\/wp-content\/uploads\/2024\/11\/Heimatverein-Jahreskalender-2025-vorgestellt.Foto-Reinhard-Rehkamp-2048x1347.jpg 2048w\" sizes=\"auto, (max-width: 960px) 100vw, 960px\" \/><\/a><figcaption class=\"wp-element-caption\">Die beigef\u00fcgte Aufnahme zeigt sitzend von links nach rechts Hermann Sattinger, Franz Buitmann und stehend von links nach rechts Bernhard Mecklenfeld, Klaus Gerd Kuper, Manfred Kalmlage und Christian Kl\u00fctsch.<\/figcaption><\/figure>\n\n\n\n<p>Text und Foto Reinhard Rehkamp<\/p>\n","protected":false},"excerpt":{"rendered":"<p>Unter dem Motto \u201eMein Bersenbr\u00fcck \u2013 Gestern und Heute\u201c hat der Heimatverein Bersenbr\u00fcck auch f\u00fcr das Jahr 2025 wieder einen Heimatkalender herausgegeben. Bei der Vorstellung im Rathaus der Stadt Bersenbr\u00fcck betonte der Heimatvereinsvorsitzende Franz Buitmann, dass sich die Redaktion mit Bernhard Mecklenfeld, Hermann Sattinger, Manfred Kalmlage und ihm selbst wieder interessante historische Fotos gefunden habe und den heutigen Ansichten aus <a class=\"more-link\" href=\"https:\/\/heimatvereinbersenbrueck.de\/wordpress\/heimatverein-jahreskalender-2025-vorgestellt-ab-sofort-in-bersenbrueck-erhaeltlich\/\">&lt;weiterlesen&#8230;<\/a><\/p>\n","protected":false},"author":3,"featured_media":3421,"comment_status":"closed","ping_status":"closed","sticky":false,"template":"","format":"standard","meta":{"pgc_sgb_lightbox_settings":"","_EventAllDay":false,"_EventTimezone":"","_EventStartDate":"","_EventEndDate":"","_EventStartDateUTC":"","_EventEndDateUTC":"","_EventShowMap":false,"_EventShowMapLink":false,"_EventURL":"","_EventCost":"","_EventCostDescription":"","_EventCurrencySymbol":"","_EventCurrencyCode":"","_EventCurrencyPosition":"","_EventDateTimeSeparator":"","_EventTimeRangeSeparator":"","_EventOrganizerID":[],"_EventVenueID":[],"_OrganizerEmail":"","_OrganizerPhone":"","_OrganizerWebsite":"","_VenueAddress":"","_VenueCity":"","_VenueCountry":"","_VenueProvince":"","_VenueState":"","_VenueZip":"","_VenuePhone":"","_VenueURL":"","_VenueStateProvince":"","_VenueLat":"","_VenueLng":"","_VenueShowMap":false,"_VenueShowMapLink":false,"footnotes":""},"categories":[61,58,1,65],"tags":[],"class_list":["post-3425","post","type-post","status-publish","format-standard","has-post-thumbnail","hentry","category-61","category-heimatkalender","category-allgemein","category-startseite"],"_links":{"self":[{"href":"https:\/\/heimatvereinbersenbrueck.de\/wordpress\/wp-json\/wp\/v2\/posts\/3425","targetHints":{"allow":["GET"]}}],"collection":[{"href":"https:\/\/heimatvereinbersenbrueck.de\/wordpress\/wp-json\/wp\/v2\/posts"}],"about":[{"href":"https:\/\/heimatvereinbersenbrueck.de\/wordpress\/wp-json\/wp\/v2\/types\/post"}],"author":[{"embeddable":true,"href":"https:\/\/heimatvereinbersenbrueck.de\/wordpress\/wp-json\/wp\/v2\/users\/3"}],"replies":[{"embeddable":true,"href":"https:\/\/heimatvereinbersenbrueck.de\/wordpress\/wp-json\/wp\/v2\/comments?post=3425"}],"version-history":[{"count":1,"href":"https:\/\/heimatvereinbersenbrueck.de\/wordpress\/wp-json\/wp\/v2\/posts\/3425\/revisions"}],"predecessor-version":[{"id":3426,"href":"https:\/\/heimatvereinbersenbrueck.de\/wordpress\/wp-json\/wp\/v2\/posts\/3425\/revisions\/3426"}],"wp:featuredmedia":[{"embeddable":true,"href":"https:\/\/heimatvereinbersenbrueck.de\/wordpress\/wp-json\/wp\/v2\/media\/3421"}],"wp:attachment":[{"href":"https:\/\/heimatvereinbersenbrueck.de\/wordpress\/wp-json\/wp\/v2\/media?parent=3425"}],"wp:term":[{"taxonomy":"category","embeddable":true,"href":"https:\/\/heimatvereinbersenbrueck.de\/wordpress\/wp-json\/wp\/v2\/categories?post=3425"},{"taxonomy":"post_tag","embeddable":true,"href":"https:\/\/heimatvereinbersenbrueck.de\/wordpress\/wp-json\/wp\/v2\/tags?post=3425"}],"curies":[{"name":"wp","href":"https:\/\/api.w.org\/{rel}","templated":true}]}}