{"id":3441,"date":"2024-04-09T09:42:00","date_gmt":"2024-04-09T07:42:00","guid":{"rendered":"https:\/\/heimatvereinbersenbrueck.de\/wordpress\/?p=3441"},"modified":"2024-11-26T12:26:30","modified_gmt":"2024-11-26T11:26:30","slug":"eroeffnung-der-radwandersaison-2024","status":"publish","type":"post","link":"https:\/\/heimatvereinbersenbrueck.de\/wordpress\/eroeffnung-der-radwandersaison-2024\/","title":{"rendered":"Er\u00f6ffnung der Radwandersaison 2024"},"content":{"rendered":"\n<h1 class=\"wp-block-heading\">Auch in diesem Jahr bietet der Heimatverein Bersenbr\u00fcck wieder Radwanderungen an.<\/h1>\n\n\n\n<p>Einmal im Monat, in der Regel am zweiten Dienstag, sind Mitglieder und G\u00e4ste in dere Regem am zweiten Dienstag eingeladen , die n\u00e4here und weitere Heimat zu erkunden. Neben Halbtageswanderung ist auch eine Ganztagswanderung vorgesehen.<\/p>\n\n\n\n<p>Zum Auftakt der diesj\u00e4hrigen Saison lud der Heimatverein zu einer Halbtagestour ein. Treffpunkt was das Heimathaus Feldm\u00fchle, von hier aus ging es nach Alfhausen, es gab hier Informationen zum Thema Solar in der Firma Indu.-Pro energy Solution, zudem wurde die Firma MehrFachCreativ besucht.<\/p>\n\n\n\n<p><br><br>Mit einer Kaffeetafel st\u00e4rkten sich die Radler vor der R\u00fcckfahrt nach Bersenbr\u00fcck<\/p>\n\n\n\n<figure class=\"wp-block-image\"><a href=\"https:\/\/heimatvereinbersenbrueck.de\/wordpress\/wp-content\/uploads\/2024\/04\/Heimatverein-Radtour-09.04.2024.Foto-R.Rehkamp-3-1-scaled.jpg\"><img loading=\"lazy\" decoding=\"async\" width=\"960\" height=\"654\" src=\"https:\/\/heimatvereinbersenbrueck.de\/wordpress\/wp-content\/uploads\/2024\/04\/Heimatverein-Radtour-09.04.2024.Foto-R.Rehkamp-3-1-960x654.jpg\" alt=\"\" class=\"wp-image-2313\" srcset=\"https:\/\/heimatvereinbersenbrueck.de\/wordpress\/wp-content\/uploads\/2024\/04\/Heimatverein-Radtour-09.04.2024.Foto-R.Rehkamp-3-1-960x654.jpg 960w, https:\/\/heimatvereinbersenbrueck.de\/wordpress\/wp-content\/uploads\/2024\/04\/Heimatverein-Radtour-09.04.2024.Foto-R.Rehkamp-3-1-620x423.jpg 620w, https:\/\/heimatvereinbersenbrueck.de\/wordpress\/wp-content\/uploads\/2024\/04\/Heimatverein-Radtour-09.04.2024.Foto-R.Rehkamp-3-1-768x524.jpg 768w, https:\/\/heimatvereinbersenbrueck.de\/wordpress\/wp-content\/uploads\/2024\/04\/Heimatverein-Radtour-09.04.2024.Foto-R.Rehkamp-3-1-1536x1047.jpg 1536w, https:\/\/heimatvereinbersenbrueck.de\/wordpress\/wp-content\/uploads\/2024\/04\/Heimatverein-Radtour-09.04.2024.Foto-R.Rehkamp-3-1-2048x1396.jpg 2048w\" sizes=\"auto, (max-width: 960px) 100vw, 960px\" \/><\/a><\/figure>\n\n\n\n<figure class=\"wp-block-image\"><a href=\"https:\/\/heimatvereinbersenbrueck.de\/wordpress\/wp-content\/uploads\/2024\/04\/Heimatverein-Radtour-09.04.2024.Foto-R.Rehkamp-4-scaled.jpg\"><img loading=\"lazy\" decoding=\"async\" width=\"960\" height=\"640\" src=\"https:\/\/heimatvereinbersenbrueck.de\/wordpress\/wp-content\/uploads\/2024\/04\/Heimatverein-Radtour-09.04.2024.Foto-R.Rehkamp-4-960x640.jpg\" alt=\"\" class=\"wp-image-2310\" srcset=\"https:\/\/heimatvereinbersenbrueck.de\/wordpress\/wp-content\/uploads\/2024\/04\/Heimatverein-Radtour-09.04.2024.Foto-R.Rehkamp-4-960x640.jpg 960w, https:\/\/heimatvereinbersenbrueck.de\/wordpress\/wp-content\/uploads\/2024\/04\/Heimatverein-Radtour-09.04.2024.Foto-R.Rehkamp-4-620x413.jpg 620w, https:\/\/heimatvereinbersenbrueck.de\/wordpress\/wp-content\/uploads\/2024\/04\/Heimatverein-Radtour-09.04.2024.Foto-R.Rehkamp-4-768x512.jpg 768w, https:\/\/heimatvereinbersenbrueck.de\/wordpress\/wp-content\/uploads\/2024\/04\/Heimatverein-Radtour-09.04.2024.Foto-R.Rehkamp-4-1536x1024.jpg 1536w, https:\/\/heimatvereinbersenbrueck.de\/wordpress\/wp-content\/uploads\/2024\/04\/Heimatverein-Radtour-09.04.2024.Foto-R.Rehkamp-4-2048x1365.jpg 2048w\" sizes=\"auto, (max-width: 960px) 100vw, 960px\" \/><\/a><\/figure>\n","protected":false},"excerpt":{"rendered":"<p>Auch in diesem Jahr bietet der Heimatverein Bersenbr\u00fcck wieder Radwanderungen an. Einmal im Monat, in der Regel am zweiten Dienstag, sind Mitglieder und G\u00e4ste in dere Regem am zweiten Dienstag eingeladen , die n\u00e4here und weitere Heimat zu erkunden. Neben Halbtageswanderung ist auch eine Ganztagswanderung vorgesehen. Zum Auftakt der diesj\u00e4hrigen Saison lud der Heimatverein zu einer Halbtagestour ein. Treffpunkt was <a class=\"more-link\" href=\"https:\/\/heimatvereinbersenbrueck.de\/wordpress\/eroeffnung-der-radwandersaison-2024\/\">&lt;weiterlesen&#8230;<\/a><\/p>\n","protected":false},"author":3,"featured_media":2313,"comment_status":"closed","ping_status":"closed","sticky":false,"template":"","format":"standard","meta":{"pgc_sgb_lightbox_settings":"","_EventAllDay":false,"_EventTimezone":"","_EventStartDate":"","_EventEndDate":"","_EventStartDateUTC":"","_EventEndDateUTC":"","_EventShowMap":false,"_EventShowMapLink":false,"_EventURL":"","_EventCost":"","_EventCostDescription":"","_EventCurrencySymbol":"","_EventCurrencyCode":"","_EventCurrencyPosition":"","_EventDateTimeSeparator":"","_EventTimeRangeSeparator":"","_EventOrganizerID":[],"_EventVenueID":[],"_OrganizerEmail":"","_OrganizerPhone":"","_OrganizerWebsite":"","_VenueAddress":"","_VenueCity":"","_VenueCountry":"","_VenueProvince":"","_VenueState":"","_VenueZip":"","_VenuePhone":"","_VenueURL":"","_VenueStateProvince":"","_VenueLat":"","_VenueLng":"","_VenueShowMap":false,"_VenueShowMapLink":false,"footnotes":""},"categories":[61,1,37,65],"tags":[],"class_list":["post-3441","post","type-post","status-publish","format-standard","has-post-thumbnail","hentry","category-61","category-allgemein","category-radwanderungen","category-startseite"],"_links":{"self":[{"href":"https:\/\/heimatvereinbersenbrueck.de\/wordpress\/wp-json\/wp\/v2\/posts\/3441","targetHints":{"allow":["GET"]}}],"collection":[{"href":"https:\/\/heimatvereinbersenbrueck.de\/wordpress\/wp-json\/wp\/v2\/posts"}],"about":[{"href":"https:\/\/heimatvereinbersenbrueck.de\/wordpress\/wp-json\/wp\/v2\/types\/post"}],"author":[{"embeddable":true,"href":"https:\/\/heimatvereinbersenbrueck.de\/wordpress\/wp-json\/wp\/v2\/users\/3"}],"replies":[{"embeddable":true,"href":"https:\/\/heimatvereinbersenbrueck.de\/wordpress\/wp-json\/wp\/v2\/comments?post=3441"}],"version-history":[{"count":1,"href":"https:\/\/heimatvereinbersenbrueck.de\/wordpress\/wp-json\/wp\/v2\/posts\/3441\/revisions"}],"predecessor-version":[{"id":3442,"href":"https:\/\/heimatvereinbersenbrueck.de\/wordpress\/wp-json\/wp\/v2\/posts\/3441\/revisions\/3442"}],"wp:featuredmedia":[{"embeddable":true,"href":"https:\/\/heimatvereinbersenbrueck.de\/wordpress\/wp-json\/wp\/v2\/media\/2313"}],"wp:attachment":[{"href":"https:\/\/heimatvereinbersenbrueck.de\/wordpress\/wp-json\/wp\/v2\/media?parent=3441"}],"wp:term":[{"taxonomy":"category","embeddable":true,"href":"https:\/\/heimatvereinbersenbrueck.de\/wordpress\/wp-json\/wp\/v2\/categories?post=3441"},{"taxonomy":"post_tag","embeddable":true,"href":"https:\/\/heimatvereinbersenbrueck.de\/wordpress\/wp-json\/wp\/v2\/tags?post=3441"}],"curies":[{"name":"wp","href":"https:\/\/api.w.org\/{rel}","templated":true}]}}