{"id":3445,"date":"2024-09-08T09:46:00","date_gmt":"2024-09-08T07:46:00","guid":{"rendered":"https:\/\/heimatvereinbersenbrueck.de\/wordpress\/?p=3445"},"modified":"2025-05-09T10:56:18","modified_gmt":"2025-05-09T08:56:18","slug":"jubilaeum-20-jahre-heimathaus-feldmuehle-wurde-am-tag-des-offenen-denkmals-gefeiert","status":"publish","type":"post","link":"https:\/\/heimatvereinbersenbrueck.de\/wordpress\/jubilaeum-20-jahre-heimathaus-feldmuehle-wurde-am-tag-des-offenen-denkmals-gefeiert\/","title":{"rendered":"Jubil\u00e4um 20 Jahre Heimathaus Feldm\u00fchle wurde am Tag des offenen Denkmals gefeiert"},"content":{"rendered":"\n<h1 class=\"wp-block-heading\">Vor 20 Jahren wurde das Heimathaus Feldm\u00fchle des Heimatvereins Bersenbr\u00fcck feierlich eingeweiht. <\/h1>\n\n\n\n<p>An dieses Datum sollte nun am Tag des offenen Denkmals erinnert werden.<br>Dazu hatte sich der Vorstand des Heimatvereins im Vorfeld Gedanken gemacht.<br>Zus\u00e4tzlich zu den sonst an diesem Tag geplanten Angeboten<br>wie Kaffee und Kuchen, Getr\u00e4nkestand, Grillw\u00fcrstchen, Ausstellungen<br>und Heimatliteratur-Angebote, wurde beschlossen, zum Ausklang des Tages<br>ein musikalisches Finale zu bieten.<br>Eingeladen wurde Marcus \u201eBruni\u201c Bruns von der Gruppe \u201eWippsteert\u201c,<br>zusammen mit Helmut Kuhlmann bot er ein buntes Programm, das von Volksliedern<br>zum Mitsingen bis hin zu eigenen plattdeutschen Songs reichte.<br>Die Stimmung konnte an diesem vom Wetter beg\u00fcnstigten Abend nicht besser sein. Das rund<br>zweist\u00fcndige Programm der beiden Musiker war ein w\u00fcrdiger Abschluss des<br>Jubil\u00e4umstages.<\/p>\n\n\n\n<figure class=\"wp-block-image\"><a href=\"https:\/\/heimatvereinbersenbrueck.de\/wordpress\/wp-content\/uploads\/2024\/10\/Tag-des-Offenen-Denkmals-24-Marcus-Bruns.jpg\"><img loading=\"lazy\" decoding=\"async\" width=\"960\" height=\"720\" src=\"https:\/\/heimatvereinbersenbrueck.de\/wordpress\/wp-content\/uploads\/2024\/10\/Tag-des-Offenen-Denkmals-24-Marcus-Bruns-960x720.jpg\" alt=\"\" class=\"wp-image-3164\" srcset=\"https:\/\/heimatvereinbersenbrueck.de\/wordpress\/wp-content\/uploads\/2024\/10\/Tag-des-Offenen-Denkmals-24-Marcus-Bruns-960x720.jpg 960w, https:\/\/heimatvereinbersenbrueck.de\/wordpress\/wp-content\/uploads\/2024\/10\/Tag-des-Offenen-Denkmals-24-Marcus-Bruns-620x465.jpg 620w, https:\/\/heimatvereinbersenbrueck.de\/wordpress\/wp-content\/uploads\/2024\/10\/Tag-des-Offenen-Denkmals-24-Marcus-Bruns-768x576.jpg 768w, https:\/\/heimatvereinbersenbrueck.de\/wordpress\/wp-content\/uploads\/2024\/10\/Tag-des-Offenen-Denkmals-24-Marcus-Bruns-1536x1152.jpg 1536w, https:\/\/heimatvereinbersenbrueck.de\/wordpress\/wp-content\/uploads\/2024\/10\/Tag-des-Offenen-Denkmals-24-Marcus-Bruns-350x263.jpg 350w, https:\/\/heimatvereinbersenbrueck.de\/wordpress\/wp-content\/uploads\/2024\/10\/Tag-des-Offenen-Denkmals-24-Marcus-Bruns-780x586.jpg 780w, https:\/\/heimatvereinbersenbrueck.de\/wordpress\/wp-content\/uploads\/2024\/10\/Tag-des-Offenen-Denkmals-24-Marcus-Bruns-250x188.jpg 250w, https:\/\/heimatvereinbersenbrueck.de\/wordpress\/wp-content\/uploads\/2024\/10\/Tag-des-Offenen-Denkmals-24-Marcus-Bruns.jpg 2016w\" sizes=\"auto, (max-width: 960px) 100vw, 960px\" \/><\/a><\/figure>\n\n\n\n<p><br><br>Nat\u00fcrlich durfte auch die Geschichte des Heimathauses von der ehemaligen<br>Klosterm\u00fchle des Zisterzienserinnen Klosters bis heute nicht fehlen \u2013 im<br>Untergeschoss des Heimathauses wurde sie in Bild und Text auf gro\u00dfen Tafeln<br>vorgestellt. So erfuhren die \u00fcberaus zahlreichen G\u00e4ste des Tages die nicht<br>gerade allt\u00e4gliche Geschichte des Hauses: Nach Verkauf der M\u00fchle an die Stadt<br>Bersenbr\u00fcck Ende des vergangenen Jahrhunderts gingen die Stadt, der Heimatverein Bersenbr\u00fcck und der neu gegr\u00fcndete F\u00f6rderverein daran, die M\u00fchle zu einem Heimathaus umzugestalten.<br><br>Die Nutzung wurde dem Heimatverein \u00fcbertragen.<br>Die Annalen vermerken, dass die bei der Klosterstiftung 1231 genannte M\u00fchle<br>wohl nicht die heute bekannte Feldm\u00fchle gewesen ist.<\/p>\n\n\n\n<p>Die \u201eFeldm\u00fchle\u201c Bersenbr\u00fcck, das jetzige Heimathaus des Heimatvereins Bersenbr\u00fcck, soll laut den historischen Unterlagen in fr\u00fcheren Jahren bei M\u00f6ller in Ahausen bei Ankum gelegen haben.<br>Sie wurde zu einem unbekannten Zeitpunkt an den jetzigen Standort am Feldm\u00fchlenbach<br>im Bersenbr\u00fccker Stadtteil Hertmann \u2013 Lohbeck verlegt.<\/p>\n\n\n\n<p>Sie ist die \u00e4lteste der Klosterm\u00fchlen des fr\u00fcheren Zisterzienserinnen-Klosters, das 1231 gegr\u00fcndet und 1787 aufgel\u00f6st wurde. \u00c4btissin von Moltke lie\u00df sie 1729 erneuern.<br>Der M\u00fchlenbach aus Ahausen speiste fr\u00fcher den M\u00fchlenteich, dessen Wasser das<br>Rad der \u201eFeldm\u00fchle\u201c trieben. Dieser M\u00fchlenteich war zwischenzeitlich trockengelegt und diente als Reitplatz. Im Rahmen der Dorferneuerung konnte er wieder errichtet werden, eingebettet Biotop in ein Naherholungsgebiet.<\/p>\n\n\n\n<p>Der Feldm\u00fchlenbach flie\u00dft weiter durch das Waldgebiet \u201eFreude\u201c und m\u00fcndet in die<br>Hase. Sie erhielt wieder ein Wasserrad, so wie es einmal der Fall war. Zwischenzeitlich<br>war eine Francis-Turbine mit liegender Welle eingebaut, Reste dieser Anlage wurden bei der Renovierung der M\u00fchle ausgebaut und sind gereinigt und konserviert am Heimathaus als<br>Anschauungsobjekt installiert worden.<\/p>\n\n\n\n<p><br>Zurzeit laufen Planungen, das marode Wasserrad durch ein neues zu ersetzen,um dann auch Strom zu erzeugen.<\/p>\n","protected":false},"excerpt":{"rendered":"<p>Vor 20 Jahren wurde das Heimathaus Feldm\u00fchle des Heimatvereins Bersenbr\u00fcck feierlich eingeweiht. An dieses Datum sollte nun am Tag des offenen Denkmals erinnert werden.Dazu hatte sich der Vorstand des Heimatvereins im Vorfeld Gedanken gemacht.Zus\u00e4tzlich zu den sonst an diesem Tag geplanten Angebotenwie Kaffee und Kuchen, Getr\u00e4nkestand, Grillw\u00fcrstchen, Ausstellungenund Heimatliteratur-Angebote, wurde beschlossen, zum Ausklang des Tagesein musikalisches Finale zu bieten.Eingeladen wurde <a class=\"more-link\" href=\"https:\/\/heimatvereinbersenbrueck.de\/wordpress\/jubilaeum-20-jahre-heimathaus-feldmuehle-wurde-am-tag-des-offenen-denkmals-gefeiert\/\">&lt;weiterlesen&#8230;<\/a><\/p>\n","protected":false},"author":3,"featured_media":3164,"comment_status":"closed","ping_status":"closed","sticky":false,"template":"","format":"standard","meta":{"pgc_sgb_lightbox_settings":"","_EventAllDay":false,"_EventTimezone":"","_EventStartDate":"","_EventEndDate":"","_EventStartDateUTC":"","_EventEndDateUTC":"","_EventShowMap":false,"_EventShowMapLink":false,"_EventURL":"","_EventCost":"","_EventCostDescription":"","_EventCurrencySymbol":"","_EventCurrencyCode":"","_EventCurrencyPosition":"","_EventDateTimeSeparator":"","_EventTimeRangeSeparator":"","_EventOrganizerID":[],"_EventVenueID":[],"_OrganizerEmail":"","_OrganizerPhone":"","_OrganizerWebsite":"","_VenueAddress":"","_VenueCity":"","_VenueCountry":"","_VenueProvince":"","_VenueState":"","_VenueZip":"","_VenuePhone":"","_VenueURL":"","_VenueStateProvince":"","_VenueLat":"","_VenueLng":"","_VenueShowMap":false,"_VenueShowMapLink":false,"footnotes":""},"categories":[61,29,1,65,72,27],"tags":[],"class_list":["post-3445","post","type-post","status-publish","format-standard","has-post-thumbnail","hentry","category-61","category-beitraege-aus-dem-jahr","category-allgemein","category-startseite","category-tag-des-offenen-denkmals","category-veranstaltungen"],"_links":{"self":[{"href":"https:\/\/heimatvereinbersenbrueck.de\/wordpress\/wp-json\/wp\/v2\/posts\/3445","targetHints":{"allow":["GET"]}}],"collection":[{"href":"https:\/\/heimatvereinbersenbrueck.de\/wordpress\/wp-json\/wp\/v2\/posts"}],"about":[{"href":"https:\/\/heimatvereinbersenbrueck.de\/wordpress\/wp-json\/wp\/v2\/types\/post"}],"author":[{"embeddable":true,"href":"https:\/\/heimatvereinbersenbrueck.de\/wordpress\/wp-json\/wp\/v2\/users\/3"}],"replies":[{"embeddable":true,"href":"https:\/\/heimatvereinbersenbrueck.de\/wordpress\/wp-json\/wp\/v2\/comments?post=3445"}],"version-history":[{"count":1,"href":"https:\/\/heimatvereinbersenbrueck.de\/wordpress\/wp-json\/wp\/v2\/posts\/3445\/revisions"}],"predecessor-version":[{"id":3446,"href":"https:\/\/heimatvereinbersenbrueck.de\/wordpress\/wp-json\/wp\/v2\/posts\/3445\/revisions\/3446"}],"wp:featuredmedia":[{"embeddable":true,"href":"https:\/\/heimatvereinbersenbrueck.de\/wordpress\/wp-json\/wp\/v2\/media\/3164"}],"wp:attachment":[{"href":"https:\/\/heimatvereinbersenbrueck.de\/wordpress\/wp-json\/wp\/v2\/media?parent=3445"}],"wp:term":[{"taxonomy":"category","embeddable":true,"href":"https:\/\/heimatvereinbersenbrueck.de\/wordpress\/wp-json\/wp\/v2\/categories?post=3445"},{"taxonomy":"post_tag","embeddable":true,"href":"https:\/\/heimatvereinbersenbrueck.de\/wordpress\/wp-json\/wp\/v2\/tags?post=3445"}],"curies":[{"name":"wp","href":"https:\/\/api.w.org\/{rel}","templated":true}]}}