{"id":394,"date":"2011-11-02T09:24:50","date_gmt":"2011-11-02T08:24:50","guid":{"rendered":"http:\/\/heimatvereinbersenbrueck.de\/wordpress\/?p=394"},"modified":"2023-05-05T17:56:03","modified_gmt":"2023-05-05T15:56:03","slug":"radwanderung-des-heimatvereins","status":"publish","type":"post","link":"https:\/\/heimatvereinbersenbrueck.de\/wordpress\/radwanderung-des-heimatvereins\/","title":{"rendered":"Radwanderung des Heimatvereins"},"content":{"rendered":"<p>Einmal im Jahr f\u00fchrt der Heimatverein Bersenbr\u00fcck eine ganzt\u00e4gige Radwanderung durch, um sich in der n\u00e4heren Umgebung \u00fcber interessante Objekte zu informieren. In diesem Jahr war die Gemeinde Berge mit dem Schwerpunkt MeyerHaus-Museum das Ziel. Unter F\u00fchrung von Radwanderwart Heinz Drucks radelten die Heimatfreunde vom Heimathaus aus \u00fcber R\u00fcssel, Aslage und Besten zur W\u00f6stenesch-M\u00fchle in Eggerm\u00fchlen, wo eine kurze Rast zur St\u00e4rkung eingelegt wurde. \u00dcber D\u00f6then, Restrup und Hekese erreichte man Berge am Bahnhof, wo noch einige Waggons der fr\u00fcheren Kleinbahn Lingen \u2013 Quakenbr\u00fcck, dem \u201ePingel-Anton\u201c, in Augenschein genommen werden konnten.<\/p>\n<p>Nach einem leckeren Mittagessen in \u201cAlfreds Grillstube\u201c f\u00fchrte Christoph Otten die Bersenbr\u00fccker Heimatfreunde zun\u00e4chst durch den Ort. Ein Schmuckst\u00fcck ist das Heimathaus, das fr\u00fchere \u201eFischer-Haus\u201c, das im Zuge der Stra\u00dfenerweiterung um einige Meter versetzt werden musste und im Jahre 1982 restauriert als Heimathaus eingeweiht wurde. Einige Stra\u00dfenz\u00fcge und Bauwerke lassen noch den fr\u00fcheren Charakter des Dorfes erkennen. Die Evangelische Luther-Kirche tr\u00e4gt einen Schwan als Windfahne, das Krieger-Denkmal erinnert an leidvolle Zeiten der Geschichte.<\/p>\n<p>Besonders aber beeindruckte der Besuch im MeyerHaus-Museum, das den Hollandgang aus dem Osnabr\u00fccker Land, die Berger Tuchh\u00e4ndler, das Heuerlingswesen und die Berger Dorfgeschichte in Exponaten und Bildern darstellt. Heuerlinge lebten vormals als Landlose meist ohne feste Arbeit in Armut und Not. Seit 1656 gingen bis an die 5000 Heuerleute aus dem Osnabr\u00fccker Land zur Arbeit nach Holland. Dort heuerten sie als Grasm\u00e4her, Torfstecher, Seefahrer und Walf\u00e4nger an. Fr\u00fcher standen im MeyerHaus etwa 25 Webst\u00fchle zur Produktion von Wollaken, das nach Holland exportiert und dort verkauft wurde. Zu den Familien der Textilverarbeitung geh\u00f6rte auch die Familie Johann Gerhard Meyer, die mit ihrer Tochter und den S\u00f6hnen nach ihrer R\u00fcckkehr aus Holland 1842 den Betrieb f\u00fchrten. Gerhard Lucas Meyer stieg zum erfolgreichen Stahlmanager in Peine auf. Anna Margret Janovicz als Nachkomme der Familie gab schlie\u00dflich Ansto\u00df und Mittel zur Errichtung des Museums, um die Erinnerung an fr\u00fchere Zeiten wach zu halten. Weiter beinhaltet das Museum Urnen, Abbildungen der Ur-H\u00f6fe aus dem Kirchspiel Berge, Exponate aus B\u00f6rstel sowie Bilder und Dokumente aus der Geschichte Berges.<\/p>\n<p>Sehr beeindruckt von den pr\u00e4zisen und anschaulichen Erl\u00e4uterungen auf dieser F\u00fchrung durch Berges Geschichte und Gegenwart traten die Bersenbr\u00fccker Heimatfreunde den R\u00fcckweg \u00fcber Anten, Dalvers und durch das Dinninger Bruch an, unterbrochen von einer Kaffeepause in Nortrup<\/p>\n\n\t\t<style type=\"text\/css\">\n\t\t\t#gallery-1 {\n\t\t\t\tmargin: auto;\n\t\t\t}\n\t\t\t#gallery-1 .gallery-item {\n\t\t\t\tfloat: left;\n\t\t\t\tmargin-top: 10px;\n\t\t\t\ttext-align: center;\n\t\t\t\twidth: 33%;\n\t\t\t}\n\t\t\t#gallery-1 img {\n\t\t\t\tborder: 2px solid #cfcfcf;\n\t\t\t}\n\t\t\t#gallery-1 .gallery-caption {\n\t\t\t\tmargin-left: 0;\n\t\t\t}\n\t\t\t\/* see gallery_shortcode() in wp-includes\/media.php *\/\n\t\t<\/style>\n\t\t<div id='gallery-1' class='gallery galleryid-394 gallery-columns-3 gallery-size-thumbnail'><dl class='gallery-item'>\n\t\t\t<dt class='gallery-icon landscape'>\n\t\t\t\t<a href='https:\/\/heimatvereinbersenbrueck.de\/wordpress\/wp-content\/uploads\/2011\/11\/HVB+Radwanderung+.jpg'><img loading=\"lazy\" decoding=\"async\" width=\"150\" height=\"150\" src=\"https:\/\/heimatvereinbersenbrueck.de\/wordpress\/wp-content\/uploads\/2011\/11\/HVB+Radwanderung+-150x150.jpg\" class=\"attachment-thumbnail size-thumbnail\" alt=\"\" \/><\/a>\n\t\t\t<\/dt><\/dl><dl class='gallery-item'>\n\t\t\t<dt class='gallery-icon landscape'>\n\t\t\t\t<a href='https:\/\/heimatvereinbersenbrueck.de\/wordpress\/wp-content\/uploads\/2011\/11\/HVB+Radwanderung+4+.jpg'><img loading=\"lazy\" decoding=\"async\" width=\"150\" height=\"150\" src=\"https:\/\/heimatvereinbersenbrueck.de\/wordpress\/wp-content\/uploads\/2011\/11\/HVB+Radwanderung+4+-150x150.jpg\" class=\"attachment-thumbnail size-thumbnail\" alt=\"\" \/><\/a>\n\t\t\t<\/dt><\/dl><dl class='gallery-item'>\n\t\t\t<dt class='gallery-icon portrait'>\n\t\t\t\t<a href='https:\/\/heimatvereinbersenbrueck.de\/wordpress\/wp-content\/uploads\/2011\/11\/HVB+Radwanderung+10.jpg'><img loading=\"lazy\" decoding=\"async\" width=\"150\" height=\"150\" src=\"https:\/\/heimatvereinbersenbrueck.de\/wordpress\/wp-content\/uploads\/2011\/11\/HVB+Radwanderung+10-150x150.jpg\" class=\"attachment-thumbnail size-thumbnail\" alt=\"\" \/><\/a>\n\t\t\t<\/dt><\/dl><br style=\"clear: both\" \/>\n\t\t<\/div>\n\n","protected":false},"excerpt":{"rendered":"<p>Einmal im Jahr f\u00fchrt der Heimatverein Bersenbr\u00fcck eine ganzt\u00e4gige Radwanderung durch, um sich in der n\u00e4heren Umgebung \u00fcber interessante Objekte zu informieren. In diesem Jahr war die Gemeinde Berge mit dem Schwerpunkt MeyerHaus-Museum das Ziel. Unter F\u00fchrung von Radwanderwart Heinz Drucks radelten die Heimatfreunde vom Heimathaus aus \u00fcber R\u00fcssel, Aslage und Besten zur W\u00f6stenesch-M\u00fchle in Eggerm\u00fchlen, wo eine kurze Rast <a class=\"more-link\" href=\"https:\/\/heimatvereinbersenbrueck.de\/wordpress\/radwanderung-des-heimatvereins\/\">&lt;weiterlesen&#8230;<\/a><\/p>\n","protected":false},"author":4,"featured_media":396,"comment_status":"closed","ping_status":"closed","sticky":false,"template":"","format":"standard","meta":{"pgc_sgb_lightbox_settings":"","_EventAllDay":false,"_EventTimezone":"","_EventStartDate":"","_EventEndDate":"","_EventStartDateUTC":"","_EventEndDateUTC":"","_EventShowMap":false,"_EventShowMapLink":false,"_EventURL":"","_EventCost":"","_EventCostDescription":"","_EventCurrencySymbol":"","_EventCurrencyCode":"","_EventCurrencyPosition":"","_EventDateTimeSeparator":"","_EventTimeRangeSeparator":"","_EventOrganizerID":[],"_EventVenueID":[],"_OrganizerEmail":"","_OrganizerPhone":"","_OrganizerWebsite":"","_VenueAddress":"","_VenueCity":"","_VenueCountry":"","_VenueProvince":"","_VenueState":"","_VenueZip":"","_VenuePhone":"","_VenueURL":"","_VenueStateProvince":"","_VenueLat":"","_VenueLng":"","_VenueShowMap":false,"_VenueShowMapLink":false,"footnotes":""},"categories":[44,1,37],"tags":[],"class_list":["post-394","post","type-post","status-publish","format-standard","has-post-thumbnail","hentry","category-44","category-allgemein","category-radwanderungen"],"_links":{"self":[{"href":"https:\/\/heimatvereinbersenbrueck.de\/wordpress\/wp-json\/wp\/v2\/posts\/394","targetHints":{"allow":["GET"]}}],"collection":[{"href":"https:\/\/heimatvereinbersenbrueck.de\/wordpress\/wp-json\/wp\/v2\/posts"}],"about":[{"href":"https:\/\/heimatvereinbersenbrueck.de\/wordpress\/wp-json\/wp\/v2\/types\/post"}],"author":[{"embeddable":true,"href":"https:\/\/heimatvereinbersenbrueck.de\/wordpress\/wp-json\/wp\/v2\/users\/4"}],"replies":[{"embeddable":true,"href":"https:\/\/heimatvereinbersenbrueck.de\/wordpress\/wp-json\/wp\/v2\/comments?post=394"}],"version-history":[{"count":4,"href":"https:\/\/heimatvereinbersenbrueck.de\/wordpress\/wp-json\/wp\/v2\/posts\/394\/revisions"}],"predecessor-version":[{"id":401,"href":"https:\/\/heimatvereinbersenbrueck.de\/wordpress\/wp-json\/wp\/v2\/posts\/394\/revisions\/401"}],"wp:featuredmedia":[{"embeddable":true,"href":"https:\/\/heimatvereinbersenbrueck.de\/wordpress\/wp-json\/wp\/v2\/media\/396"}],"wp:attachment":[{"href":"https:\/\/heimatvereinbersenbrueck.de\/wordpress\/wp-json\/wp\/v2\/media?parent=394"}],"wp:term":[{"taxonomy":"category","embeddable":true,"href":"https:\/\/heimatvereinbersenbrueck.de\/wordpress\/wp-json\/wp\/v2\/categories?post=394"},{"taxonomy":"post_tag","embeddable":true,"href":"https:\/\/heimatvereinbersenbrueck.de\/wordpress\/wp-json\/wp\/v2\/tags?post=394"}],"curies":[{"name":"wp","href":"https:\/\/api.w.org\/{rel}","templated":true}]}}