{"id":4088,"date":"2025-08-07T23:42:00","date_gmt":"2025-08-07T21:42:00","guid":{"rendered":"https:\/\/heimatvereinbersenbrueck.de\/wordpress\/?p=4088"},"modified":"2025-08-23T11:38:23","modified_gmt":"2025-08-23T09:38:23","slug":"tagesfahrt-des-heimatvereins-bersenbrueck-fuehrte-in-das-emsland-mit-werlte-haren-und-papenburg-sowie-in-die-niederlande-mit-ter-apel","status":"publish","type":"post","link":"https:\/\/heimatvereinbersenbrueck.de\/wordpress\/tagesfahrt-des-heimatvereins-bersenbrueck-fuehrte-in-das-emsland-mit-werlte-haren-und-papenburg-sowie-in-die-niederlande-mit-ter-apel\/","title":{"rendered":"Tagesfahrt des Heimatvereins Bersenbr\u00fcck f\u00fchrte in das Emsland mit Werlte, Haren und Papenburg sowie in die Niederlande mit Ter Apel"},"content":{"rendered":"\n<p>Auch in diesem Jahr bot der Heimatverein Bersenbr\u00fcck wieder eine Tagesfahrt an, sie f\u00fchrte in das Emsland mit Werlte, Haren und Papenburg sowie in die Niederlande mit Ter Apel.<\/p>\n\n\n\n<p>Auch dieses Mal fand die Fahrt wieder sehr guten Zuspruch, der Bus war erneut ausgebucht.<\/p>\n\n\n\n<p>Die Abfahrt erfolgte vom Bahnhof Bersenbr\u00fcck aus. Zun\u00e4chst ging die Fahrt nach Werlte,<br>wo ein leckeres Fr\u00fchst\u00fccksbuffet bei der Opti-Wohnwelt im M\u00f6belhaus Wilken wartete. <br>Werlte liegt mitten im emsl\u00e4ndischen Naturpark H\u00fcmmling, die Emsland-Route, der H\u00fcmmlinger Pilgerweg, die Stra\u00dfe der Megalithkultur und die Nieders\u00e4chsische M\u00fchlenstra\u00dfe f\u00fchren durch diese Natursch\u00f6nheiten.<\/p>\n\n\n\n<p>Anschlie\u00dfend wurde die Stadt Haren an der Ems unter der Leitung von G\u00e4stef\u00fchrerin Marianne Ottens besucht. Die Stadt ist eine alte Schifferstadt mit einer langen Tradition und liegt im Zentrum des heutigen Landkreises Emsland, sie ist ein staatlich anerkannter Erholungsort im Stromtal der Ems. Besonders die St. Martinus-Kirche, die wegen ihrer Gr\u00f6\u00dfe auch \u201eEmslanddom\u201c genannt wird, fand gro\u00dfes Interesse.<br> In ihrer jetzigen Gestalt besteht die Kirche erst seit dem Jahre 1911, die Vorg\u00e4ngerin stammt aus dem Jahre 1854. Sie spiegelt durch die neue Raumgestaltung sowie durch ihre k\u00fcnstlerische Ausstattung und Anordnung der liturgischen Handlungsorte nach der Renovierung 2001 das Kirchen-, Glaubens-, Liturgie- und Selbstverst\u00e4ndnis der Gemeinde wider. Die innere Ausgestaltung der Kirche mit den bleiverglasten Fenstern, der Farbgestaltung, der Anordnung der Bankreihen, dem Zelebrationsaltar unter der gewaltigen Kuppel und dem m\u00e4chtigen Hochaltar hat eine gro\u00dfe religi\u00f6se Aussagekraft und eine tiefe Symbolik. Auf einer Busfahrt durch und um die Stadt brachte die Reisef\u00fchrerin den G\u00e4sten die Stadt n\u00e4her, ein kurzer Halt zeigte auch das sehenswerte Schifffahrtsmuseum.<\/p>\n\n\n\n<figure class=\"wp-block-image size-large\"><a href=\"https:\/\/heimatvereinbersenbrueck.de\/wordpress\/wp-content\/uploads\/2025\/08\/HVB-Tagesfahrt-1.jpg\"><img loading=\"lazy\" decoding=\"async\" width=\"960\" height=\"720\" src=\"https:\/\/heimatvereinbersenbrueck.de\/wordpress\/wp-content\/uploads\/2025\/08\/HVB-Tagesfahrt-1-960x720.jpg\" alt=\"\u201eEmsland-Dom\u201c in Haren\/Ems Foto. Franz Buitmann\" class=\"wp-image-4081\" srcset=\"https:\/\/heimatvereinbersenbrueck.de\/wordpress\/wp-content\/uploads\/2025\/08\/HVB-Tagesfahrt-1-960x720.jpg 960w, https:\/\/heimatvereinbersenbrueck.de\/wordpress\/wp-content\/uploads\/2025\/08\/HVB-Tagesfahrt-1-620x465.jpg 620w, https:\/\/heimatvereinbersenbrueck.de\/wordpress\/wp-content\/uploads\/2025\/08\/HVB-Tagesfahrt-1-768x576.jpg 768w, https:\/\/heimatvereinbersenbrueck.de\/wordpress\/wp-content\/uploads\/2025\/08\/HVB-Tagesfahrt-1-1536x1152.jpg 1536w, https:\/\/heimatvereinbersenbrueck.de\/wordpress\/wp-content\/uploads\/2025\/08\/HVB-Tagesfahrt-1-350x263.jpg 350w, https:\/\/heimatvereinbersenbrueck.de\/wordpress\/wp-content\/uploads\/2025\/08\/HVB-Tagesfahrt-1-780x586.jpg 780w, https:\/\/heimatvereinbersenbrueck.de\/wordpress\/wp-content\/uploads\/2025\/08\/HVB-Tagesfahrt-1-250x188.jpg 250w, https:\/\/heimatvereinbersenbrueck.de\/wordpress\/wp-content\/uploads\/2025\/08\/HVB-Tagesfahrt-1.jpg 2016w\" sizes=\"auto, (max-width: 960px) 100vw, 960px\" \/><\/a><figcaption class=\"wp-element-caption\">\u201eEmsland-Dom\u201c in Haren\/Ems Foto. Franz Buitmann<\/figcaption><\/figure>\n\n\n\n<p>Die Fahrt ging dann weiter in die Niederlande nach Ter Apel, wo zun\u00e4chst im Hotel-Restaurant \u201eBoschhuis\u201c ein Mittagessen eingenommen wurde. <\/p>\n\n\n\n<p>Anschlie\u00dfend wurde das Museum Kloster Ter Apel unter F\u00fchrung zwei Gruppen besichtigt. Das Geb\u00e4ude wurde 1465 als Kloster des \u201eOrdens vom Heiligen Kreuz\u201c erbaut und ist heute ein Museum. Die Kreuzherren leben hier schon lange nicht mehr. <\/p>\n\n\n\n<p>Ihr Leben spielte sich haupts\u00e4chlich drinnen ab, wo sie beteten, meditierten, schliefen und a\u00dfen. Im Mittelalter gab es in Groningen 34 Kl\u00f6ster in acht verschiedenen Orten.<\/p>\n\n\n\n<p>Die Tatsache, dass es so viele Kl\u00f6ster gab, h\u00e4ngt mit der gro\u00dfen Bedeutung zusammen,<br>die die Kl\u00f6ster f\u00fcr die Menschen im Mittelalter hatten. <br>M\u00f6nche beteten f\u00fcr das Seelenheil aller Menschen, also f\u00fcr die Seele im Himmel nach dem Tod. Das fand jeder wichtig und deshalb war es normal, ja sogar ehrenhaft, in ein Kloster einzutreten.<\/p>\n\n\n\n<figure class=\"wp-block-gallery has-nested-images columns-default is-cropped wp-block-gallery-1 is-layout-flex wp-block-gallery-is-layout-flex\">\n<figure class=\"wp-block-image size-large\"><a href=\"https:\/\/heimatvereinbersenbrueck.de\/wordpress\/wp-content\/uploads\/2025\/08\/HVB-Tagesfahrt-Gaststaette-Boschhuis.jpg\"><img loading=\"lazy\" decoding=\"async\" width=\"960\" height=\"720\" data-id=\"4080\" src=\"https:\/\/heimatvereinbersenbrueck.de\/wordpress\/wp-content\/uploads\/2025\/08\/HVB-Tagesfahrt-Gaststaette-Boschhuis-960x720.jpg\" alt=\"HVB - Tagesfahrt - Gastst\u00e4tte Boschhuis Foto: Franz Buitmann\" class=\"wp-image-4080\" srcset=\"https:\/\/heimatvereinbersenbrueck.de\/wordpress\/wp-content\/uploads\/2025\/08\/HVB-Tagesfahrt-Gaststaette-Boschhuis-960x720.jpg 960w, https:\/\/heimatvereinbersenbrueck.de\/wordpress\/wp-content\/uploads\/2025\/08\/HVB-Tagesfahrt-Gaststaette-Boschhuis-620x465.jpg 620w, https:\/\/heimatvereinbersenbrueck.de\/wordpress\/wp-content\/uploads\/2025\/08\/HVB-Tagesfahrt-Gaststaette-Boschhuis-768x576.jpg 768w, https:\/\/heimatvereinbersenbrueck.de\/wordpress\/wp-content\/uploads\/2025\/08\/HVB-Tagesfahrt-Gaststaette-Boschhuis-1536x1152.jpg 1536w, https:\/\/heimatvereinbersenbrueck.de\/wordpress\/wp-content\/uploads\/2025\/08\/HVB-Tagesfahrt-Gaststaette-Boschhuis-350x263.jpg 350w, https:\/\/heimatvereinbersenbrueck.de\/wordpress\/wp-content\/uploads\/2025\/08\/HVB-Tagesfahrt-Gaststaette-Boschhuis-780x586.jpg 780w, https:\/\/heimatvereinbersenbrueck.de\/wordpress\/wp-content\/uploads\/2025\/08\/HVB-Tagesfahrt-Gaststaette-Boschhuis-250x188.jpg 250w, https:\/\/heimatvereinbersenbrueck.de\/wordpress\/wp-content\/uploads\/2025\/08\/HVB-Tagesfahrt-Gaststaette-Boschhuis.jpg 2016w\" sizes=\"auto, (max-width: 960px) 100vw, 960px\" \/><\/a><figcaption class=\"wp-element-caption\">HVB &#8211; Tagesfahrt &#8211; Gastst\u00e4tte Boschhuis Foto: Franz Buitmann <\/figcaption><\/figure>\n\n\n\n<figure class=\"wp-block-image size-large\"><a href=\"https:\/\/heimatvereinbersenbrueck.de\/wordpress\/wp-content\/uploads\/2025\/08\/Kloster-Ter-Apel.jpg\"><img loading=\"lazy\" decoding=\"async\" width=\"960\" height=\"720\" data-id=\"4078\" src=\"https:\/\/heimatvereinbersenbrueck.de\/wordpress\/wp-content\/uploads\/2025\/08\/Kloster-Ter-Apel-960x720.jpg\" alt=\"Kloster Ter Apel - Foto Franz Buitmann 07.08.2025\" class=\"wp-image-4078\" srcset=\"https:\/\/heimatvereinbersenbrueck.de\/wordpress\/wp-content\/uploads\/2025\/08\/Kloster-Ter-Apel-960x720.jpg 960w, https:\/\/heimatvereinbersenbrueck.de\/wordpress\/wp-content\/uploads\/2025\/08\/Kloster-Ter-Apel-620x465.jpg 620w, https:\/\/heimatvereinbersenbrueck.de\/wordpress\/wp-content\/uploads\/2025\/08\/Kloster-Ter-Apel-768x576.jpg 768w, https:\/\/heimatvereinbersenbrueck.de\/wordpress\/wp-content\/uploads\/2025\/08\/Kloster-Ter-Apel-1536x1152.jpg 1536w, https:\/\/heimatvereinbersenbrueck.de\/wordpress\/wp-content\/uploads\/2025\/08\/Kloster-Ter-Apel-350x263.jpg 350w, https:\/\/heimatvereinbersenbrueck.de\/wordpress\/wp-content\/uploads\/2025\/08\/Kloster-Ter-Apel-780x586.jpg 780w, https:\/\/heimatvereinbersenbrueck.de\/wordpress\/wp-content\/uploads\/2025\/08\/Kloster-Ter-Apel-250x188.jpg 250w, https:\/\/heimatvereinbersenbrueck.de\/wordpress\/wp-content\/uploads\/2025\/08\/Kloster-Ter-Apel.jpg 2016w\" sizes=\"auto, (max-width: 960px) 100vw, 960px\" \/><\/a><figcaption class=\"wp-element-caption\">Kloster Ter Apel &#8211; Foto Franz Buitmann 07.08.2025<\/figcaption><\/figure>\n\n\n\n<figure class=\"wp-block-image size-large\"><a href=\"https:\/\/heimatvereinbersenbrueck.de\/wordpress\/wp-content\/uploads\/2025\/08\/HVB-Tagesfahrt-2.jpg\"><img loading=\"lazy\" decoding=\"async\" width=\"960\" height=\"720\" data-id=\"4079\" src=\"https:\/\/heimatvereinbersenbrueck.de\/wordpress\/wp-content\/uploads\/2025\/08\/HVB-Tagesfahrt-2-960x720.jpg\" alt=\"HVB Tagesfahrt 07.08.2025 Kreuzherren-Kloster in Ter Apel mit F\u00fchrung und Kr\u00e4utergarten\" class=\"wp-image-4079\" srcset=\"https:\/\/heimatvereinbersenbrueck.de\/wordpress\/wp-content\/uploads\/2025\/08\/HVB-Tagesfahrt-2-960x720.jpg 960w, https:\/\/heimatvereinbersenbrueck.de\/wordpress\/wp-content\/uploads\/2025\/08\/HVB-Tagesfahrt-2-620x465.jpg 620w, https:\/\/heimatvereinbersenbrueck.de\/wordpress\/wp-content\/uploads\/2025\/08\/HVB-Tagesfahrt-2-768x576.jpg 768w, https:\/\/heimatvereinbersenbrueck.de\/wordpress\/wp-content\/uploads\/2025\/08\/HVB-Tagesfahrt-2-1536x1152.jpg 1536w, https:\/\/heimatvereinbersenbrueck.de\/wordpress\/wp-content\/uploads\/2025\/08\/HVB-Tagesfahrt-2-350x263.jpg 350w, https:\/\/heimatvereinbersenbrueck.de\/wordpress\/wp-content\/uploads\/2025\/08\/HVB-Tagesfahrt-2-780x586.jpg 780w, https:\/\/heimatvereinbersenbrueck.de\/wordpress\/wp-content\/uploads\/2025\/08\/HVB-Tagesfahrt-2-250x188.jpg 250w, https:\/\/heimatvereinbersenbrueck.de\/wordpress\/wp-content\/uploads\/2025\/08\/HVB-Tagesfahrt-2.jpg 2016w\" sizes=\"auto, (max-width: 960px) 100vw, 960px\" \/><\/a><figcaption class=\"wp-element-caption\">HVB Tagesfahrt 07.08.2025 Kreuzherren-Kloster in Ter Apel mit F\u00fchrung und Kr\u00e4utergarten<\/figcaption><\/figure>\n\n\n\n<figure class=\"wp-block-image size-large\"><a href=\"https:\/\/heimatvereinbersenbrueck.de\/wordpress\/wp-content\/uploads\/2025\/08\/HVB-Tagesfahrt-Ter-Apel-Kraeutergarten.jpg\"><img loading=\"lazy\" decoding=\"async\" width=\"960\" height=\"720\" data-id=\"4077\" src=\"https:\/\/heimatvereinbersenbrueck.de\/wordpress\/wp-content\/uploads\/2025\/08\/HVB-Tagesfahrt-Ter-Apel-Kraeutergarten-960x720.jpg\" alt=\"HVB - Tagesfahrt 07.08.2025 - Ter Apel Kr\u00e4utergarten Foto: Franz Buitmann\" class=\"wp-image-4077\" srcset=\"https:\/\/heimatvereinbersenbrueck.de\/wordpress\/wp-content\/uploads\/2025\/08\/HVB-Tagesfahrt-Ter-Apel-Kraeutergarten-960x720.jpg 960w, https:\/\/heimatvereinbersenbrueck.de\/wordpress\/wp-content\/uploads\/2025\/08\/HVB-Tagesfahrt-Ter-Apel-Kraeutergarten-620x465.jpg 620w, https:\/\/heimatvereinbersenbrueck.de\/wordpress\/wp-content\/uploads\/2025\/08\/HVB-Tagesfahrt-Ter-Apel-Kraeutergarten-768x576.jpg 768w, https:\/\/heimatvereinbersenbrueck.de\/wordpress\/wp-content\/uploads\/2025\/08\/HVB-Tagesfahrt-Ter-Apel-Kraeutergarten-1536x1152.jpg 1536w, https:\/\/heimatvereinbersenbrueck.de\/wordpress\/wp-content\/uploads\/2025\/08\/HVB-Tagesfahrt-Ter-Apel-Kraeutergarten-350x263.jpg 350w, https:\/\/heimatvereinbersenbrueck.de\/wordpress\/wp-content\/uploads\/2025\/08\/HVB-Tagesfahrt-Ter-Apel-Kraeutergarten-780x586.jpg 780w, https:\/\/heimatvereinbersenbrueck.de\/wordpress\/wp-content\/uploads\/2025\/08\/HVB-Tagesfahrt-Ter-Apel-Kraeutergarten-250x188.jpg 250w, https:\/\/heimatvereinbersenbrueck.de\/wordpress\/wp-content\/uploads\/2025\/08\/HVB-Tagesfahrt-Ter-Apel-Kraeutergarten.jpg 2016w\" sizes=\"auto, (max-width: 960px) 100vw, 960px\" \/><\/a><figcaption class=\"wp-element-caption\">HVB &#8211; Tagesfahrt 07.08.2025 &#8211; Ter Apel Kr\u00e4utergarten Foto: Franz Buitmann<\/figcaption><\/figure>\n<\/figure>\n\n\n\n<p><br>Viel Aufmerksamkeit fand auch der ehemalige Garten der Kanoniker, ein Ort der Besinnung und Meditation, heute ein viel besuchter Kr\u00e4utergarten. <br>Das Kloster Ter Apel ist das einzige, das noch \u00fcbrig ist. Am Kloster steht noch ein \u201eSpieker\u201c, ein ehemaliger Getreidespeicher, um das Kloster herum gibt es den Klosterwald mit den \u00dcberresten einer Wasserm\u00fchle.<\/p>\n\n\n\n<p>Weiter ging die Fahrt nach Papenburg, eine alte Fehnkolonie, ein Freilichtmuseum zeigt die Entwicklung der Stadt, die heute besonders durch die Meyer-Werft bekannt ist.<br><br>In Papenburg traf sich der Heimatverein im Cafe-Restaurant Engels am Hauptkanal, zu einer Kaffeetafel, ehe es \u00fcber den H\u00fcmmling zur\u00fcck nach Bersenbr\u00fcck ging.<\/p>\n\n\n\n<p><strong>Fotos liegen an:<\/strong><\/p>\n\n\n\n<figure class=\"wp-block-image size-large\"><a href=\"https:\/\/heimatvereinbersenbrueck.de\/wordpress\/wp-content\/uploads\/2025\/08\/HVB-Tagesfahrt-Kaffeetafel.jpg\"><img loading=\"lazy\" decoding=\"async\" width=\"960\" height=\"720\" src=\"https:\/\/heimatvereinbersenbrueck.de\/wordpress\/wp-content\/uploads\/2025\/08\/HVB-Tagesfahrt-Kaffeetafel-960x720.jpg\" alt=\"HVB - Tagesfahrt 07.08.2025 - Kaffeetafel Foto: Franz Buitmann\" class=\"wp-image-4076\" srcset=\"https:\/\/heimatvereinbersenbrueck.de\/wordpress\/wp-content\/uploads\/2025\/08\/HVB-Tagesfahrt-Kaffeetafel-960x720.jpg 960w, https:\/\/heimatvereinbersenbrueck.de\/wordpress\/wp-content\/uploads\/2025\/08\/HVB-Tagesfahrt-Kaffeetafel-620x465.jpg 620w, https:\/\/heimatvereinbersenbrueck.de\/wordpress\/wp-content\/uploads\/2025\/08\/HVB-Tagesfahrt-Kaffeetafel-768x576.jpg 768w, https:\/\/heimatvereinbersenbrueck.de\/wordpress\/wp-content\/uploads\/2025\/08\/HVB-Tagesfahrt-Kaffeetafel-1536x1152.jpg 1536w, https:\/\/heimatvereinbersenbrueck.de\/wordpress\/wp-content\/uploads\/2025\/08\/HVB-Tagesfahrt-Kaffeetafel-350x263.jpg 350w, https:\/\/heimatvereinbersenbrueck.de\/wordpress\/wp-content\/uploads\/2025\/08\/HVB-Tagesfahrt-Kaffeetafel-780x586.jpg 780w, https:\/\/heimatvereinbersenbrueck.de\/wordpress\/wp-content\/uploads\/2025\/08\/HVB-Tagesfahrt-Kaffeetafel-250x188.jpg 250w, https:\/\/heimatvereinbersenbrueck.de\/wordpress\/wp-content\/uploads\/2025\/08\/HVB-Tagesfahrt-Kaffeetafel.jpg 2016w\" sizes=\"auto, (max-width: 960px) 100vw, 960px\" \/><\/a><figcaption class=\"wp-element-caption\">HVB &#8211; Tagesfahrt 07.08.2025 &#8211; Kaffeetafel Foto: Franz Buitmann <\/figcaption><\/figure>\n\n\n\n<p><\/p>\n\n\n\n<p><\/p>\n\n\n\n<p>Tagesfahrt des Heimatvereins Bersenbr\u00fcck f\u00fchrte in das Emsland mit Werlte, Haren und Papenburg sowie in die Niederlande mit Ter Apel<\/p>\n\n\n\n<p>Auch in diesem Jahr bot der Heimatverein Bersenbr\u00fcck wieder eine Tagesfahrt an, sie f\u00fchrte in das Emsland mit Werlte, Haren und Papenburg sowie in die Niederlande mit Ter Apel.<\/p>\n\n\n\n<p>Auch dieses Mal fand die Fahrt wieder sehr guten Zuspruch, der Bus war erneut ausgebucht.<\/p>\n\n\n\n<p>Die Abfahrt erfolgte vom Bahnhof Bersenbr\u00fcck aus. Zun\u00e4chst ging die Fahrt nach Werlte,<br>wo ein leckeres Fr\u00fchst\u00fccksbuffet bei der Opti-Wohnwelt im M\u00f6belhaus Wilken wartete. <br>Werlte liegt mitten im emsl\u00e4ndischen Naturpark H\u00fcmmling, die Emsland-Route, der H\u00fcmmlinger Pilgerweg, die Stra\u00dfe der Megalithkultur und die Nieders\u00e4chsische M\u00fchlenstra\u00dfe f\u00fchren durch diese Natursch\u00f6nheiten.<\/p>\n\n\n\n<p>Anschlie\u00dfend wurde die Stadt Haren an der Ems unter der Leitung von G\u00e4stef\u00fchrerin Marianne Ottens besucht. Die Stadt ist eine alte Schifferstadt mit einer langen Tradition und liegt im Zentrum des heutigen Landkreises Emsland, sie ist ein staatlich anerkannter Erholungsort im Stromtal der Ems. Besonders die St. Martinus-Kirche, die wegen ihrer Gr\u00f6\u00dfe auch \u201eEmslanddom\u201c genannt wird, fand gro\u00dfes Interesse.<br> In ihrer jetzigen Gestalt besteht die Kirche erst seit dem Jahre 1911, die Vorg\u00e4ngerin stammt aus dem Jahre 1854. Sie spiegelt durch die neue Raumgestaltung sowie durch ihre k\u00fcnstlerische Ausstattung und Anordnung der liturgischen Handlungsorte nach der Renovierung 2001 das Kirchen-, Glaubens-, Liturgie- und Selbstverst\u00e4ndnis der Gemeinde wider. Die innere Ausgestaltung der Kirche mit den bleiverglasten Fenstern, der Farbgestaltung, der Anordnung der Bankreihen, dem Zelebrationsaltar unter der gewaltigen Kuppel und dem m\u00e4chtigen Hochaltar hat eine gro\u00dfe religi\u00f6se Aussagekraft und eine tiefe Symbolik. Auf einer Busfahrt durch und um die Stadt brachte die Reisef\u00fchrerin den G\u00e4sten die Stadt n\u00e4her, ein kurzer Halt zeigte auch das sehenswerte Schifffahrtsmuseum.<\/p>\n\n\n\n<figure class=\"wp-block-image size-large\"><a href=\"https:\/\/heimatvereinbersenbrueck.de\/wordpress\/wp-content\/uploads\/2025\/08\/HVB-Tagesfahrt-1.jpg\"><img loading=\"lazy\" decoding=\"async\" width=\"960\" height=\"720\" src=\"https:\/\/heimatvereinbersenbrueck.de\/wordpress\/wp-content\/uploads\/2025\/08\/HVB-Tagesfahrt-1-960x720.jpg\" alt=\"\u201eEmsland-Dom\u201c in Haren\/Ems Foto. Franz Buitmann\" class=\"wp-image-4081\" srcset=\"https:\/\/heimatvereinbersenbrueck.de\/wordpress\/wp-content\/uploads\/2025\/08\/HVB-Tagesfahrt-1-960x720.jpg 960w, https:\/\/heimatvereinbersenbrueck.de\/wordpress\/wp-content\/uploads\/2025\/08\/HVB-Tagesfahrt-1-620x465.jpg 620w, https:\/\/heimatvereinbersenbrueck.de\/wordpress\/wp-content\/uploads\/2025\/08\/HVB-Tagesfahrt-1-768x576.jpg 768w, https:\/\/heimatvereinbersenbrueck.de\/wordpress\/wp-content\/uploads\/2025\/08\/HVB-Tagesfahrt-1-1536x1152.jpg 1536w, https:\/\/heimatvereinbersenbrueck.de\/wordpress\/wp-content\/uploads\/2025\/08\/HVB-Tagesfahrt-1-350x263.jpg 350w, https:\/\/heimatvereinbersenbrueck.de\/wordpress\/wp-content\/uploads\/2025\/08\/HVB-Tagesfahrt-1-780x586.jpg 780w, https:\/\/heimatvereinbersenbrueck.de\/wordpress\/wp-content\/uploads\/2025\/08\/HVB-Tagesfahrt-1-250x188.jpg 250w, https:\/\/heimatvereinbersenbrueck.de\/wordpress\/wp-content\/uploads\/2025\/08\/HVB-Tagesfahrt-1.jpg 2016w\" sizes=\"auto, (max-width: 960px) 100vw, 960px\" \/><\/a><figcaption class=\"wp-element-caption\">\u201eEmsland-Dom\u201c in Haren\/Ems Foto. Franz Buitmann<\/figcaption><\/figure>\n\n\n\n<p>Die Fahrt ging dann weiter in die Niederlande nach Ter Apel, wo zun\u00e4chst im Hotel-Restaurant \u201eBoschhuis\u201c ein Mittagessen eingenommen wurde. <\/p>\n\n\n\n<p>Anschlie\u00dfend wurde das Museum Kloster Ter Apel unter F\u00fchrung zwei Gruppen besichtigt. Das Geb\u00e4ude wurde 1465 als Kloster des \u201eOrdens vom Heiligen Kreuz\u201c erbaut und ist heute ein Museum. Die Kreuzherren leben hier schon lange nicht mehr. <\/p>\n\n\n\n<p>Ihr Leben spielte sich haupts\u00e4chlich drinnen ab, wo sie beteten, meditierten, schliefen und a\u00dfen. Im Mittelalter gab es in Groningen 34 Kl\u00f6ster in acht verschiedenen Orten.<\/p>\n\n\n\n<p>Die Tatsache, dass es so viele Kl\u00f6ster gab, h\u00e4ngt mit der gro\u00dfen Bedeutung zusammen,<br>die die Kl\u00f6ster f\u00fcr die Menschen im Mittelalter hatten. <br>M\u00f6nche beteten f\u00fcr das Seelenheil aller Menschen, also f\u00fcr die Seele im Himmel nach dem Tod. Das fand jeder wichtig und deshalb war es normal, ja sogar ehrenhaft, in ein Kloster einzutreten.<\/p>\n\n\n\n<figure class=\"wp-block-gallery has-nested-images columns-default is-cropped wp-block-gallery-2 is-layout-flex wp-block-gallery-is-layout-flex\">\n<figure class=\"wp-block-image size-large\"><a href=\"https:\/\/heimatvereinbersenbrueck.de\/wordpress\/wp-content\/uploads\/2025\/08\/HVB-Tagesfahrt-Gaststaette-Boschhuis.jpg\"><img loading=\"lazy\" decoding=\"async\" width=\"960\" height=\"720\" data-id=\"4080\" src=\"https:\/\/heimatvereinbersenbrueck.de\/wordpress\/wp-content\/uploads\/2025\/08\/HVB-Tagesfahrt-Gaststaette-Boschhuis-960x720.jpg\" alt=\"HVB - Tagesfahrt - Gastst\u00e4tte Boschhuis Foto: Franz Buitmann\" class=\"wp-image-4080\" srcset=\"https:\/\/heimatvereinbersenbrueck.de\/wordpress\/wp-content\/uploads\/2025\/08\/HVB-Tagesfahrt-Gaststaette-Boschhuis-960x720.jpg 960w, https:\/\/heimatvereinbersenbrueck.de\/wordpress\/wp-content\/uploads\/2025\/08\/HVB-Tagesfahrt-Gaststaette-Boschhuis-620x465.jpg 620w, https:\/\/heimatvereinbersenbrueck.de\/wordpress\/wp-content\/uploads\/2025\/08\/HVB-Tagesfahrt-Gaststaette-Boschhuis-768x576.jpg 768w, https:\/\/heimatvereinbersenbrueck.de\/wordpress\/wp-content\/uploads\/2025\/08\/HVB-Tagesfahrt-Gaststaette-Boschhuis-1536x1152.jpg 1536w, https:\/\/heimatvereinbersenbrueck.de\/wordpress\/wp-content\/uploads\/2025\/08\/HVB-Tagesfahrt-Gaststaette-Boschhuis-350x263.jpg 350w, https:\/\/heimatvereinbersenbrueck.de\/wordpress\/wp-content\/uploads\/2025\/08\/HVB-Tagesfahrt-Gaststaette-Boschhuis-780x586.jpg 780w, https:\/\/heimatvereinbersenbrueck.de\/wordpress\/wp-content\/uploads\/2025\/08\/HVB-Tagesfahrt-Gaststaette-Boschhuis-250x188.jpg 250w, https:\/\/heimatvereinbersenbrueck.de\/wordpress\/wp-content\/uploads\/2025\/08\/HVB-Tagesfahrt-Gaststaette-Boschhuis.jpg 2016w\" sizes=\"auto, (max-width: 960px) 100vw, 960px\" \/><\/a><figcaption class=\"wp-element-caption\">HVB &#8211; Tagesfahrt &#8211; Gastst\u00e4tte Boschhuis Foto: Franz Buitmann <\/figcaption><\/figure>\n\n\n\n<figure class=\"wp-block-image size-large\"><a href=\"https:\/\/heimatvereinbersenbrueck.de\/wordpress\/wp-content\/uploads\/2025\/08\/Kloster-Ter-Apel.jpg\"><img loading=\"lazy\" decoding=\"async\" width=\"960\" height=\"720\" data-id=\"4078\" src=\"https:\/\/heimatvereinbersenbrueck.de\/wordpress\/wp-content\/uploads\/2025\/08\/Kloster-Ter-Apel-960x720.jpg\" alt=\"Kloster Ter Apel - Foto Franz Buitmann 07.08.2025\" class=\"wp-image-4078\" srcset=\"https:\/\/heimatvereinbersenbrueck.de\/wordpress\/wp-content\/uploads\/2025\/08\/Kloster-Ter-Apel-960x720.jpg 960w, https:\/\/heimatvereinbersenbrueck.de\/wordpress\/wp-content\/uploads\/2025\/08\/Kloster-Ter-Apel-620x465.jpg 620w, https:\/\/heimatvereinbersenbrueck.de\/wordpress\/wp-content\/uploads\/2025\/08\/Kloster-Ter-Apel-768x576.jpg 768w, https:\/\/heimatvereinbersenbrueck.de\/wordpress\/wp-content\/uploads\/2025\/08\/Kloster-Ter-Apel-1536x1152.jpg 1536w, https:\/\/heimatvereinbersenbrueck.de\/wordpress\/wp-content\/uploads\/2025\/08\/Kloster-Ter-Apel-350x263.jpg 350w, https:\/\/heimatvereinbersenbrueck.de\/wordpress\/wp-content\/uploads\/2025\/08\/Kloster-Ter-Apel-780x586.jpg 780w, https:\/\/heimatvereinbersenbrueck.de\/wordpress\/wp-content\/uploads\/2025\/08\/Kloster-Ter-Apel-250x188.jpg 250w, https:\/\/heimatvereinbersenbrueck.de\/wordpress\/wp-content\/uploads\/2025\/08\/Kloster-Ter-Apel.jpg 2016w\" sizes=\"auto, (max-width: 960px) 100vw, 960px\" \/><\/a><figcaption class=\"wp-element-caption\">Kloster Ter Apel &#8211; Foto Franz Buitmann 07.08.2025<\/figcaption><\/figure>\n\n\n\n<figure class=\"wp-block-image size-large\"><a href=\"https:\/\/heimatvereinbersenbrueck.de\/wordpress\/wp-content\/uploads\/2025\/08\/HVB-Tagesfahrt-2.jpg\"><img loading=\"lazy\" decoding=\"async\" width=\"960\" height=\"720\" data-id=\"4079\" src=\"https:\/\/heimatvereinbersenbrueck.de\/wordpress\/wp-content\/uploads\/2025\/08\/HVB-Tagesfahrt-2-960x720.jpg\" alt=\"HVB Tagesfahrt 07.08.2025 Kreuzherren-Kloster in Ter Apel mit F\u00fchrung und Kr\u00e4utergarten\" class=\"wp-image-4079\" srcset=\"https:\/\/heimatvereinbersenbrueck.de\/wordpress\/wp-content\/uploads\/2025\/08\/HVB-Tagesfahrt-2-960x720.jpg 960w, https:\/\/heimatvereinbersenbrueck.de\/wordpress\/wp-content\/uploads\/2025\/08\/HVB-Tagesfahrt-2-620x465.jpg 620w, https:\/\/heimatvereinbersenbrueck.de\/wordpress\/wp-content\/uploads\/2025\/08\/HVB-Tagesfahrt-2-768x576.jpg 768w, https:\/\/heimatvereinbersenbrueck.de\/wordpress\/wp-content\/uploads\/2025\/08\/HVB-Tagesfahrt-2-1536x1152.jpg 1536w, https:\/\/heimatvereinbersenbrueck.de\/wordpress\/wp-content\/uploads\/2025\/08\/HVB-Tagesfahrt-2-350x263.jpg 350w, https:\/\/heimatvereinbersenbrueck.de\/wordpress\/wp-content\/uploads\/2025\/08\/HVB-Tagesfahrt-2-780x586.jpg 780w, https:\/\/heimatvereinbersenbrueck.de\/wordpress\/wp-content\/uploads\/2025\/08\/HVB-Tagesfahrt-2-250x188.jpg 250w, https:\/\/heimatvereinbersenbrueck.de\/wordpress\/wp-content\/uploads\/2025\/08\/HVB-Tagesfahrt-2.jpg 2016w\" sizes=\"auto, (max-width: 960px) 100vw, 960px\" \/><\/a><figcaption class=\"wp-element-caption\">HVB Tagesfahrt 07.08.2025 Kreuzherren-Kloster in Ter Apel mit F\u00fchrung und Kr\u00e4utergarten<\/figcaption><\/figure>\n\n\n\n<figure class=\"wp-block-image size-large\"><a href=\"https:\/\/heimatvereinbersenbrueck.de\/wordpress\/wp-content\/uploads\/2025\/08\/HVB-Tagesfahrt-Ter-Apel-Kraeutergarten.jpg\"><img loading=\"lazy\" decoding=\"async\" width=\"960\" height=\"720\" data-id=\"4077\" src=\"https:\/\/heimatvereinbersenbrueck.de\/wordpress\/wp-content\/uploads\/2025\/08\/HVB-Tagesfahrt-Ter-Apel-Kraeutergarten-960x720.jpg\" alt=\"HVB - Tagesfahrt 07.08.2025 - Ter Apel Kr\u00e4utergarten Foto: Franz Buitmann\" class=\"wp-image-4077\" srcset=\"https:\/\/heimatvereinbersenbrueck.de\/wordpress\/wp-content\/uploads\/2025\/08\/HVB-Tagesfahrt-Ter-Apel-Kraeutergarten-960x720.jpg 960w, https:\/\/heimatvereinbersenbrueck.de\/wordpress\/wp-content\/uploads\/2025\/08\/HVB-Tagesfahrt-Ter-Apel-Kraeutergarten-620x465.jpg 620w, https:\/\/heimatvereinbersenbrueck.de\/wordpress\/wp-content\/uploads\/2025\/08\/HVB-Tagesfahrt-Ter-Apel-Kraeutergarten-768x576.jpg 768w, https:\/\/heimatvereinbersenbrueck.de\/wordpress\/wp-content\/uploads\/2025\/08\/HVB-Tagesfahrt-Ter-Apel-Kraeutergarten-1536x1152.jpg 1536w, https:\/\/heimatvereinbersenbrueck.de\/wordpress\/wp-content\/uploads\/2025\/08\/HVB-Tagesfahrt-Ter-Apel-Kraeutergarten-350x263.jpg 350w, https:\/\/heimatvereinbersenbrueck.de\/wordpress\/wp-content\/uploads\/2025\/08\/HVB-Tagesfahrt-Ter-Apel-Kraeutergarten-780x586.jpg 780w, https:\/\/heimatvereinbersenbrueck.de\/wordpress\/wp-content\/uploads\/2025\/08\/HVB-Tagesfahrt-Ter-Apel-Kraeutergarten-250x188.jpg 250w, https:\/\/heimatvereinbersenbrueck.de\/wordpress\/wp-content\/uploads\/2025\/08\/HVB-Tagesfahrt-Ter-Apel-Kraeutergarten.jpg 2016w\" sizes=\"auto, (max-width: 960px) 100vw, 960px\" \/><\/a><figcaption class=\"wp-element-caption\">HVB &#8211; Tagesfahrt 07.08.2025 &#8211; Ter Apel Kr\u00e4utergarten Foto: Franz Buitmann<\/figcaption><\/figure>\n<\/figure>\n\n\n\n<p><br>Viel Aufmerksamkeit fand auch der ehemalige Garten der Kanoniker, ein Ort der Besinnung und Meditation, heute ein viel besuchter Kr\u00e4utergarten. <br>Das Kloster Ter Apel ist das einzige, das noch \u00fcbrig ist. Am Kloster steht noch ein \u201eSpieker\u201c, ein ehemaliger Getreidespeicher, um das Kloster herum gibt es den Klosterwald mit den \u00dcberresten einer Wasserm\u00fchle.<\/p>\n\n\n\n<p>Weiter ging die Fahrt nach Papenburg, eine alte Fehnkolonie, ein Freilichtmuseum zeigt die Entwicklung der Stadt, die heute besonders durch die Meyer-Werft bekannt ist.<br><br>In Papenburg traf sich der Heimatverein im Cafe-Restaurant Engels am Hauptkanal, zu einer Kaffeetafel, ehe es \u00fcber den H\u00fcmmling zur\u00fcck nach Bersenbr\u00fcck ging.<\/p>\n\n\n\n<figure class=\"wp-block-image size-large\"><a href=\"https:\/\/heimatvereinbersenbrueck.de\/wordpress\/wp-content\/uploads\/2025\/08\/HVB-Tagesfahrt-Kaffeetafel.jpg\"><img loading=\"lazy\" decoding=\"async\" width=\"960\" height=\"720\" src=\"https:\/\/heimatvereinbersenbrueck.de\/wordpress\/wp-content\/uploads\/2025\/08\/HVB-Tagesfahrt-Kaffeetafel-960x720.jpg\" alt=\"HVB - Tagesfahrt 07.08.2025 - Kaffeetafel Foto: Franz Buitmann\" class=\"wp-image-4076\" srcset=\"https:\/\/heimatvereinbersenbrueck.de\/wordpress\/wp-content\/uploads\/2025\/08\/HVB-Tagesfahrt-Kaffeetafel-960x720.jpg 960w, https:\/\/heimatvereinbersenbrueck.de\/wordpress\/wp-content\/uploads\/2025\/08\/HVB-Tagesfahrt-Kaffeetafel-620x465.jpg 620w, https:\/\/heimatvereinbersenbrueck.de\/wordpress\/wp-content\/uploads\/2025\/08\/HVB-Tagesfahrt-Kaffeetafel-768x576.jpg 768w, https:\/\/heimatvereinbersenbrueck.de\/wordpress\/wp-content\/uploads\/2025\/08\/HVB-Tagesfahrt-Kaffeetafel-1536x1152.jpg 1536w, https:\/\/heimatvereinbersenbrueck.de\/wordpress\/wp-content\/uploads\/2025\/08\/HVB-Tagesfahrt-Kaffeetafel-350x263.jpg 350w, https:\/\/heimatvereinbersenbrueck.de\/wordpress\/wp-content\/uploads\/2025\/08\/HVB-Tagesfahrt-Kaffeetafel-780x586.jpg 780w, https:\/\/heimatvereinbersenbrueck.de\/wordpress\/wp-content\/uploads\/2025\/08\/HVB-Tagesfahrt-Kaffeetafel-250x188.jpg 250w, https:\/\/heimatvereinbersenbrueck.de\/wordpress\/wp-content\/uploads\/2025\/08\/HVB-Tagesfahrt-Kaffeetafel.jpg 2016w\" sizes=\"auto, (max-width: 960px) 100vw, 960px\" \/><\/a><figcaption class=\"wp-element-caption\">HVB &#8211; Tagesfahrt 07.08.2025 &#8211; Kaffeetafel Foto: Franz Buitmann <\/figcaption><\/figure>\n\n\n\n<p>Fotos und Text Franz Buitmann <\/p>\n\n\n\n<p><\/p>\n","protected":false},"excerpt":{"rendered":"<p>Auch in diesem Jahr bot der Heimatverein Bersenbr\u00fcck wieder eine Tagesfahrt an, sie f\u00fchrte in das Emsland mit Werlte, Haren und Papenburg sowie in die Niederlande mit Ter Apel. Auch dieses Mal fand die Fahrt wieder sehr guten Zuspruch, der Bus war erneut ausgebucht. Die Abfahrt erfolgte vom Bahnhof Bersenbr\u00fcck aus. Zun\u00e4chst ging die Fahrt nach Werlte,wo ein leckeres Fr\u00fchst\u00fccksbuffet <a class=\"more-link\" href=\"https:\/\/heimatvereinbersenbrueck.de\/wordpress\/tagesfahrt-des-heimatvereins-bersenbrueck-fuehrte-in-das-emsland-mit-werlte-haren-und-papenburg-sowie-in-die-niederlande-mit-ter-apel\/\">&lt;weiterlesen&#8230;<\/a><\/p>\n","protected":false},"author":3,"featured_media":4078,"comment_status":"closed","ping_status":"closed","sticky":false,"template":"","format":"standard","meta":{"pgc_sgb_lightbox_settings":"","_EventAllDay":false,"_EventTimezone":"","_EventStartDate":"","_EventEndDate":"","_EventStartDateUTC":"","_EventEndDateUTC":"","_EventShowMap":false,"_EventShowMapLink":false,"_EventURL":"","_EventCost":"","_EventCostDescription":"","_EventCurrencySymbol":"","_EventCurrencyCode":"","_EventCurrencyPosition":"","_EventDateTimeSeparator":"","_EventTimeRangeSeparator":"","_EventOrganizerID":[],"_EventVenueID":[],"_OrganizerEmail":"","_OrganizerPhone":"","_OrganizerWebsite":"","_VenueAddress":"","_VenueCity":"","_VenueCountry":"","_VenueProvince":"","_VenueState":"","_VenueZip":"","_VenuePhone":"","_VenueURL":"","_VenueStateProvince":"","_VenueLat":"","_VenueLng":"","_VenueShowMap":false,"_VenueShowMapLink":false,"footnotes":""},"categories":[1],"tags":[],"class_list":["post-4088","post","type-post","status-publish","format-standard","has-post-thumbnail","hentry","category-allgemein"],"_links":{"self":[{"href":"https:\/\/heimatvereinbersenbrueck.de\/wordpress\/wp-json\/wp\/v2\/posts\/4088","targetHints":{"allow":["GET"]}}],"collection":[{"href":"https:\/\/heimatvereinbersenbrueck.de\/wordpress\/wp-json\/wp\/v2\/posts"}],"about":[{"href":"https:\/\/heimatvereinbersenbrueck.de\/wordpress\/wp-json\/wp\/v2\/types\/post"}],"author":[{"embeddable":true,"href":"https:\/\/heimatvereinbersenbrueck.de\/wordpress\/wp-json\/wp\/v2\/users\/3"}],"replies":[{"embeddable":true,"href":"https:\/\/heimatvereinbersenbrueck.de\/wordpress\/wp-json\/wp\/v2\/comments?post=4088"}],"version-history":[{"count":2,"href":"https:\/\/heimatvereinbersenbrueck.de\/wordpress\/wp-json\/wp\/v2\/posts\/4088\/revisions"}],"predecessor-version":[{"id":4090,"href":"https:\/\/heimatvereinbersenbrueck.de\/wordpress\/wp-json\/wp\/v2\/posts\/4088\/revisions\/4090"}],"wp:featuredmedia":[{"embeddable":true,"href":"https:\/\/heimatvereinbersenbrueck.de\/wordpress\/wp-json\/wp\/v2\/media\/4078"}],"wp:attachment":[{"href":"https:\/\/heimatvereinbersenbrueck.de\/wordpress\/wp-json\/wp\/v2\/media?parent=4088"}],"wp:term":[{"taxonomy":"category","embeddable":true,"href":"https:\/\/heimatvereinbersenbrueck.de\/wordpress\/wp-json\/wp\/v2\/categories?post=4088"},{"taxonomy":"post_tag","embeddable":true,"href":"https:\/\/heimatvereinbersenbrueck.de\/wordpress\/wp-json\/wp\/v2\/tags?post=4088"}],"curies":[{"name":"wp","href":"https:\/\/api.w.org\/{rel}","templated":true}]}}