{"id":412,"date":"2011-11-02T10:00:30","date_gmt":"2011-11-02T09:00:30","guid":{"rendered":"http:\/\/heimatvereinbersenbrueck.de\/wordpress\/?p=412"},"modified":"2023-05-05T18:15:32","modified_gmt":"2023-05-05T16:15:32","slug":"stadtteilwanderung-des-heimatvereins","status":"publish","type":"post","link":"https:\/\/heimatvereinbersenbrueck.de\/wordpress\/stadtteilwanderung-des-heimatvereins\/","title":{"rendered":"Stadtteilwanderung des Heimatvereins"},"content":{"rendered":"<p>Sich \u00fcber die Geschichte des Bersenbr\u00fccker Stadtteils Bokel zu informieren, zugleich aber auch heutige Strukturen kennen zu lernen und das gesellige Beisammensein zu pflegen seien Ziele der Stadtteilwanderung des Heimatvereins, meinte Vereins-Vorsitzender Franz Buitmann bei der Begr\u00fc\u00dfung der Heimatfreunde am Heimathaus \u201eFeldm\u00fchle\u201c. Der \u201egoldene Oktober\u201c lade geradezu zu einer derartigen Wanderung ein, mit der St\u00e4rkung durch einen \u201eFeldm\u00fchlentrunk\u201c wolle man sich auf den Weg machen. Erste Station der Wanderung war der Hof Dobbelhoff, wo Dirk Dobbelhoff kurz auf die Geschichte des Hofes hinwies und auf die heutige Struktur der Milchviehwirtschaft einging. Die Bauerschaft Bokel ist wahrscheinlich in nachfr\u00e4nkischer Zeit (nach 800) entstanden. Wie \u00fcberall, so sind auch hier die neun Vollerben als \u00e4lteste Siedelst\u00e4tten anzusehen, unter ihnen befindet sich der Hof Dobbelhoff. Nach Werner Dobelmann ist der Name dieses Hofes abzuleiten von W\u00fcrfeln, jenen aus Knochen oder Stein hergestellten geometrischen K\u00f6rpern, die der Aus\u00fcbung eines uralten Gl\u00fccksspiels dienen. Diese W\u00fcrfel wurden in unserer Heimat als \u201eDobbelsteine\u201c, das W\u00fcrfeln als \u201eDobbeln\u201c bezeichnet. Vermutlich ist der Ursprung des Namens in Bokel darauf zur\u00fcckzuf\u00fchren, dass der dortige Hof als Hauptacker ein w\u00fcrfelf\u00f6rmiges Landst\u00fcck besa\u00df, etwas Ungew\u00f6hnliches in der Bauerschaft, wo im allgemeinen das Hauptackerst\u00fcck in einem breiten und ziemlich langen Streifen \u00fcber die Flur ging.<\/p>\n<p>Heute hat sich der Betrieb, so erfuhren die Heimatfreunde, auf die Milchwirtschaft spezialisiert. 65 Milchk\u00fche, zahlreiche Rinder und K\u00e4lber sowie einige Bullen bilden den Bestand. Bei einem Rundgang konnte man sich n\u00e4her informieren, hochmoderne Anlage, wie zum Beispiel die Melkanlage, erleichtern die Arbeit. Interessantes am Rande: alle K\u00fche haben einen Namen, eine automatische B\u00fcrstenanlage wird von den K\u00fchen gerne genutzt und als \u201eHobby\u201c gibt es auf dem Hof auch noch einige Pferde.<\/p>\n<p>Eine ganz andere Spezialisierung sahen die Heimatfreunde auf dem Hof Wellmann, wo Thomas Wellmann ebenfalls kurz die Geschichte des Hofes skizzierte. Kartoffelanbau und Schweinemast bilden hier die Wirtschaftsformen. Gro\u00dfe Mengen an Speisekartoffeln werden in gro\u00dfen Hallen wohl temperiert gelagert, Computer gesteuert, in einem Hofladen gibt es eine gro\u00dfe Sortenauswahl. Die Kartoffelernte, zur Zeit in vollem Gange, und das Sortieren und Abpacken erfolgen mit modernsten Ger\u00e4ten, die Zeiten der Plackerei beim Kartoffelsammeln sind hier vorbei, allerdings auch ein St\u00fcck Nostalgie!<\/p>\n<p>Zum Abschluss statteten die Heimatfreunde der ehemaligen Landgastst\u00e4tte Josef Wi\u00dfmann einen Besuch ab. F\u00fcr einen Augenblick kehrte die Vergangenheit zur\u00fcck, die Gastst\u00e4tte war gut gef\u00fcllt, die Bewirtung erstklassig. Josef Wi\u00dfmann berichtete \u00e4u\u00dferst interessant \u00fcber die Geschichte des Hauses, neben der Gastst\u00e4tte \u2013 die Heimatfreunde konnten in das Dokument \u201eKonzession vom 20. Juni 1890\u201c Einblick nehmen &#8211; \u00a0gab es einen kleinen Lebensmittelladen, man fuhr auch \u00fcber Land, auch etwas Landwirtschaft wurde betrieben, sp\u00e4ter beteiligte sich Josef Wi\u00dfmann zudem am Sch\u00fclertransport. Vor etwa drei Jahren musste die Gastst\u00e4tte aus Altersgr\u00fcnden geschlossen werden. Damit ging auch ein St\u00fcck Bokeler Geschichte zu Ende.<\/p>\n\n\t\t<style type=\"text\/css\">\n\t\t\t#gallery-1 {\n\t\t\t\tmargin: auto;\n\t\t\t}\n\t\t\t#gallery-1 .gallery-item {\n\t\t\t\tfloat: left;\n\t\t\t\tmargin-top: 10px;\n\t\t\t\ttext-align: center;\n\t\t\t\twidth: 33%;\n\t\t\t}\n\t\t\t#gallery-1 img {\n\t\t\t\tborder: 2px solid #cfcfcf;\n\t\t\t}\n\t\t\t#gallery-1 .gallery-caption {\n\t\t\t\tmargin-left: 0;\n\t\t\t}\n\t\t\t\/* see gallery_shortcode() in wp-includes\/media.php *\/\n\t\t<\/style>\n\t\t<div id='gallery-1' class='gallery galleryid-412 gallery-columns-3 gallery-size-thumbnail'><dl class='gallery-item'>\n\t\t\t<dt class='gallery-icon landscape'>\n\t\t\t\t<a href='https:\/\/heimatvereinbersenbrueck.de\/wordpress\/wp-content\/uploads\/2011\/11\/Stadtteilwanderung-5-.jpg'><img loading=\"lazy\" decoding=\"async\" width=\"150\" height=\"150\" src=\"https:\/\/heimatvereinbersenbrueck.de\/wordpress\/wp-content\/uploads\/2011\/11\/Stadtteilwanderung-5--150x150.jpg\" class=\"attachment-thumbnail size-thumbnail\" alt=\"\" \/><\/a>\n\t\t\t<\/dt><\/dl><dl class='gallery-item'>\n\t\t\t<dt class='gallery-icon landscape'>\n\t\t\t\t<a href='https:\/\/heimatvereinbersenbrueck.de\/wordpress\/wp-content\/uploads\/2011\/11\/Stadtteilwanderung-des-HVB-.jpg'><img loading=\"lazy\" decoding=\"async\" width=\"150\" height=\"150\" src=\"https:\/\/heimatvereinbersenbrueck.de\/wordpress\/wp-content\/uploads\/2011\/11\/Stadtteilwanderung-des-HVB--150x150.jpg\" class=\"attachment-thumbnail size-thumbnail\" alt=\"\" \/><\/a>\n\t\t\t<\/dt><\/dl><dl class='gallery-item'>\n\t\t\t<dt class='gallery-icon landscape'>\n\t\t\t\t<a href='https:\/\/heimatvereinbersenbrueck.de\/wordpress\/wp-content\/uploads\/2011\/11\/Stadtteilwanderung-1-.jpg'><img loading=\"lazy\" decoding=\"async\" width=\"150\" height=\"150\" src=\"https:\/\/heimatvereinbersenbrueck.de\/wordpress\/wp-content\/uploads\/2011\/11\/Stadtteilwanderung-1--150x150.jpg\" class=\"attachment-thumbnail size-thumbnail\" alt=\"\" \/><\/a>\n\t\t\t<\/dt><\/dl><br style=\"clear: both\" \/>\n\t\t<\/div>\n\n","protected":false},"excerpt":{"rendered":"<p>Sich \u00fcber die Geschichte des Bersenbr\u00fccker Stadtteils Bokel zu informieren, zugleich aber auch heutige Strukturen kennen zu lernen und das gesellige Beisammensein zu pflegen seien Ziele der Stadtteilwanderung des Heimatvereins, meinte Vereins-Vorsitzender Franz Buitmann bei der Begr\u00fc\u00dfung der Heimatfreunde am Heimathaus \u201eFeldm\u00fchle\u201c. Der \u201egoldene Oktober\u201c lade geradezu zu einer derartigen Wanderung ein, mit der St\u00e4rkung durch einen \u201eFeldm\u00fchlentrunk\u201c wolle man <a class=\"more-link\" href=\"https:\/\/heimatvereinbersenbrueck.de\/wordpress\/stadtteilwanderung-des-heimatvereins\/\">&lt;weiterlesen&#8230;<\/a><\/p>\n","protected":false},"author":4,"featured_media":413,"comment_status":"closed","ping_status":"closed","sticky":false,"template":"","format":"standard","meta":{"pgc_sgb_lightbox_settings":"","_EventAllDay":false,"_EventTimezone":"","_EventStartDate":"","_EventEndDate":"","_EventStartDateUTC":"","_EventEndDateUTC":"","_EventShowMap":false,"_EventShowMapLink":false,"_EventURL":"","_EventCost":"","_EventCostDescription":"","_EventCurrencySymbol":"","_EventCurrencyCode":"","_EventCurrencyPosition":"","_EventDateTimeSeparator":"","_EventTimeRangeSeparator":"","_EventOrganizerID":[],"_EventVenueID":[],"_OrganizerEmail":"","_OrganizerPhone":"","_OrganizerWebsite":"","_VenueAddress":"","_VenueCity":"","_VenueCountry":"","_VenueProvince":"","_VenueState":"","_VenueZip":"","_VenuePhone":"","_VenueURL":"","_VenueStateProvince":"","_VenueLat":"","_VenueLng":"","_VenueShowMap":false,"_VenueShowMapLink":false,"footnotes":""},"categories":[44,52,1],"tags":[],"class_list":["post-412","post","type-post","status-publish","format-standard","has-post-thumbnail","hentry","category-44","category-fusswanderungen","category-allgemein"],"_links":{"self":[{"href":"https:\/\/heimatvereinbersenbrueck.de\/wordpress\/wp-json\/wp\/v2\/posts\/412","targetHints":{"allow":["GET"]}}],"collection":[{"href":"https:\/\/heimatvereinbersenbrueck.de\/wordpress\/wp-json\/wp\/v2\/posts"}],"about":[{"href":"https:\/\/heimatvereinbersenbrueck.de\/wordpress\/wp-json\/wp\/v2\/types\/post"}],"author":[{"embeddable":true,"href":"https:\/\/heimatvereinbersenbrueck.de\/wordpress\/wp-json\/wp\/v2\/users\/4"}],"replies":[{"embeddable":true,"href":"https:\/\/heimatvereinbersenbrueck.de\/wordpress\/wp-json\/wp\/v2\/comments?post=412"}],"version-history":[{"count":5,"href":"https:\/\/heimatvereinbersenbrueck.de\/wordpress\/wp-json\/wp\/v2\/posts\/412\/revisions"}],"predecessor-version":[{"id":417,"href":"https:\/\/heimatvereinbersenbrueck.de\/wordpress\/wp-json\/wp\/v2\/posts\/412\/revisions\/417"}],"wp:featuredmedia":[{"embeddable":true,"href":"https:\/\/heimatvereinbersenbrueck.de\/wordpress\/wp-json\/wp\/v2\/media\/413"}],"wp:attachment":[{"href":"https:\/\/heimatvereinbersenbrueck.de\/wordpress\/wp-json\/wp\/v2\/media?parent=412"}],"wp:term":[{"taxonomy":"category","embeddable":true,"href":"https:\/\/heimatvereinbersenbrueck.de\/wordpress\/wp-json\/wp\/v2\/categories?post=412"},{"taxonomy":"post_tag","embeddable":true,"href":"https:\/\/heimatvereinbersenbrueck.de\/wordpress\/wp-json\/wp\/v2\/tags?post=412"}],"curies":[{"name":"wp","href":"https:\/\/api.w.org\/{rel}","templated":true}]}}