{"id":4128,"date":"2025-08-14T11:36:00","date_gmt":"2025-08-14T09:36:00","guid":{"rendered":"https:\/\/heimatvereinbersenbrueck.de\/wordpress\/?p=4128"},"modified":"2025-08-23T11:52:42","modified_gmt":"2025-08-23T09:52:42","slug":"sommerliche-radwanderung-des-heimatvereins-bersenbrueck-nach-kloster-malbergen","status":"publish","type":"post","link":"https:\/\/heimatvereinbersenbrueck.de\/wordpress\/sommerliche-radwanderung-des-heimatvereins-bersenbrueck-nach-kloster-malbergen\/","title":{"rendered":"Sommerliche Radwanderung des Heimatvereins Bersenbr\u00fcck nach Kloster Malbergen"},"content":{"rendered":"\n<h1 class=\"wp-block-heading\">(13.08.2025)<\/h1>\n\n\n\n<p>Die monatliche Radwanderung<strong>&nbsp;(jeweils am 2ten Mittwoch im Monat M\u00e4rz bis September)<\/strong><br>des Heimatverein Bersenbr\u00fcck f\u00fchrte im August mit 12 Teilnehmern von Bersenbr\u00fcck<br>\u00fcber die Heeke zum Kloster Malgarten.<br>Die Tour fand bei hochsommerlichen Temperaturen statt, konnte aber dank guter Vorbereitung und Tourenf\u00fchrung (schattenreiche Feldwege und Waldst\u00fccke und<br>ausreichend Wasser an Bord) von den Teilnehmern der Fahrt gut bew\u00e4ltigt werden.<br><br>Die Strecke f\u00fchrte die Gruppe zun\u00e4chst durch die malerische Landschaft zwischen Bersenbr\u00fcck und Malgarten vorbei an bl\u00fchenden Feldern und W\u00e4ldern,<br>bis sie schlie\u00dflich das Kloster Malgarten erreichten.<br><br>Die mittelalterliche Anlage beeindruckte die Teilnehmer mit ihrer reichen Geschichte und Architektur. Hier erhielt die Gruppe durch Dr. Andreas Wilhelm eine sehr informative F\u00fchrung durch die Klosteranlage und Kirche.<\/p>\n\n\n\n<figure class=\"wp-block-image\"><a href=\"https:\/\/heimatvereinbersenbrueck.de\/wordpress\/wp-content\/uploads\/2025\/08\/825-Jahre-HEEKE-Radtour-Foto.Reinhard-Poettker_PXL_20250810_141459516-scaled.jpg\"><img loading=\"lazy\" decoding=\"async\" width=\"960\" height=\"1707\" src=\"https:\/\/heimatvereinbersenbrueck.de\/wordpress\/wp-content\/uploads\/2025\/08\/825-Jahre-HEEKE-Radtour-Foto.Reinhard-Poettker_PXL_20250810_141459516-960x1707.jpg\" alt=\"\" class=\"wp-image-4111\" srcset=\"https:\/\/heimatvereinbersenbrueck.de\/wordpress\/wp-content\/uploads\/2025\/08\/825-Jahre-HEEKE-Radtour-Foto.Reinhard-Poettker_PXL_20250810_141459516-960x1707.jpg 960w, https:\/\/heimatvereinbersenbrueck.de\/wordpress\/wp-content\/uploads\/2025\/08\/825-Jahre-HEEKE-Radtour-Foto.Reinhard-Poettker_PXL_20250810_141459516-620x1102.jpg 620w, https:\/\/heimatvereinbersenbrueck.de\/wordpress\/wp-content\/uploads\/2025\/08\/825-Jahre-HEEKE-Radtour-Foto.Reinhard-Poettker_PXL_20250810_141459516-768x1365.jpg 768w, https:\/\/heimatvereinbersenbrueck.de\/wordpress\/wp-content\/uploads\/2025\/08\/825-Jahre-HEEKE-Radtour-Foto.Reinhard-Poettker_PXL_20250810_141459516-864x1536.jpg 864w, https:\/\/heimatvereinbersenbrueck.de\/wordpress\/wp-content\/uploads\/2025\/08\/825-Jahre-HEEKE-Radtour-Foto.Reinhard-Poettker_PXL_20250810_141459516-1152x2048.jpg 1152w, https:\/\/heimatvereinbersenbrueck.de\/wordpress\/wp-content\/uploads\/2025\/08\/825-Jahre-HEEKE-Radtour-Foto.Reinhard-Poettker_PXL_20250810_141459516-scaled.jpg 1440w\" sizes=\"auto, (max-width: 960px) 100vw, 960px\" \/><\/a><figcaption class=\"wp-element-caption\">Altar Kloster Malgarten<\/figcaption><\/figure>\n\n\n\n<figure class=\"wp-block-image\"><a href=\"https:\/\/heimatvereinbersenbrueck.de\/wordpress\/wp-content\/uploads\/2025\/08\/HV-Bersenbrueck-Radwanderung-13.08.2025.Foto-Reinhard-Rehkamp-11-scaled.jpg\"><img loading=\"lazy\" decoding=\"async\" width=\"960\" height=\"720\" src=\"https:\/\/heimatvereinbersenbrueck.de\/wordpress\/wp-content\/uploads\/2025\/08\/HV-Bersenbrueck-Radwanderung-13.08.2025.Foto-Reinhard-Rehkamp-11-960x720.jpg\" alt=\"Besichtigung Kirche Kloster Malgarten\" class=\"wp-image-4102\" srcset=\"https:\/\/heimatvereinbersenbrueck.de\/wordpress\/wp-content\/uploads\/2025\/08\/HV-Bersenbrueck-Radwanderung-13.08.2025.Foto-Reinhard-Rehkamp-11-960x720.jpg 960w, https:\/\/heimatvereinbersenbrueck.de\/wordpress\/wp-content\/uploads\/2025\/08\/HV-Bersenbrueck-Radwanderung-13.08.2025.Foto-Reinhard-Rehkamp-11-620x465.jpg 620w, https:\/\/heimatvereinbersenbrueck.de\/wordpress\/wp-content\/uploads\/2025\/08\/HV-Bersenbrueck-Radwanderung-13.08.2025.Foto-Reinhard-Rehkamp-11-768x576.jpg 768w, https:\/\/heimatvereinbersenbrueck.de\/wordpress\/wp-content\/uploads\/2025\/08\/HV-Bersenbrueck-Radwanderung-13.08.2025.Foto-Reinhard-Rehkamp-11-1536x1152.jpg 1536w, https:\/\/heimatvereinbersenbrueck.de\/wordpress\/wp-content\/uploads\/2025\/08\/HV-Bersenbrueck-Radwanderung-13.08.2025.Foto-Reinhard-Rehkamp-11-2048x1536.jpg 2048w, https:\/\/heimatvereinbersenbrueck.de\/wordpress\/wp-content\/uploads\/2025\/08\/HV-Bersenbrueck-Radwanderung-13.08.2025.Foto-Reinhard-Rehkamp-11-350x263.jpg 350w, https:\/\/heimatvereinbersenbrueck.de\/wordpress\/wp-content\/uploads\/2025\/08\/HV-Bersenbrueck-Radwanderung-13.08.2025.Foto-Reinhard-Rehkamp-11-780x586.jpg 780w, https:\/\/heimatvereinbersenbrueck.de\/wordpress\/wp-content\/uploads\/2025\/08\/HV-Bersenbrueck-Radwanderung-13.08.2025.Foto-Reinhard-Rehkamp-11-250x188.jpg 250w\" sizes=\"auto, (max-width: 960px) 100vw, 960px\" \/><\/a><figcaption class=\"wp-element-caption\">Besichtigung Kirche Kloster Malgarten<\/figcaption><\/figure>\n\n\n\n<p><br><br>Nach einer Pause im SB-Cafe Lindenbl\u00fcte bei Kaffee , Kaltgetr\u00e4nken und Kuchen nutzten noch einige Teilnehmer der Gruppe die Gelegenheit die Outdoor-Ausstellung Anders Welten zu besichtigen und dort noch l\u00e4nger zu verweilen um die Umgebung zu erkunden.<\/p>\n\n\n\n<figure class=\"wp-block-image\"><a href=\"https:\/\/heimatvereinbersenbrueck.de\/wordpress\/wp-content\/uploads\/2025\/08\/825-Jahre-HEEKE-Radtour-Foto.Reinhard-Poettker_PXL_20250810_134814889.MP_-scaled.jpg\"><img loading=\"lazy\" decoding=\"async\" width=\"960\" height=\"540\" src=\"https:\/\/heimatvereinbersenbrueck.de\/wordpress\/wp-content\/uploads\/2025\/08\/825-Jahre-HEEKE-Radtour-Foto.Reinhard-Poettker_PXL_20250810_134814889.MP_-960x540.jpg\" alt=\"\" class=\"wp-image-4115\" srcset=\"https:\/\/heimatvereinbersenbrueck.de\/wordpress\/wp-content\/uploads\/2025\/08\/825-Jahre-HEEKE-Radtour-Foto.Reinhard-Poettker_PXL_20250810_134814889.MP_-960x540.jpg 960w, https:\/\/heimatvereinbersenbrueck.de\/wordpress\/wp-content\/uploads\/2025\/08\/825-Jahre-HEEKE-Radtour-Foto.Reinhard-Poettker_PXL_20250810_134814889.MP_-620x349.jpg 620w, https:\/\/heimatvereinbersenbrueck.de\/wordpress\/wp-content\/uploads\/2025\/08\/825-Jahre-HEEKE-Radtour-Foto.Reinhard-Poettker_PXL_20250810_134814889.MP_-768x432.jpg 768w, https:\/\/heimatvereinbersenbrueck.de\/wordpress\/wp-content\/uploads\/2025\/08\/825-Jahre-HEEKE-Radtour-Foto.Reinhard-Poettker_PXL_20250810_134814889.MP_-1536x864.jpg 1536w, https:\/\/heimatvereinbersenbrueck.de\/wordpress\/wp-content\/uploads\/2025\/08\/825-Jahre-HEEKE-Radtour-Foto.Reinhard-Poettker_PXL_20250810_134814889.MP_-2048x1152.jpg 2048w\" sizes=\"auto, (max-width: 960px) 100vw, 960px\" \/><\/a><figcaption class=\"wp-element-caption\">Anders Welten<\/figcaption><\/figure>\n\n\n\n<p>Die R\u00fccktour einer Teilgruppe f\u00fchrte dann \u00fcber S\u00f6geln, Rieste \/ Alfsee und Heeke und Woltrup-Wehbergen zur\u00fcck nach Bersenbr\u00fcck.<br><br>Die Teilnehmer nutzen auch hier die schattigen Wege um trotz hochsommerlichen Temperaturen die Tour gut bew\u00e4ltigen zu k\u00f6nnen. und die Gelegenheit, den Fortschritt der Getreideernte zu bewundern.<\/p>\n\n\n\n<p>Ein Highlight der Tour war die Durchfahrt auf Hin-und R\u00fcckweg durch Heeke, wo die Gruppe die umfangreichen Vorbereitungen zur 825-Jahr-Feier (30.08.2025) betrachten konnten<\/p>\n\n\n\n<p>Schaubilder des Arbeitsleben am Wegesrand stellen bildhaft das Arbeitsleben vergangener Zeiten nach.<\/p>\n\n\n\n<figure class=\"wp-block-image\"><a href=\"https:\/\/heimatvereinbersenbrueck.de\/wordpress\/wp-content\/uploads\/2025\/08\/825-Jahre-HEEKE-Radtour-Foto.Reinhard-Poettker_PXL_20250810_125215402-scaled.jpg\"><img loading=\"lazy\" decoding=\"async\" width=\"960\" height=\"540\" src=\"https:\/\/heimatvereinbersenbrueck.de\/wordpress\/wp-content\/uploads\/2025\/08\/825-Jahre-HEEKE-Radtour-Foto.Reinhard-Poettker_PXL_20250810_125215402-960x540.jpg\" alt=\"\" class=\"wp-image-4124\" srcset=\"https:\/\/heimatvereinbersenbrueck.de\/wordpress\/wp-content\/uploads\/2025\/08\/825-Jahre-HEEKE-Radtour-Foto.Reinhard-Poettker_PXL_20250810_125215402-960x540.jpg 960w, https:\/\/heimatvereinbersenbrueck.de\/wordpress\/wp-content\/uploads\/2025\/08\/825-Jahre-HEEKE-Radtour-Foto.Reinhard-Poettker_PXL_20250810_125215402-620x349.jpg 620w, https:\/\/heimatvereinbersenbrueck.de\/wordpress\/wp-content\/uploads\/2025\/08\/825-Jahre-HEEKE-Radtour-Foto.Reinhard-Poettker_PXL_20250810_125215402-768x432.jpg 768w, https:\/\/heimatvereinbersenbrueck.de\/wordpress\/wp-content\/uploads\/2025\/08\/825-Jahre-HEEKE-Radtour-Foto.Reinhard-Poettker_PXL_20250810_125215402-1536x864.jpg 1536w, https:\/\/heimatvereinbersenbrueck.de\/wordpress\/wp-content\/uploads\/2025\/08\/825-Jahre-HEEKE-Radtour-Foto.Reinhard-Poettker_PXL_20250810_125215402-2048x1152.jpg 2048w\" sizes=\"auto, (max-width: 960px) 100vw, 960px\" \/><\/a><figcaption class=\"wp-element-caption\">Heeke Schaubild 825 Jahre<\/figcaption><\/figure>\n\n\n\n<p><br>Insgesamt war die Radtour des Heimatvereins Bersenbr\u00fcck ein voller Erfolg.<\/p>\n\n\n\n<p>Die Kombination aus sportlicher Aktivit\u00e4t, kulturellem Erlebnis und sozialer Interaktion bot den Teilnehmern einen unvergesslichen Tag.<\/p>\n\n\n\n<p>Text: Reinhard P\u00f6ttker Foto Reinhard P\u00f6ttker und Reinhard Rehkamp<\/p>\n\n\n\n<figure class=\"wp-block-gallery has-nested-images columns-default is-cropped wp-block-gallery-1 is-layout-flex wp-block-gallery-is-layout-flex\">\n<figure class=\"wp-block-image size-large\"><a href=\"https:\/\/heimatvereinbersenbrueck.de\/wordpress\/wp-content\/uploads\/2025\/08\/825-Jahre-HEEKE-Radtour-Foto.Reinhard-Poettker_PXL_20250810_125638808-scaled.jpg\"><img loading=\"lazy\" decoding=\"async\" width=\"960\" height=\"540\" data-id=\"4114\" src=\"https:\/\/heimatvereinbersenbrueck.de\/wordpress\/wp-content\/uploads\/2025\/08\/825-Jahre-HEEKE-Radtour-Foto.Reinhard-Poettker_PXL_20250810_125638808-960x540.jpg\" alt=\"\" class=\"wp-image-4114\" srcset=\"https:\/\/heimatvereinbersenbrueck.de\/wordpress\/wp-content\/uploads\/2025\/08\/825-Jahre-HEEKE-Radtour-Foto.Reinhard-Poettker_PXL_20250810_125638808-960x540.jpg 960w, https:\/\/heimatvereinbersenbrueck.de\/wordpress\/wp-content\/uploads\/2025\/08\/825-Jahre-HEEKE-Radtour-Foto.Reinhard-Poettker_PXL_20250810_125638808-620x349.jpg 620w, https:\/\/heimatvereinbersenbrueck.de\/wordpress\/wp-content\/uploads\/2025\/08\/825-Jahre-HEEKE-Radtour-Foto.Reinhard-Poettker_PXL_20250810_125638808-768x432.jpg 768w, https:\/\/heimatvereinbersenbrueck.de\/wordpress\/wp-content\/uploads\/2025\/08\/825-Jahre-HEEKE-Radtour-Foto.Reinhard-Poettker_PXL_20250810_125638808-1536x864.jpg 1536w, https:\/\/heimatvereinbersenbrueck.de\/wordpress\/wp-content\/uploads\/2025\/08\/825-Jahre-HEEKE-Radtour-Foto.Reinhard-Poettker_PXL_20250810_125638808-2048x1152.jpg 2048w\" sizes=\"auto, (max-width: 960px) 100vw, 960px\" \/><\/a><figcaption class=\"wp-element-caption\">Heeke Schaubild 825 Jahre<\/figcaption><\/figure>\n\n\n\n<figure class=\"wp-block-image size-large\"><a href=\"https:\/\/heimatvereinbersenbrueck.de\/wordpress\/wp-content\/uploads\/2025\/08\/825-Jahre-HEEKE-Radtour-Foto.Reinhard-Poettker_PXL_20250810_161725808-scaled.jpg\"><img loading=\"lazy\" decoding=\"async\" width=\"960\" height=\"540\" data-id=\"4113\" src=\"https:\/\/heimatvereinbersenbrueck.de\/wordpress\/wp-content\/uploads\/2025\/08\/825-Jahre-HEEKE-Radtour-Foto.Reinhard-Poettker_PXL_20250810_161725808-960x540.jpg\" alt=\"\" class=\"wp-image-4113\" srcset=\"https:\/\/heimatvereinbersenbrueck.de\/wordpress\/wp-content\/uploads\/2025\/08\/825-Jahre-HEEKE-Radtour-Foto.Reinhard-Poettker_PXL_20250810_161725808-960x540.jpg 960w, https:\/\/heimatvereinbersenbrueck.de\/wordpress\/wp-content\/uploads\/2025\/08\/825-Jahre-HEEKE-Radtour-Foto.Reinhard-Poettker_PXL_20250810_161725808-620x349.jpg 620w, https:\/\/heimatvereinbersenbrueck.de\/wordpress\/wp-content\/uploads\/2025\/08\/825-Jahre-HEEKE-Radtour-Foto.Reinhard-Poettker_PXL_20250810_161725808-768x432.jpg 768w, https:\/\/heimatvereinbersenbrueck.de\/wordpress\/wp-content\/uploads\/2025\/08\/825-Jahre-HEEKE-Radtour-Foto.Reinhard-Poettker_PXL_20250810_161725808-1536x864.jpg 1536w, https:\/\/heimatvereinbersenbrueck.de\/wordpress\/wp-content\/uploads\/2025\/08\/825-Jahre-HEEKE-Radtour-Foto.Reinhard-Poettker_PXL_20250810_161725808-2048x1152.jpg 2048w\" sizes=\"auto, (max-width: 960px) 100vw, 960px\" \/><\/a><figcaption class=\"wp-element-caption\">Heeke Schaubild 825 Jahre<\/figcaption><\/figure>\n\n\n\n<figure class=\"wp-block-image size-large\"><a href=\"https:\/\/heimatvereinbersenbrueck.de\/wordpress\/wp-content\/uploads\/2025\/08\/825-Jahre-HEEKE-Radtour-Foto.Reinhard-Poettker_PXL_20250810_125803428.MP_-scaled.jpg\"><img loading=\"lazy\" decoding=\"async\" width=\"960\" height=\"540\" data-id=\"4112\" src=\"https:\/\/heimatvereinbersenbrueck.de\/wordpress\/wp-content\/uploads\/2025\/08\/825-Jahre-HEEKE-Radtour-Foto.Reinhard-Poettker_PXL_20250810_125803428.MP_-960x540.jpg\" alt=\"\" class=\"wp-image-4112\" srcset=\"https:\/\/heimatvereinbersenbrueck.de\/wordpress\/wp-content\/uploads\/2025\/08\/825-Jahre-HEEKE-Radtour-Foto.Reinhard-Poettker_PXL_20250810_125803428.MP_-960x540.jpg 960w, https:\/\/heimatvereinbersenbrueck.de\/wordpress\/wp-content\/uploads\/2025\/08\/825-Jahre-HEEKE-Radtour-Foto.Reinhard-Poettker_PXL_20250810_125803428.MP_-620x349.jpg 620w, https:\/\/heimatvereinbersenbrueck.de\/wordpress\/wp-content\/uploads\/2025\/08\/825-Jahre-HEEKE-Radtour-Foto.Reinhard-Poettker_PXL_20250810_125803428.MP_-768x432.jpg 768w, https:\/\/heimatvereinbersenbrueck.de\/wordpress\/wp-content\/uploads\/2025\/08\/825-Jahre-HEEKE-Radtour-Foto.Reinhard-Poettker_PXL_20250810_125803428.MP_-1536x864.jpg 1536w, https:\/\/heimatvereinbersenbrueck.de\/wordpress\/wp-content\/uploads\/2025\/08\/825-Jahre-HEEKE-Radtour-Foto.Reinhard-Poettker_PXL_20250810_125803428.MP_-2048x1152.jpg 2048w\" sizes=\"auto, (max-width: 960px) 100vw, 960px\" \/><\/a><figcaption class=\"wp-element-caption\">Heeke Schaubild 825 Jahre<\/figcaption><\/figure>\n\n\n\n<figure class=\"wp-block-image size-large\"><a href=\"https:\/\/heimatvereinbersenbrueck.de\/wordpress\/wp-content\/uploads\/2025\/08\/825-Jahre-HEEKE-Radtour-Foto.Reinhard-Poettker_PXL_20250813_161157464-scaled.jpg\"><img loading=\"lazy\" decoding=\"async\" width=\"960\" height=\"540\" data-id=\"4110\" src=\"https:\/\/heimatvereinbersenbrueck.de\/wordpress\/wp-content\/uploads\/2025\/08\/825-Jahre-HEEKE-Radtour-Foto.Reinhard-Poettker_PXL_20250813_161157464-960x540.jpg\" alt=\"\" class=\"wp-image-4110\" srcset=\"https:\/\/heimatvereinbersenbrueck.de\/wordpress\/wp-content\/uploads\/2025\/08\/825-Jahre-HEEKE-Radtour-Foto.Reinhard-Poettker_PXL_20250813_161157464-960x540.jpg 960w, https:\/\/heimatvereinbersenbrueck.de\/wordpress\/wp-content\/uploads\/2025\/08\/825-Jahre-HEEKE-Radtour-Foto.Reinhard-Poettker_PXL_20250813_161157464-620x349.jpg 620w, https:\/\/heimatvereinbersenbrueck.de\/wordpress\/wp-content\/uploads\/2025\/08\/825-Jahre-HEEKE-Radtour-Foto.Reinhard-Poettker_PXL_20250813_161157464-768x432.jpg 768w, https:\/\/heimatvereinbersenbrueck.de\/wordpress\/wp-content\/uploads\/2025\/08\/825-Jahre-HEEKE-Radtour-Foto.Reinhard-Poettker_PXL_20250813_161157464-1536x864.jpg 1536w, https:\/\/heimatvereinbersenbrueck.de\/wordpress\/wp-content\/uploads\/2025\/08\/825-Jahre-HEEKE-Radtour-Foto.Reinhard-Poettker_PXL_20250813_161157464-2048x1152.jpg 2048w\" sizes=\"auto, (max-width: 960px) 100vw, 960px\" \/><\/a><figcaption class=\"wp-element-caption\">Heeke Schaubild 825 Jahre<\/figcaption><\/figure>\n\n\n\n<figure class=\"wp-block-image size-large\"><a href=\"https:\/\/heimatvereinbersenbrueck.de\/wordpress\/wp-content\/uploads\/2025\/08\/HV-Bersenbrueck-Radwanderung-13.08.2025.Foto-Reinhard-Rehkamp-29-scaled.jpg\"><img loading=\"lazy\" decoding=\"async\" width=\"960\" height=\"720\" data-id=\"4103\" src=\"https:\/\/heimatvereinbersenbrueck.de\/wordpress\/wp-content\/uploads\/2025\/08\/HV-Bersenbrueck-Radwanderung-13.08.2025.Foto-Reinhard-Rehkamp-29-960x720.jpg\" alt=\"\" class=\"wp-image-4103\" srcset=\"https:\/\/heimatvereinbersenbrueck.de\/wordpress\/wp-content\/uploads\/2025\/08\/HV-Bersenbrueck-Radwanderung-13.08.2025.Foto-Reinhard-Rehkamp-29-960x720.jpg 960w, https:\/\/heimatvereinbersenbrueck.de\/wordpress\/wp-content\/uploads\/2025\/08\/HV-Bersenbrueck-Radwanderung-13.08.2025.Foto-Reinhard-Rehkamp-29-620x465.jpg 620w, https:\/\/heimatvereinbersenbrueck.de\/wordpress\/wp-content\/uploads\/2025\/08\/HV-Bersenbrueck-Radwanderung-13.08.2025.Foto-Reinhard-Rehkamp-29-768x576.jpg 768w, https:\/\/heimatvereinbersenbrueck.de\/wordpress\/wp-content\/uploads\/2025\/08\/HV-Bersenbrueck-Radwanderung-13.08.2025.Foto-Reinhard-Rehkamp-29-1536x1152.jpg 1536w, https:\/\/heimatvereinbersenbrueck.de\/wordpress\/wp-content\/uploads\/2025\/08\/HV-Bersenbrueck-Radwanderung-13.08.2025.Foto-Reinhard-Rehkamp-29-2048x1536.jpg 2048w, https:\/\/heimatvereinbersenbrueck.de\/wordpress\/wp-content\/uploads\/2025\/08\/HV-Bersenbrueck-Radwanderung-13.08.2025.Foto-Reinhard-Rehkamp-29-350x263.jpg 350w, https:\/\/heimatvereinbersenbrueck.de\/wordpress\/wp-content\/uploads\/2025\/08\/HV-Bersenbrueck-Radwanderung-13.08.2025.Foto-Reinhard-Rehkamp-29-780x586.jpg 780w, https:\/\/heimatvereinbersenbrueck.de\/wordpress\/wp-content\/uploads\/2025\/08\/HV-Bersenbrueck-Radwanderung-13.08.2025.Foto-Reinhard-Rehkamp-29-250x188.jpg 250w\" sizes=\"auto, (max-width: 960px) 100vw, 960px\" \/><\/a><figcaption class=\"wp-element-caption\">Heeke Schaubild 825 Jahre<\/figcaption><\/figure>\n\n\n\n<figure class=\"wp-block-image size-large\"><a href=\"https:\/\/heimatvereinbersenbrueck.de\/wordpress\/wp-content\/uploads\/2025\/08\/HV-Bersenbrueck-Radwanderung-13.08.2025.Foto-Reinhard-Rehkamp-35-scaled.jpg\"><img loading=\"lazy\" decoding=\"async\" width=\"960\" height=\"720\" data-id=\"4104\" src=\"https:\/\/heimatvereinbersenbrueck.de\/wordpress\/wp-content\/uploads\/2025\/08\/HV-Bersenbrueck-Radwanderung-13.08.2025.Foto-Reinhard-Rehkamp-35-960x720.jpg\" alt=\"Gruppen Bild Radwanderung 13.08.2025 R\u00fccktour\" class=\"wp-image-4104\" srcset=\"https:\/\/heimatvereinbersenbrueck.de\/wordpress\/wp-content\/uploads\/2025\/08\/HV-Bersenbrueck-Radwanderung-13.08.2025.Foto-Reinhard-Rehkamp-35-960x720.jpg 960w, https:\/\/heimatvereinbersenbrueck.de\/wordpress\/wp-content\/uploads\/2025\/08\/HV-Bersenbrueck-Radwanderung-13.08.2025.Foto-Reinhard-Rehkamp-35-620x465.jpg 620w, https:\/\/heimatvereinbersenbrueck.de\/wordpress\/wp-content\/uploads\/2025\/08\/HV-Bersenbrueck-Radwanderung-13.08.2025.Foto-Reinhard-Rehkamp-35-768x576.jpg 768w, https:\/\/heimatvereinbersenbrueck.de\/wordpress\/wp-content\/uploads\/2025\/08\/HV-Bersenbrueck-Radwanderung-13.08.2025.Foto-Reinhard-Rehkamp-35-1536x1152.jpg 1536w, https:\/\/heimatvereinbersenbrueck.de\/wordpress\/wp-content\/uploads\/2025\/08\/HV-Bersenbrueck-Radwanderung-13.08.2025.Foto-Reinhard-Rehkamp-35-2048x1536.jpg 2048w, https:\/\/heimatvereinbersenbrueck.de\/wordpress\/wp-content\/uploads\/2025\/08\/HV-Bersenbrueck-Radwanderung-13.08.2025.Foto-Reinhard-Rehkamp-35-350x263.jpg 350w, https:\/\/heimatvereinbersenbrueck.de\/wordpress\/wp-content\/uploads\/2025\/08\/HV-Bersenbrueck-Radwanderung-13.08.2025.Foto-Reinhard-Rehkamp-35-780x586.jpg 780w, https:\/\/heimatvereinbersenbrueck.de\/wordpress\/wp-content\/uploads\/2025\/08\/HV-Bersenbrueck-Radwanderung-13.08.2025.Foto-Reinhard-Rehkamp-35-250x188.jpg 250w\" sizes=\"auto, (max-width: 960px) 100vw, 960px\" \/><\/a><figcaption class=\"wp-element-caption\">Gruppen Bild Radwanderung <\/figcaption><\/figure>\n<\/figure>\n","protected":false},"excerpt":{"rendered":"<p>(13.08.2025) Die monatliche Radwanderung&nbsp;(jeweils am 2ten Mittwoch im Monat M\u00e4rz bis September)des Heimatverein Bersenbr\u00fcck f\u00fchrte im August mit 12 Teilnehmern von Bersenbr\u00fcck\u00fcber die Heeke zum Kloster Malgarten.Die Tour fand bei hochsommerlichen Temperaturen statt, konnte aber dank guter Vorbereitung und Tourenf\u00fchrung (schattenreiche Feldwege und Waldst\u00fccke undausreichend Wasser an Bord) von den Teilnehmern der Fahrt gut bew\u00e4ltigt werden. Die Strecke f\u00fchrte die <a class=\"more-link\" href=\"https:\/\/heimatvereinbersenbrueck.de\/wordpress\/sommerliche-radwanderung-des-heimatvereins-bersenbrueck-nach-kloster-malbergen\/\">&lt;weiterlesen&#8230;<\/a><\/p>\n","protected":false},"author":3,"featured_media":4114,"comment_status":"closed","ping_status":"closed","sticky":false,"template":"","format":"standard","meta":{"pgc_sgb_lightbox_settings":"","_EventAllDay":false,"_EventTimezone":"","_EventStartDate":"","_EventEndDate":"","_EventStartDateUTC":"","_EventEndDateUTC":"","_EventShowMap":false,"_EventShowMapLink":false,"_EventURL":"","_EventCost":"","_EventCostDescription":"","_EventCurrencySymbol":"","_EventCurrencyCode":"","_EventCurrencyPosition":"","_EventDateTimeSeparator":"","_EventTimeRangeSeparator":"","_EventOrganizerID":[],"_EventVenueID":[],"_OrganizerEmail":"","_OrganizerPhone":"","_OrganizerWebsite":"","_VenueAddress":"","_VenueCity":"","_VenueCountry":"","_VenueProvince":"","_VenueState":"","_VenueZip":"","_VenuePhone":"","_VenueURL":"","_VenueStateProvince":"","_VenueLat":"","_VenueLng":"","_VenueShowMap":false,"_VenueShowMapLink":false,"footnotes":""},"categories":[1],"tags":[],"class_list":["post-4128","post","type-post","status-publish","format-standard","has-post-thumbnail","hentry","category-allgemein"],"_links":{"self":[{"href":"https:\/\/heimatvereinbersenbrueck.de\/wordpress\/wp-json\/wp\/v2\/posts\/4128","targetHints":{"allow":["GET"]}}],"collection":[{"href":"https:\/\/heimatvereinbersenbrueck.de\/wordpress\/wp-json\/wp\/v2\/posts"}],"about":[{"href":"https:\/\/heimatvereinbersenbrueck.de\/wordpress\/wp-json\/wp\/v2\/types\/post"}],"author":[{"embeddable":true,"href":"https:\/\/heimatvereinbersenbrueck.de\/wordpress\/wp-json\/wp\/v2\/users\/3"}],"replies":[{"embeddable":true,"href":"https:\/\/heimatvereinbersenbrueck.de\/wordpress\/wp-json\/wp\/v2\/comments?post=4128"}],"version-history":[{"count":8,"href":"https:\/\/heimatvereinbersenbrueck.de\/wordpress\/wp-json\/wp\/v2\/posts\/4128\/revisions"}],"predecessor-version":[{"id":4142,"href":"https:\/\/heimatvereinbersenbrueck.de\/wordpress\/wp-json\/wp\/v2\/posts\/4128\/revisions\/4142"}],"wp:featuredmedia":[{"embeddable":true,"href":"https:\/\/heimatvereinbersenbrueck.de\/wordpress\/wp-json\/wp\/v2\/media\/4114"}],"wp:attachment":[{"href":"https:\/\/heimatvereinbersenbrueck.de\/wordpress\/wp-json\/wp\/v2\/media?parent=4128"}],"wp:term":[{"taxonomy":"category","embeddable":true,"href":"https:\/\/heimatvereinbersenbrueck.de\/wordpress\/wp-json\/wp\/v2\/categories?post=4128"},{"taxonomy":"post_tag","embeddable":true,"href":"https:\/\/heimatvereinbersenbrueck.de\/wordpress\/wp-json\/wp\/v2\/tags?post=4128"}],"curies":[{"name":"wp","href":"https:\/\/api.w.org\/{rel}","templated":true}]}}