{"id":467,"date":"2012-01-31T12:33:01","date_gmt":"2012-01-31T11:33:01","guid":{"rendered":"http:\/\/heimatvereinbersenbrueck.de\/wordpress\/?p=467"},"modified":"2023-05-05T18:16:35","modified_gmt":"2023-05-05T16:16:35","slug":"winterwanderung-hvb","status":"publish","type":"post","link":"https:\/\/heimatvereinbersenbrueck.de\/wordpress\/winterwanderung-hvb\/","title":{"rendered":"Winterwanderung HVB"},"content":{"rendered":"<p>Das hatten sich die Verantwortlichen des Heimatvereins Bersenbr\u00fcck zwar erhofft, aber nicht mehr geglaubt: Rechtzeitig mit der angesetzten Winterwanderung kam ein \u201eHauch von Winter\u201c. Hatte es in den Wochen zuvor noch fast fr\u00fchlingshafte Temperaturen gegeben, gab es nun leichten Frost, Raureif hatte sich gebildet. Rund 40 Teilnehmer konnte der Vorsitzende des Heimatvereins, Franz Buitmann, dann am Heimathaus \u201eFeldm\u00fchle\u201c begr\u00fc\u00dfen. Mit dieser ersten Veranstaltung starte man in ein neues Jahr mit einer Vielzahl von Angeboten.<br \/>\nNach der St\u00e4rkung mit einem \u201eFeldm\u00fchlentrunk\u201c machte sich ein Teil der Gruppe auf die zweist\u00fcndige Wanderung durch die \u201eFreude\u201c und \u201eHemke\u201c mit dem ehemaligen Kloster, vorbei am Sportzentrum, weiter \u00fcber Hastrup und \u201eHusmanns Br\u00fccke\u201c nach Priggenhagen und zur\u00fcck zum Heimathaus. Zum Teil wanderte man auf dem \u201eBersenbr\u00fccker Landweg\u201c des Kreisheimatbundes. Im Heimathaus am wohligen Kamin wartete bereits eine leckere Kaffeetafel auf die Wanderer und G\u00e4ste. Im Anschluss daran zeigte der Vorsitzende Bilder vom vergangenen Wanderjahr mit der Winterwanderung, der Wanderung auf dem \u201eBersenbr\u00fccker Landweg\u201c, der Wochenendwanderung auf dem \u201eHarzer Baudensteig\u201c, der Stadtteilwanderung sowie Bilder von der Auszeichnung des KHBB-Weges und dem Pflanzen der WGV-Wandertagseiche am Heimathaus. Vorgestellt wurden zudem die f\u00fcr dieses Jahr geplanten Wanderungen. Als n\u00e4chste Veranstaltung findet am 26. Februar eine kurze Radwanderung mit anschlie\u00dfendem Kohlessen statt.<\/p>\n\n\t\t<style type=\"text\/css\">\n\t\t\t#gallery-1 {\n\t\t\t\tmargin: auto;\n\t\t\t}\n\t\t\t#gallery-1 .gallery-item {\n\t\t\t\tfloat: left;\n\t\t\t\tmargin-top: 10px;\n\t\t\t\ttext-align: center;\n\t\t\t\twidth: 33%;\n\t\t\t}\n\t\t\t#gallery-1 img {\n\t\t\t\tborder: 2px solid #cfcfcf;\n\t\t\t}\n\t\t\t#gallery-1 .gallery-caption {\n\t\t\t\tmargin-left: 0;\n\t\t\t}\n\t\t\t\/* see gallery_shortcode() in wp-includes\/media.php *\/\n\t\t<\/style>\n\t\t<div id='gallery-1' class='gallery galleryid-467 gallery-columns-3 gallery-size-thumbnail'><dl class='gallery-item'>\n\t\t\t<dt class='gallery-icon landscape'>\n\t\t\t\t<a href='https:\/\/heimatvereinbersenbrueck.de\/wordpress\/wp-content\/uploads\/2012\/01\/Winterwanderung-HVB-3-.jpg'><img loading=\"lazy\" decoding=\"async\" width=\"150\" height=\"150\" src=\"https:\/\/heimatvereinbersenbrueck.de\/wordpress\/wp-content\/uploads\/2012\/01\/Winterwanderung-HVB-3--150x150.jpg\" class=\"attachment-thumbnail size-thumbnail\" alt=\"\" \/><\/a>\n\t\t\t<\/dt><\/dl><dl class='gallery-item'>\n\t\t\t<dt class='gallery-icon portrait'>\n\t\t\t\t<a href='https:\/\/heimatvereinbersenbrueck.de\/wordpress\/wp-content\/uploads\/2012\/01\/Winterwanderung-HVB-2-.jpg'><img loading=\"lazy\" decoding=\"async\" width=\"150\" height=\"150\" src=\"https:\/\/heimatvereinbersenbrueck.de\/wordpress\/wp-content\/uploads\/2012\/01\/Winterwanderung-HVB-2--150x150.jpg\" class=\"attachment-thumbnail size-thumbnail\" alt=\"\" \/><\/a>\n\t\t\t<\/dt><\/dl><dl class='gallery-item'>\n\t\t\t<dt class='gallery-icon landscape'>\n\t\t\t\t<a href='https:\/\/heimatvereinbersenbrueck.de\/wordpress\/wp-content\/uploads\/2012\/01\/Winterwanderung-HVB-4-.jpg'><img loading=\"lazy\" decoding=\"async\" width=\"150\" height=\"150\" src=\"https:\/\/heimatvereinbersenbrueck.de\/wordpress\/wp-content\/uploads\/2012\/01\/Winterwanderung-HVB-4--150x150.jpg\" class=\"attachment-thumbnail size-thumbnail\" alt=\"\" \/><\/a>\n\t\t\t<\/dt><\/dl><br style=\"clear: both\" \/>\n\t\t<\/div>\n\n","protected":false},"excerpt":{"rendered":"<p>Das hatten sich die Verantwortlichen des Heimatvereins Bersenbr\u00fcck zwar erhofft, aber nicht mehr geglaubt: Rechtzeitig mit der angesetzten Winterwanderung kam ein \u201eHauch von Winter\u201c. Hatte es in den Wochen zuvor noch fast fr\u00fchlingshafte Temperaturen gegeben, gab es nun leichten Frost, Raureif hatte sich gebildet. Rund 40 Teilnehmer konnte der Vorsitzende des Heimatvereins, Franz Buitmann, dann am Heimathaus \u201eFeldm\u00fchle\u201c begr\u00fc\u00dfen. Mit <a class=\"more-link\" href=\"https:\/\/heimatvereinbersenbrueck.de\/wordpress\/winterwanderung-hvb\/\">&lt;weiterlesen&#8230;<\/a><\/p>\n","protected":false},"author":4,"featured_media":469,"comment_status":"closed","ping_status":"closed","sticky":false,"template":"","format":"standard","meta":{"pgc_sgb_lightbox_settings":"","_EventAllDay":false,"_EventTimezone":"","_EventStartDate":"","_EventEndDate":"","_EventStartDateUTC":"","_EventEndDateUTC":"","_EventShowMap":false,"_EventShowMapLink":false,"_EventURL":"","_EventCost":"","_EventCostDescription":"","_EventCurrencySymbol":"","_EventCurrencyCode":"","_EventCurrencyPosition":"","_EventDateTimeSeparator":"","_EventTimeRangeSeparator":"","_EventOrganizerID":[],"_EventVenueID":[],"_OrganizerEmail":"","_OrganizerPhone":"","_OrganizerWebsite":"","_VenueAddress":"","_VenueCity":"","_VenueCountry":"","_VenueProvince":"","_VenueState":"","_VenueZip":"","_VenuePhone":"","_VenueURL":"","_VenueStateProvince":"","_VenueLat":"","_VenueLng":"","_VenueShowMap":false,"_VenueShowMapLink":false,"footnotes":""},"categories":[43,52,1],"tags":[],"class_list":["post-467","post","type-post","status-publish","format-standard","has-post-thumbnail","hentry","category-43","category-fusswanderungen","category-allgemein"],"_links":{"self":[{"href":"https:\/\/heimatvereinbersenbrueck.de\/wordpress\/wp-json\/wp\/v2\/posts\/467","targetHints":{"allow":["GET"]}}],"collection":[{"href":"https:\/\/heimatvereinbersenbrueck.de\/wordpress\/wp-json\/wp\/v2\/posts"}],"about":[{"href":"https:\/\/heimatvereinbersenbrueck.de\/wordpress\/wp-json\/wp\/v2\/types\/post"}],"author":[{"embeddable":true,"href":"https:\/\/heimatvereinbersenbrueck.de\/wordpress\/wp-json\/wp\/v2\/users\/4"}],"replies":[{"embeddable":true,"href":"https:\/\/heimatvereinbersenbrueck.de\/wordpress\/wp-json\/wp\/v2\/comments?post=467"}],"version-history":[{"count":2,"href":"https:\/\/heimatvereinbersenbrueck.de\/wordpress\/wp-json\/wp\/v2\/posts\/467\/revisions"}],"predecessor-version":[{"id":472,"href":"https:\/\/heimatvereinbersenbrueck.de\/wordpress\/wp-json\/wp\/v2\/posts\/467\/revisions\/472"}],"wp:featuredmedia":[{"embeddable":true,"href":"https:\/\/heimatvereinbersenbrueck.de\/wordpress\/wp-json\/wp\/v2\/media\/469"}],"wp:attachment":[{"href":"https:\/\/heimatvereinbersenbrueck.de\/wordpress\/wp-json\/wp\/v2\/media?parent=467"}],"wp:term":[{"taxonomy":"category","embeddable":true,"href":"https:\/\/heimatvereinbersenbrueck.de\/wordpress\/wp-json\/wp\/v2\/categories?post=467"},{"taxonomy":"post_tag","embeddable":true,"href":"https:\/\/heimatvereinbersenbrueck.de\/wordpress\/wp-json\/wp\/v2\/tags?post=467"}],"curies":[{"name":"wp","href":"https:\/\/api.w.org\/{rel}","templated":true}]}}