{"id":475,"date":"2012-01-31T12:44:05","date_gmt":"2012-01-31T11:44:05","guid":{"rendered":"http:\/\/heimatvereinbersenbrueck.de\/wordpress\/?p=475"},"modified":"2024-11-27T11:54:12","modified_gmt":"2024-11-27T10:54:12","slug":"plattdeutsch-am-kamin","status":"publish","type":"post","link":"https:\/\/heimatvereinbersenbrueck.de\/wordpress\/plattdeutsch-am-kamin\/","title":{"rendered":"Plattdeutsch am Kamin"},"content":{"rendered":"<p>Premiere im Heimathaus \u201eFeldm\u00fchle\u201c des Heimatvereins Bersenbr\u00fcck: Interessierte an der plattdeutschen Sprache trafen sich zu einem Abend \u201ePlattdeutsch am Kamin\u201c. In lockerer Runde am flackernden Feuer mit wohliger W\u00e4rme kam man schnell ins Erz\u00e4hlen, ausschlie\u00dflich nat\u00fcrlich in Platt, besonders unter dem Motto \u201eWie es fr\u00fcher war\u201c. <\/p>\n<p>Heimatvereins-Vorsitzender Franz Buitmann leitete den Abend mit der humorvollen Erz\u00e4hlung \u201eDe Dannenboomst\u00e4nner\u201c ein. Die Teilnehmer der Runde berichteten dann \u00e4u\u00dferst spannend \u00fcber die Zeit vor und nach Weihnachten in fr\u00fcheren Jahren. Der Nikolaus-Abend, die Adventszeit und besonders der Heilige Abend sowie der Jahreswechsel standen dabei im Mittelpunkt. Deutlich wurde, dass diese Zeit damals im Vergleich zu heute nicht so hektisch war, die Geschenke waren nicht so \u00fcppig und bereiteten trotzdem viel Freude. Aber auch traditionelle Arbeiten in der Winterszeit wie \u201eDat Swieneschl\u00e4chten\u201c oder das Besorgen von Brennmaterial wurden angesprochen, volkskundlich interessante Informationen. Musikalisch umrahmt wurde der \u201eKl\u00f6nabend\u201c mit weihnachtlicher Musik von der CD der \u201eHase-Jungs\u201c, von der neuen CD des Kreisheimatbundes \u201eWiehnachtstied\u201c wurde die Geschichte \u201eDat Wiehnachtskalv\u201c zu Geh\u00f6r gebracht.<br \/>\n Einig war sich die Runde, den Abend \u201ePlattdeutsch am Kamin\u201c zu einer festen Reihe zu machen, neben dem spontanen \u201eKl\u00f6nen\u201c soll der jeweilige Abend auch ein besonderes Thema zum Schwerpunkt haben. Au\u00dferdem werden die Ergebnisse der Plattdeutsch-Dokumentation des Kreisheimatbundes Bersenbr\u00fcck (KHBB) in Zusammenarbeit mit der Uni Oldenburg und Professor J\u00f6rg Peters thematisiert. Der n\u00e4chste Abend wird im Januar sein, der genaue Termin wird rechtzeitig bekannt gegeben. Dann sind auch neue Teilnehmer sehr willkommen.<\/p>\n\n\t\t<style type=\"text\/css\">\n\t\t\t#gallery-1 {\n\t\t\t\tmargin: auto;\n\t\t\t}\n\t\t\t#gallery-1 .gallery-item {\n\t\t\t\tfloat: left;\n\t\t\t\tmargin-top: 10px;\n\t\t\t\ttext-align: center;\n\t\t\t\twidth: 33%;\n\t\t\t}\n\t\t\t#gallery-1 img {\n\t\t\t\tborder: 2px solid #cfcfcf;\n\t\t\t}\n\t\t\t#gallery-1 .gallery-caption {\n\t\t\t\tmargin-left: 0;\n\t\t\t}\n\t\t\t\/* see gallery_shortcode() in wp-includes\/media.php *\/\n\t\t<\/style>\n\t\t<div id='gallery-1' class='gallery galleryid-475 gallery-columns-3 gallery-size-thumbnail'><dl class='gallery-item'>\n\t\t\t<dt class='gallery-icon landscape'>\n\t\t\t\t<a href='https:\/\/heimatvereinbersenbrueck.de\/wordpress\/plattdeutsch-am-kamin\/plattdeutsch-am-kamin-4\/#main'><img loading=\"lazy\" decoding=\"async\" width=\"150\" height=\"150\" src=\"https:\/\/heimatvereinbersenbrueck.de\/wordpress\/wp-content\/uploads\/2012\/01\/Plattdeutsch-am-Kamin3-150x150.jpg\" class=\"attachment-thumbnail size-thumbnail\" alt=\"\" \/><\/a>\n\t\t\t<\/dt><\/dl><dl class='gallery-item'>\n\t\t\t<dt class='gallery-icon landscape'>\n\t\t\t\t<a href='https:\/\/heimatvereinbersenbrueck.de\/wordpress\/plattdeutsch-am-kamin\/plattdeutsch-am-kamin-1\/#main'><img loading=\"lazy\" decoding=\"async\" width=\"150\" height=\"150\" src=\"https:\/\/heimatvereinbersenbrueck.de\/wordpress\/wp-content\/uploads\/2012\/01\/Plattdeutsch-am-Kamin-1--150x150.jpg\" class=\"attachment-thumbnail size-thumbnail\" alt=\"\" \/><\/a>\n\t\t\t<\/dt><\/dl>\n\t\t\t<br style='clear: both' \/>\n\t\t<\/div>\n\n","protected":false},"excerpt":{"rendered":"<p>Premiere im Heimathaus \u201eFeldm\u00fchle\u201c des Heimatvereins Bersenbr\u00fcck: Interessierte an der plattdeutschen Sprache trafen sich zu einem Abend \u201ePlattdeutsch am Kamin\u201c. In lockerer Runde am flackernden Feuer mit wohliger W\u00e4rme kam man schnell ins Erz\u00e4hlen, ausschlie\u00dflich nat\u00fcrlich in Platt, besonders unter dem Motto \u201eWie es fr\u00fcher war\u201c. Heimatvereins-Vorsitzender Franz Buitmann leitete den Abend mit der humorvollen Erz\u00e4hlung \u201eDe Dannenboomst\u00e4nner\u201c ein. Die <a class=\"more-link\" href=\"https:\/\/heimatvereinbersenbrueck.de\/wordpress\/plattdeutsch-am-kamin\/\">&lt;weiterlesen&#8230;<\/a><\/p>\n","protected":false},"author":4,"featured_media":479,"comment_status":"closed","ping_status":"closed","sticky":false,"template":"","format":"standard","meta":{"pgc_sgb_lightbox_settings":"","_EventAllDay":false,"_EventTimezone":"","_EventStartDate":"","_EventEndDate":"","_EventStartDateUTC":"","_EventEndDateUTC":"","_EventShowMap":false,"_EventShowMapLink":false,"_EventURL":"","_EventCost":"","_EventCostDescription":"","_EventCurrencySymbol":"","_EventCurrencyCode":"","_EventCurrencyPosition":"","_EventDateTimeSeparator":"","_EventTimeRangeSeparator":"","_EventOrganizerID":[],"_EventVenueID":[],"_OrganizerEmail":"","_OrganizerPhone":"","_OrganizerWebsite":"","_VenueAddress":"","_VenueCity":"","_VenueCountry":"","_VenueProvince":"","_VenueState":"","_VenueZip":"","_VenuePhone":"","_VenueURL":"","_VenueStateProvince":"","_VenueLat":"","_VenueLng":"","_VenueShowMap":false,"_VenueShowMapLink":false,"footnotes":""},"categories":[43,1,27],"tags":[],"class_list":["post-475","post","type-post","status-publish","format-standard","has-post-thumbnail","hentry","category-43","category-allgemein","category-veranstaltungen"],"_links":{"self":[{"href":"https:\/\/heimatvereinbersenbrueck.de\/wordpress\/wp-json\/wp\/v2\/posts\/475","targetHints":{"allow":["GET"]}}],"collection":[{"href":"https:\/\/heimatvereinbersenbrueck.de\/wordpress\/wp-json\/wp\/v2\/posts"}],"about":[{"href":"https:\/\/heimatvereinbersenbrueck.de\/wordpress\/wp-json\/wp\/v2\/types\/post"}],"author":[{"embeddable":true,"href":"https:\/\/heimatvereinbersenbrueck.de\/wordpress\/wp-json\/wp\/v2\/users\/4"}],"replies":[{"embeddable":true,"href":"https:\/\/heimatvereinbersenbrueck.de\/wordpress\/wp-json\/wp\/v2\/comments?post=475"}],"version-history":[{"count":3,"href":"https:\/\/heimatvereinbersenbrueck.de\/wordpress\/wp-json\/wp\/v2\/posts\/475\/revisions"}],"predecessor-version":[{"id":482,"href":"https:\/\/heimatvereinbersenbrueck.de\/wordpress\/wp-json\/wp\/v2\/posts\/475\/revisions\/482"}],"wp:featuredmedia":[{"embeddable":true,"href":"https:\/\/heimatvereinbersenbrueck.de\/wordpress\/wp-json\/wp\/v2\/media\/479"}],"wp:attachment":[{"href":"https:\/\/heimatvereinbersenbrueck.de\/wordpress\/wp-json\/wp\/v2\/media?parent=475"}],"wp:term":[{"taxonomy":"category","embeddable":true,"href":"https:\/\/heimatvereinbersenbrueck.de\/wordpress\/wp-json\/wp\/v2\/categories?post=475"},{"taxonomy":"post_tag","embeddable":true,"href":"https:\/\/heimatvereinbersenbrueck.de\/wordpress\/wp-json\/wp\/v2\/tags?post=475"}],"curies":[{"name":"wp","href":"https:\/\/api.w.org\/{rel}","templated":true}]}}