{"id":575,"date":"2013-02-23T11:58:06","date_gmt":"2013-02-23T10:58:06","guid":{"rendered":"http:\/\/heimatvereinbersenbrueck.de\/wordpress\/?p=575"},"modified":"2024-11-28T07:42:06","modified_gmt":"2024-11-28T06:42:06","slug":"tagesfahrt-des-heimatvereins-bersenbruck-am-18-07-2013","status":"publish","type":"post","link":"https:\/\/heimatvereinbersenbrueck.de\/wordpress\/tagesfahrt-des-heimatvereins-bersenbruck-am-18-07-2013\/","title":{"rendered":"Tagesfahrt des Heimatvereins Bersenbr\u00fcck am 18.07.2013"},"content":{"rendered":"<p>Programmverlauf:<\/p>\n<ul>\n<li>7.30 Uhr Abfahrt in BSB am ZOB<\/li>\n<li>09.30 &#8211; 11.30 Uhr F\u00fchrung im Besucherzentrum der Meyer Werft Papenburg.<\/li>\n<li>11.30 &#8211; 12.30 Uhr Busfahrt ins Rheiderland ins kleine Fischerdorf Ditzum.<\/li>\n<li>12.30 &#8211; 14.45 Uhr Mittagessen in einem hervorragenden Fischrestaurant in Ditzum\u00a0\u201eAltes Haus am Siel\u201c- garantiert frischer Fisch aus der Pfanne!\u00a0F\u00fcr nicht Fischesser gibt es auch Fleischgerichte.\u00a0Anschlie\u00dfend kleiner \u201eVerdauungsgang\u201c durch das kleine\u00a0beschauliche Fischerdorf Ditzum zur Anlegestelle am Hafen<\/li>\n<li><em id=\"__mceDel\"><em id=\"__mceDel\"><em id=\"__mceDel\"><\/em><\/em><\/em><em id=\"__mceDel\">15.00 \u2013 17.00 Uhr Schifffahrt ( ca. 2 Std. ) mit der Germania Reederei zum Emssperrwerk\u00a0<\/em><em id=\"__mceDel\">bei Gandersum und weiter Ems aufw\u00e4rts nach Leer.\u00a0<\/em><em id=\"__mceDel\"><em id=\"__mceDel\">Der Kapit\u00e4n erkl\u00e4rt ausf\u00fchrlich das Emssperrwerk und weitere\u00a0<\/em><\/em><em id=\"__mceDel\"><em id=\"__mceDel\"><em id=\"__mceDel\">Sehensw\u00fcrdigkeiten w\u00e4hrend der Schiffstour. Zwischenzeitlich\u00a0<\/em><\/em><\/em><em id=\"__mceDel\"><em id=\"__mceDel\"><em id=\"__mceDel\"><em id=\"__mceDel\">wird eine \u201eKaffeetafel\u201c gereicht \u2013 Apfelkuchen mit frischer Sahne\u00a0<\/em><\/em><\/em><\/em><em id=\"__mceDel\"><em id=\"__mceDel\"><em id=\"__mceDel\"><em id=\"__mceDel\"><em id=\"__mceDel\">und ein K\u00e4nnchen Kaffe oder Tee.<\/em><\/em><\/em><\/em><\/em><\/li>\n<li><em id=\"__mceDel\"><em id=\"__mceDel\"><em id=\"__mceDel\"><em id=\"__mceDel\"><em id=\"__mceDel\"><\/em><\/em><\/em><\/em><\/em><em id=\"__mceDel\"><em id=\"__mceDel\"><em id=\"__mceDel\"><em id=\"__mceDel\"><em id=\"__mceDel\"><em id=\"__mceDel\">17.00 \u2013 18.30 Uhr Stadtf\u00fchrung in Leer ( G\u00e4stef\u00fchrer ) ca. 1,5 Std.<\/em><\/em><\/em><\/em><\/em><\/em><\/li>\n<\/ul>\n<p>Die R\u00fcckfahrt nach Bersenbr\u00fcck dauert etwa 100 Minuten.<\/p>\n<p>Kosten: 40.00 \u20ac pro Person<\/p>\n<p>Der Betrag ist bei Anmeldung auf das Konto des Heimatvereins Bersenbr\u00fcck einzuzahlen.<br \/>\nKonto: Kreissparkasse Bersenbr\u00fcck ( BLZ 265 515 40 ) Konto-Nr. 010 017 960<\/p>\n<p>Anmeldung: Hermann Sattinger<br \/>\nTel. 05439 \/ 2956<br \/>\nh.sattinger@web.de<\/p>\n<p>Anmeldschluss: 10.07.2013<\/p>\n<p>In den Kosten sind enthalten: Busfahrt, F\u00fchrung Meyerwerft, Schifffahrt mit Kaffeetafel,<br \/>\nF\u00fchrung in Leer.<br \/>\nDie Teilnehmerzahl ist auf 48 Personen begrenzt.<\/p>\n<p><a href=\"http:\/\/heimatvereinbersenbrueck.de\/wordpress\/wp-content\/uploads\/2013\/02\/bus.jpg\"><img loading=\"lazy\" decoding=\"async\" class=\"size-medium wp-image-576 alignnone\" alt=\"bus\" src=\"http:\/\/heimatvereinbersenbrueck.de\/wordpress\/wp-content\/uploads\/2013\/02\/bus-620x213.jpg\" width=\"620\" height=\"213\" srcset=\"https:\/\/heimatvereinbersenbrueck.de\/wordpress\/wp-content\/uploads\/2013\/02\/bus-620x213.jpg 620w, https:\/\/heimatvereinbersenbrueck.de\/wordpress\/wp-content\/uploads\/2013\/02\/bus-960x330.jpg 960w, https:\/\/heimatvereinbersenbrueck.de\/wordpress\/wp-content\/uploads\/2013\/02\/bus-500x172.jpg 500w, https:\/\/heimatvereinbersenbrueck.de\/wordpress\/wp-content\/uploads\/2013\/02\/bus.jpg 1433w\" sizes=\"auto, (max-width: 620px) 100vw, 620px\" \/><\/a><\/p>\n<div id=\"attachment_578\" style=\"width: 630px\" class=\"wp-caption aligncenter\"><a href=\"http:\/\/heimatvereinbersenbrueck.de\/wordpress\/wp-content\/uploads\/2013\/02\/Sperrwerk.jpg\"><img loading=\"lazy\" decoding=\"async\" aria-describedby=\"caption-attachment-578\" class=\" wp-image-578\" alt=\"Sperrwerk\" src=\"http:\/\/heimatvereinbersenbrueck.de\/wordpress\/wp-content\/uploads\/2013\/02\/Sperrwerk-620x349.jpg\" width=\"620\" height=\"349\" srcset=\"https:\/\/heimatvereinbersenbrueck.de\/wordpress\/wp-content\/uploads\/2013\/02\/Sperrwerk-620x349.jpg 620w, https:\/\/heimatvereinbersenbrueck.de\/wordpress\/wp-content\/uploads\/2013\/02\/Sperrwerk-500x281.jpg 500w, https:\/\/heimatvereinbersenbrueck.de\/wordpress\/wp-content\/uploads\/2013\/02\/Sperrwerk.jpg 768w\" sizes=\"auto, (max-width: 620px) 100vw, 620px\" \/><\/a><p id=\"caption-attachment-578\" class=\"wp-caption-text\">Foto: emden-touristik.de<\/p><\/div>\n<p>&nbsp;<\/p>\n","protected":false},"excerpt":{"rendered":"<p>Programmverlauf: 7.30 Uhr Abfahrt in BSB am ZOB 09.30 &#8211; 11.30 Uhr F\u00fchrung im Besucherzentrum der Meyer Werft Papenburg. 11.30 &#8211; 12.30 Uhr Busfahrt ins Rheiderland ins kleine Fischerdorf Ditzum. 12.30 &#8211; 14.45 Uhr Mittagessen in einem hervorragenden Fischrestaurant in Ditzum\u00a0\u201eAltes Haus am Siel\u201c- garantiert frischer Fisch aus der Pfanne!\u00a0F\u00fcr nicht Fischesser gibt es auch Fleischgerichte.\u00a0Anschlie\u00dfend kleiner \u201eVerdauungsgang\u201c durch das <a class=\"more-link\" href=\"https:\/\/heimatvereinbersenbrueck.de\/wordpress\/tagesfahrt-des-heimatvereins-bersenbruck-am-18-07-2013\/\">&lt;weiterlesen&#8230;<\/a><\/p>\n","protected":false},"author":4,"featured_media":578,"comment_status":"closed","ping_status":"closed","sticky":false,"template":"","format":"standard","meta":{"pgc_sgb_lightbox_settings":"","_EventAllDay":false,"_EventTimezone":"","_EventStartDate":"","_EventEndDate":"","_EventStartDateUTC":"","_EventEndDateUTC":"","_EventShowMap":false,"_EventShowMapLink":false,"_EventURL":"","_EventCost":"","_EventCostDescription":"","_EventCurrencySymbol":"","_EventCurrencyCode":"","_EventCurrencyPosition":"","_EventDateTimeSeparator":"","_EventTimeRangeSeparator":"","_EventOrganizerID":[],"_EventVenueID":[],"_OrganizerEmail":"","_OrganizerPhone":"","_OrganizerWebsite":"","_VenueAddress":"","_VenueCity":"","_VenueCountry":"","_VenueProvince":"","_VenueState":"","_VenueZip":"","_VenuePhone":"","_VenueURL":"","_VenueStateProvince":"","_VenueLat":"","_VenueLng":"","_VenueShowMap":false,"_VenueShowMapLink":false,"footnotes":""},"categories":[42,1,53],"tags":[],"class_list":["post-575","post","type-post","status-publish","format-standard","has-post-thumbnail","hentry","category-42","category-allgemein","category-tagesausfluege-mit-dem-heimatverein"],"_links":{"self":[{"href":"https:\/\/heimatvereinbersenbrueck.de\/wordpress\/wp-json\/wp\/v2\/posts\/575","targetHints":{"allow":["GET"]}}],"collection":[{"href":"https:\/\/heimatvereinbersenbrueck.de\/wordpress\/wp-json\/wp\/v2\/posts"}],"about":[{"href":"https:\/\/heimatvereinbersenbrueck.de\/wordpress\/wp-json\/wp\/v2\/types\/post"}],"author":[{"embeddable":true,"href":"https:\/\/heimatvereinbersenbrueck.de\/wordpress\/wp-json\/wp\/v2\/users\/4"}],"replies":[{"embeddable":true,"href":"https:\/\/heimatvereinbersenbrueck.de\/wordpress\/wp-json\/wp\/v2\/comments?post=575"}],"version-history":[{"count":4,"href":"https:\/\/heimatvereinbersenbrueck.de\/wordpress\/wp-json\/wp\/v2\/posts\/575\/revisions"}],"predecessor-version":[{"id":581,"href":"https:\/\/heimatvereinbersenbrueck.de\/wordpress\/wp-json\/wp\/v2\/posts\/575\/revisions\/581"}],"wp:featuredmedia":[{"embeddable":true,"href":"https:\/\/heimatvereinbersenbrueck.de\/wordpress\/wp-json\/wp\/v2\/media\/578"}],"wp:attachment":[{"href":"https:\/\/heimatvereinbersenbrueck.de\/wordpress\/wp-json\/wp\/v2\/media?parent=575"}],"wp:term":[{"taxonomy":"category","embeddable":true,"href":"https:\/\/heimatvereinbersenbrueck.de\/wordpress\/wp-json\/wp\/v2\/categories?post=575"},{"taxonomy":"post_tag","embeddable":true,"href":"https:\/\/heimatvereinbersenbrueck.de\/wordpress\/wp-json\/wp\/v2\/tags?post=575"}],"curies":[{"name":"wp","href":"https:\/\/api.w.org\/{rel}","templated":true}]}}