{"id":614,"date":"2013-03-12T09:52:59","date_gmt":"2013-03-12T08:52:59","guid":{"rendered":"http:\/\/heimatvereinbersenbrueck.de\/wordpress\/?p=614"},"modified":"2024-11-28T07:41:10","modified_gmt":"2024-11-28T06:41:10","slug":"heimatverein-bersenbruck-eroffnete-mit-einer-winterwanderung-die-diesjahrige-wandersaison","status":"publish","type":"post","link":"https:\/\/heimatvereinbersenbrueck.de\/wordpress\/heimatverein-bersenbruck-eroffnete-mit-einer-winterwanderung-die-diesjahrige-wandersaison\/","title":{"rendered":"Heimatverein Bersenbr\u00fcck er\u00f6ffnete mit einer Winterwanderung die diesj\u00e4hrige Wandersaison"},"content":{"rendered":"<p>Heimatverein Bersenbr\u00fcck er\u00f6ffnete mit einer Winterwanderung die<br \/>\ndiesj\u00e4hrige Wandersaison<\/p>\n<p>Zur ersten Veranstaltung des Heimatvereins in diesem Jahr hatten sich \u00fcber<br \/>\n50 Teilnehmer im Heimathaus \u201eFeldm\u00fchle\u201c eingefunden. Etwa die H\u00e4lfte<br \/>\nmachte sich zun\u00e4chst auf den Weg zur Winterwanderung. Anschlie\u00dfend<br \/>\ntrafen sich alle wieder im Heimathaus bei einer leckeren Kaffeetafel, danach<br \/>\ngab es einen Bildervortrag \u00fcber das vergangene Wanderjahr und das neue<br \/>\nProgramm wurde ebenfalls vorgestellt.<br \/>\nNachdem sich die Teilnehmer an der Wanderung mit einem \u201eAufw\u00e4rmer\u201c<br \/>\nbei der nasskalten Witterung am Heimathaus gest\u00e4rkt hatten, machten sie<br \/>\nsich unter der Leitung des Heimatvereins-Vorsitzenden Franz Buitmann gut<br \/>\neingepackt auf den Rundweg. Vorbei am Feldm\u00fchlenteich, durch die Siedlung Hertmann<br \/>\nund \u00fcber den Bremke-Hof f\u00fchrte der Weg in Richtung Lohbeck. Die Br\u00fccke<br \/>\n\u00fcber die Umgehungsstra\u00dfe wurde \u00fcberquert und dann die Bauerschaft Ahausen<br \/>\nerreicht. In Ahausen wurde am Anwesen Paulsen mit der in der Entstehung<br \/>\nbegriffenen Windm\u00fchle eine Pause eingelegt. Weiter f\u00fchrte die Auftakttour vorbei<br \/>\nan der m\u00e4chtigen Biogas-Anlage durch das Industriegebiet- West zur\u00fcck zum<br \/>\nHeimathaus. Inzwischen war der Regen in Schnee \u00fcbergegangen, so dass es doch<br \/>\nnoch eine richtige Winterwanderung wurde.<br \/>\nIm Heimathaus wartete am flackernden Kamin eine leckere Kaffeetafel, zu der sich<br \/>\nweitere Heimatfreunde eingefunden hatten. Im Anschluss daran zeigte der Vorsitzende<br \/>\nBilder vom vergangenen Wanderjahr. Die letztj\u00e4hrige Winterwanderung, die Fr\u00fchwanderung<br \/>\nin der \u201eMaiburg\u201c und die Sternwanderung des Kreisheimatbundes zur Ankumer<br \/>\nMoosh\u00fctte, zu der ebenfalls die Sternwanderung des Wiehengebirgsverbandes f\u00fchrte,<br \/>\ndie Wimpelwanderung des Wiehengebirgsverbandes nach Bad Belzig, die Wanderung<br \/>\nauf dem Bersenbr\u00fccker \u2013 Land &#8211; Weg, die Stadtteilwanderung nach Woltrup-<br \/>\nWehbergen sowie die mehrt\u00e4gige Wanderung auf dem \u201eBaudensteig\u201c im Harz, es<br \/>\nwaren interessante Wandermomente.<br \/>\nAuch in diesem Jahr gibt es, so der Vorsitzende, wieder ein reiches Wanderangebot.<br \/>\nDer Heimatverein beginnt am 5. M\u00e4rz mit der ersten Etappe auf dem Bersenbr\u00fccker-<br \/>\nLand- Weg, alle vierzehn Tage dienstags wird gewandert. Etwa zehn bis zw\u00f6lf Kilometer<br \/>\nwerden zur\u00fcckgelegt, die Wanderungen beginnen um 9 Uhr. Neben den Mitgliedern<br \/>\nsind auch G\u00e4ste willkommen.<br \/>\nTeilnehmen wird der Heimatverein an der Fr\u00fchwanderung des KHBB am 1. Mai und<br \/>\nan der Sternwanderung nach Kettenkamp am 2. Juni. Der Deutsche Wandertag findet<br \/>\nvom 27. Juni bis 1. Juli in Oberstdorf statt. Die Stadtteilwanderung ist f\u00fcr den 13. Juli<br \/>\nvorgesehen und die mehrt\u00e4gige Wanderung f\u00fcr den 3. bis 5. Oktober. \u00c4nderungen<br \/>\nbei den Terminen k\u00f6nnen sich allerdings noch ergeben.<\/p>\n<p><a href=\"http:\/\/heimatvereinbersenbrueck.de\/wordpress\/wp-content\/uploads\/2013\/03\/Winterwanderung-3.jpg\"><img loading=\"lazy\" decoding=\"async\" class=\"aligncenter size-medium wp-image-615\" alt=\"Winterwanderung 3\" src=\"http:\/\/heimatvereinbersenbrueck.de\/wordpress\/wp-content\/uploads\/2013\/03\/Winterwanderung-3-620x465.jpg\" width=\"620\" height=\"465\" srcset=\"https:\/\/heimatvereinbersenbrueck.de\/wordpress\/wp-content\/uploads\/2013\/03\/Winterwanderung-3-620x465.jpg 620w, https:\/\/heimatvereinbersenbrueck.de\/wordpress\/wp-content\/uploads\/2013\/03\/Winterwanderung-3-960x720.jpg 960w, https:\/\/heimatvereinbersenbrueck.de\/wordpress\/wp-content\/uploads\/2013\/03\/Winterwanderung-3-400x300.jpg 400w\" sizes=\"auto, (max-width: 620px) 100vw, 620px\" \/><\/a><\/p>\n","protected":false},"excerpt":{"rendered":"<p>Heimatverein Bersenbr\u00fcck er\u00f6ffnete mit einer Winterwanderung die diesj\u00e4hrige Wandersaison Zur ersten Veranstaltung des Heimatvereins in diesem Jahr hatten sich \u00fcber 50 Teilnehmer im Heimathaus \u201eFeldm\u00fchle\u201c eingefunden. Etwa die H\u00e4lfte machte sich zun\u00e4chst auf den Weg zur Winterwanderung. Anschlie\u00dfend trafen sich alle wieder im Heimathaus bei einer leckeren Kaffeetafel, danach gab es einen Bildervortrag \u00fcber das vergangene Wanderjahr und das neue <a class=\"more-link\" href=\"https:\/\/heimatvereinbersenbrueck.de\/wordpress\/heimatverein-bersenbruck-eroffnete-mit-einer-winterwanderung-die-diesjahrige-wandersaison\/\">&lt;weiterlesen&#8230;<\/a><\/p>\n","protected":false},"author":4,"featured_media":615,"comment_status":"closed","ping_status":"closed","sticky":false,"template":"","format":"standard","meta":{"pgc_sgb_lightbox_settings":"","_EventAllDay":false,"_EventTimezone":"","_EventStartDate":"","_EventEndDate":"","_EventStartDateUTC":"","_EventEndDateUTC":"","_EventShowMap":false,"_EventShowMapLink":false,"_EventURL":"","_EventCost":"","_EventCostDescription":"","_EventCurrencySymbol":"","_EventCurrencyCode":"","_EventCurrencyPosition":"","_EventDateTimeSeparator":"","_EventTimeRangeSeparator":"","_EventOrganizerID":[],"_EventVenueID":[],"_OrganizerEmail":"","_OrganizerPhone":"","_OrganizerWebsite":"","_VenueAddress":"","_VenueCity":"","_VenueCountry":"","_VenueProvince":"","_VenueState":"","_VenueZip":"","_VenuePhone":"","_VenueURL":"","_VenueStateProvince":"","_VenueLat":"","_VenueLng":"","_VenueShowMap":false,"_VenueShowMapLink":false,"footnotes":""},"categories":[42,1,37],"tags":[],"class_list":["post-614","post","type-post","status-publish","format-standard","has-post-thumbnail","hentry","category-42","category-allgemein","category-radwanderungen"],"_links":{"self":[{"href":"https:\/\/heimatvereinbersenbrueck.de\/wordpress\/wp-json\/wp\/v2\/posts\/614","targetHints":{"allow":["GET"]}}],"collection":[{"href":"https:\/\/heimatvereinbersenbrueck.de\/wordpress\/wp-json\/wp\/v2\/posts"}],"about":[{"href":"https:\/\/heimatvereinbersenbrueck.de\/wordpress\/wp-json\/wp\/v2\/types\/post"}],"author":[{"embeddable":true,"href":"https:\/\/heimatvereinbersenbrueck.de\/wordpress\/wp-json\/wp\/v2\/users\/4"}],"replies":[{"embeddable":true,"href":"https:\/\/heimatvereinbersenbrueck.de\/wordpress\/wp-json\/wp\/v2\/comments?post=614"}],"version-history":[{"count":2,"href":"https:\/\/heimatvereinbersenbrueck.de\/wordpress\/wp-json\/wp\/v2\/posts\/614\/revisions"}],"predecessor-version":[{"id":617,"href":"https:\/\/heimatvereinbersenbrueck.de\/wordpress\/wp-json\/wp\/v2\/posts\/614\/revisions\/617"}],"wp:featuredmedia":[{"embeddable":true,"href":"https:\/\/heimatvereinbersenbrueck.de\/wordpress\/wp-json\/wp\/v2\/media\/615"}],"wp:attachment":[{"href":"https:\/\/heimatvereinbersenbrueck.de\/wordpress\/wp-json\/wp\/v2\/media?parent=614"}],"wp:term":[{"taxonomy":"category","embeddable":true,"href":"https:\/\/heimatvereinbersenbrueck.de\/wordpress\/wp-json\/wp\/v2\/categories?post=614"},{"taxonomy":"post_tag","embeddable":true,"href":"https:\/\/heimatvereinbersenbrueck.de\/wordpress\/wp-json\/wp\/v2\/tags?post=614"}],"curies":[{"name":"wp","href":"https:\/\/api.w.org\/{rel}","templated":true}]}}