{"id":624,"date":"2013-03-26T13:35:16","date_gmt":"2013-03-26T12:35:16","guid":{"rendered":"http:\/\/heimatvereinbersenbrueck.de\/wordpress\/?p=624"},"modified":"2024-11-27T11:36:13","modified_gmt":"2024-11-27T10:36:13","slug":"radler-zu-fus","status":"publish","type":"post","link":"https:\/\/heimatvereinbersenbrueck.de\/wordpress\/radler-zu-fus\/","title":{"rendered":"Radler zu Fu\u00df"},"content":{"rendered":"<p>Nachdem die Fu\u00dfwanderer im Heimatverein Bersenbr\u00fcck ihre Saison er\u00f6ffnet hatten, wollten die Radwanderer ihnen nicht nachstehen. Traditionsgem\u00e4\u00df starten sie mit einer kurzen Radtour rund um Bersenbr\u00fcck ins Jahr.<br \/>\nAber da hatten sie die Rechnung ohne das Wetter gemacht, es hatte geschneit, die Stra\u00dfen waren teilweise sehr glatt, sodass eine Radwanderung gef\u00e4hrlich geworden w\u00e4re. Kurz entschlossen schlug Radwanderwart Heinz Drucks f\u00fcr die Wetterfesten eine Fu\u00dfwanderung vor. So f\u00fchrte die Tour vom Heimathaus aus \u00fcber Hertmann zur\u00fcck zur Feldm\u00fchle.<br \/>\nHier hatten sich bereits weitere Heimatfreunde am flackernden Kamin eingefunden. Ewald Webering zeigte zwei Filme \u00fcber altes Handwerk und Brauchtum. Gedreht hatte sie Siegfried Schwertfeger. Abgeschlossen wurde die Veranstaltung mit einem Gr\u00fcnkohlessen und einem gem\u00fctlichen Beisammensein. Die erste Halbtags-Radwanderung ist f\u00fcr den 5. Mai geplant.<\/p>\n<p>Text: bn, Bersenbr\u00fccker Kreisblatt 26.03.2013<\/p>\n<p><a href=\"http:\/\/heimatvereinbersenbrueck.de\/wordpress\/wp-content\/uploads\/2013\/03\/hvbwandern.jpg\"><img loading=\"lazy\" decoding=\"async\" class=\"aligncenter size-medium wp-image-625\" alt=\"hvbwandern\" src=\"http:\/\/heimatvereinbersenbrueck.de\/wordpress\/wp-content\/uploads\/2013\/03\/hvbwandern-620x402.jpg\" width=\"620\" height=\"402\" srcset=\"https:\/\/heimatvereinbersenbrueck.de\/wordpress\/wp-content\/uploads\/2013\/03\/hvbwandern-620x402.jpg 620w, https:\/\/heimatvereinbersenbrueck.de\/wordpress\/wp-content\/uploads\/2013\/03\/hvbwandern-462x300.jpg 462w, https:\/\/heimatvereinbersenbrueck.de\/wordpress\/wp-content\/uploads\/2013\/03\/hvbwandern.jpg 700w\" sizes=\"auto, (max-width: 620px) 100vw, 620px\" \/><\/a><\/p>\n","protected":false},"excerpt":{"rendered":"<p>Nachdem die Fu\u00dfwanderer im Heimatverein Bersenbr\u00fcck ihre Saison er\u00f6ffnet hatten, wollten die Radwanderer ihnen nicht nachstehen. Traditionsgem\u00e4\u00df starten sie mit einer kurzen Radtour rund um Bersenbr\u00fcck ins Jahr. Aber da hatten sie die Rechnung ohne das Wetter gemacht, es hatte geschneit, die Stra\u00dfen waren teilweise sehr glatt, sodass eine Radwanderung gef\u00e4hrlich geworden w\u00e4re. Kurz entschlossen schlug Radwanderwart Heinz Drucks f\u00fcr <a class=\"more-link\" href=\"https:\/\/heimatvereinbersenbrueck.de\/wordpress\/radler-zu-fus\/\">&lt;weiterlesen&#8230;<\/a><\/p>\n","protected":false},"author":4,"featured_media":625,"comment_status":"closed","ping_status":"closed","sticky":false,"template":"","format":"standard","meta":{"pgc_sgb_lightbox_settings":"","_EventAllDay":false,"_EventTimezone":"","_EventStartDate":"","_EventEndDate":"","_EventStartDateUTC":"","_EventEndDateUTC":"","_EventShowMap":false,"_EventShowMapLink":false,"_EventURL":"","_EventCost":"","_EventCostDescription":"","_EventCurrencySymbol":"","_EventCurrencyCode":"","_EventCurrencyPosition":"","_EventDateTimeSeparator":"","_EventTimeRangeSeparator":"","_EventOrganizerID":[],"_EventVenueID":[],"_OrganizerEmail":"","_OrganizerPhone":"","_OrganizerWebsite":"","_VenueAddress":"","_VenueCity":"","_VenueCountry":"","_VenueProvince":"","_VenueState":"","_VenueZip":"","_VenuePhone":"","_VenueURL":"","_VenueStateProvince":"","_VenueLat":"","_VenueLng":"","_VenueShowMap":false,"_VenueShowMapLink":false,"footnotes":""},"categories":[42,52,1],"tags":[7,17],"class_list":["post-624","post","type-post","status-publish","format-standard","has-post-thumbnail","hentry","category-42","category-fusswanderungen","category-allgemein","tag-radwanderung","tag-wanderung"],"_links":{"self":[{"href":"https:\/\/heimatvereinbersenbrueck.de\/wordpress\/wp-json\/wp\/v2\/posts\/624","targetHints":{"allow":["GET"]}}],"collection":[{"href":"https:\/\/heimatvereinbersenbrueck.de\/wordpress\/wp-json\/wp\/v2\/posts"}],"about":[{"href":"https:\/\/heimatvereinbersenbrueck.de\/wordpress\/wp-json\/wp\/v2\/types\/post"}],"author":[{"embeddable":true,"href":"https:\/\/heimatvereinbersenbrueck.de\/wordpress\/wp-json\/wp\/v2\/users\/4"}],"replies":[{"embeddable":true,"href":"https:\/\/heimatvereinbersenbrueck.de\/wordpress\/wp-json\/wp\/v2\/comments?post=624"}],"version-history":[{"count":2,"href":"https:\/\/heimatvereinbersenbrueck.de\/wordpress\/wp-json\/wp\/v2\/posts\/624\/revisions"}],"predecessor-version":[{"id":3477,"href":"https:\/\/heimatvereinbersenbrueck.de\/wordpress\/wp-json\/wp\/v2\/posts\/624\/revisions\/3477"}],"wp:featuredmedia":[{"embeddable":true,"href":"https:\/\/heimatvereinbersenbrueck.de\/wordpress\/wp-json\/wp\/v2\/media\/625"}],"wp:attachment":[{"href":"https:\/\/heimatvereinbersenbrueck.de\/wordpress\/wp-json\/wp\/v2\/media?parent=624"}],"wp:term":[{"taxonomy":"category","embeddable":true,"href":"https:\/\/heimatvereinbersenbrueck.de\/wordpress\/wp-json\/wp\/v2\/categories?post=624"},{"taxonomy":"post_tag","embeddable":true,"href":"https:\/\/heimatvereinbersenbrueck.de\/wordpress\/wp-json\/wp\/v2\/tags?post=624"}],"curies":[{"name":"wp","href":"https:\/\/api.w.org\/{rel}","templated":true}]}}