{"id":628,"date":"2013-04-03T11:30:11","date_gmt":"2013-04-03T09:30:11","guid":{"rendered":"http:\/\/heimatvereinbersenbrueck.de\/wordpress\/?p=628"},"modified":"2024-11-27T11:35:54","modified_gmt":"2024-11-27T10:35:54","slug":"ehrennadeln-wurdigen-engagement","status":"publish","type":"post","link":"https:\/\/heimatvereinbersenbrueck.de\/wordpress\/ehrennadeln-wurdigen-engagement\/","title":{"rendered":"Ehrennadeln w\u00fcrdigen Engagement"},"content":{"rendered":"<p>An das Jubil\u00e4um erinnerte eingangs Vorsitzender Franz Buitmann. Demnach wurde auf Anregung des Kreisheimatbundes Bersenbr\u00fcck der Heimatverein 1953 im Hotel Kreke gegr\u00fcndet, erster Vorsitzender wurde Pfarrer Gro\u00dfe-Kreutzmann.<\/p>\n<p>Nach Jahren erfolgreicher Arbeit kam die Vereinst\u00e4tigkeit in den Sechzigerjahren zum Erliegen. Erst im Jahre 1974 erfolgte \u2013 wieder auf Initiative des Kreisheimatbundes \u2013 eine Wiederbelebung des Vereins, Vorsitzender wurde jetzt Hugo Kodde. War viele Jahre die Klosterpforte das Domizil des Vereins gewesen, ist es heute das Heimathaus \u201eFeldm\u00fchle\u201c.<\/p>\n<p>B\u00fcrgermeister Harald Kr\u00e4uter bescheinigte in seinem Gru\u00dfwort dem Heimatverein erfolgreiche Arbeit. Der Verein sei ein wichtiger Kulturtr\u00e4ger der Stadt, besonders bedeutsam sei, dass er mit vielen anderen Vereinen und Gruppen vernetzt sei. Leuchtturm sei seit einigen Jahren der Heimatkalender \u201eMein Bersenbr\u00fcck\u201c.<\/p>\n<p>Das Heimathaus \u201eFeldm\u00fchle\u201c sei inzwischen zu einem Zentrum kultureller T\u00e4tigkeit geworden. Weiter erinnerte der B\u00fcrgermeister an das Jubil\u00e4um \u201e50 Jahre Patenschaft Bersenbr\u00fcck \u2013 Greifenhagen\u201c, das am Pfingstwochenende gefeiert werde.<\/p>\n<p>Wie in den Jahren zuvor gab der Vorsitzende seinen Jahresbericht in Bild und Wort. Unter anderem erinnerte er an Spargelfest, M\u00fchlentag und den Tag des offenen Denkmals sowie an die Einrichtung eines kleinen, vom Wasserrad betriebenen Kraftwerkes im Heimathaus. Eng arbeite man zusammen mit den Bersenbr\u00fccker Briefmarkenfreunden, den Dachverb\u00e4nden WGV und KHBB, dem Landkreis und der Stadt Bersenbr\u00fcck sowie dem Heimatkreis Greifenhagen und den Kirchengemeinden. Gute Kontakte best\u00fcnden auch zu den F\u00f6rdervereinen Kreismuseum und Feldm\u00fchle.<\/p>\n<p>Auch f\u00fcr das laufende Jahr, so der Vorsitzende, biete der Verein eine F\u00fclle von Angeboten, die in einem Faltblatt nachzulesen seien.<\/p>\n<p>Der Bericht von Kassenwart Wolfgang Rehkamp wies eine gesunde Finanzlage aus. Die Kassenpr\u00fcfer Brigitte Parske und Klaus-Peter Sch\u00f6nauer wurden in ihren \u00c4mtern best\u00e4tigt.<\/p>\n<p>Unter dem Beifall der Besucher zeichnete der Vorsitzende Reinhold West und Hans Dalheim mit der silbernen Ehrennadel des Vereins aus. Beide hatten sich sehr eingesetzt, als das Kraftwerk im Heimathaus installiert wurde.<\/p>\n<p>Mit dem Naturfilm von Manfred Wingerberg aus Ankum \u00fcber den Fr\u00fchling in Westerholte und T\u00fctingen fand die Mitgliederversammlung ihren Abschluss.<a href=\"http:\/\/heimatvereinbersenbrueck.de\/wordpress\/wp-content\/uploads\/2013\/04\/hvb.jpg\"><img loading=\"lazy\" decoding=\"async\" class=\"aligncenter size-medium wp-image-629\" alt=\"hvb\" src=\"http:\/\/heimatvereinbersenbrueck.de\/wordpress\/wp-content\/uploads\/2013\/04\/hvb-620x477.jpg\" width=\"620\" height=\"477\" srcset=\"https:\/\/heimatvereinbersenbrueck.de\/wordpress\/wp-content\/uploads\/2013\/04\/hvb-620x477.jpg 620w, https:\/\/heimatvereinbersenbrueck.de\/wordpress\/wp-content\/uploads\/2013\/04\/hvb-389x300.jpg 389w, https:\/\/heimatvereinbersenbrueck.de\/wordpress\/wp-content\/uploads\/2013\/04\/hvb.jpg 700w\" sizes=\"auto, (max-width: 620px) 100vw, 620px\" \/><\/a>Test : Bersenbr\u00fccker Kreisblatt pm 03.04.2013<\/p>\n","protected":false},"excerpt":{"rendered":"<p>An das Jubil\u00e4um erinnerte eingangs Vorsitzender Franz Buitmann. Demnach wurde auf Anregung des Kreisheimatbundes Bersenbr\u00fcck der Heimatverein 1953 im Hotel Kreke gegr\u00fcndet, erster Vorsitzender wurde Pfarrer Gro\u00dfe-Kreutzmann. Nach Jahren erfolgreicher Arbeit kam die Vereinst\u00e4tigkeit in den Sechzigerjahren zum Erliegen. Erst im Jahre 1974 erfolgte \u2013 wieder auf Initiative des Kreisheimatbundes \u2013 eine Wiederbelebung des Vereins, Vorsitzender wurde jetzt Hugo Kodde. <a class=\"more-link\" href=\"https:\/\/heimatvereinbersenbrueck.de\/wordpress\/ehrennadeln-wurdigen-engagement\/\">&lt;weiterlesen&#8230;<\/a><\/p>\n","protected":false},"author":4,"featured_media":629,"comment_status":"closed","ping_status":"closed","sticky":false,"template":"","format":"standard","meta":{"pgc_sgb_lightbox_settings":"","_EventAllDay":false,"_EventTimezone":"","_EventStartDate":"","_EventEndDate":"","_EventStartDateUTC":"","_EventEndDateUTC":"","_EventShowMap":false,"_EventShowMapLink":false,"_EventURL":"","_EventCost":"","_EventCostDescription":"","_EventCurrencySymbol":"","_EventCurrencyCode":"","_EventCurrencyPosition":"","_EventDateTimeSeparator":"","_EventTimeRangeSeparator":"","_EventOrganizerID":[],"_EventVenueID":[],"_OrganizerEmail":"","_OrganizerPhone":"","_OrganizerWebsite":"","_VenueAddress":"","_VenueCity":"","_VenueCountry":"","_VenueProvince":"","_VenueState":"","_VenueZip":"","_VenuePhone":"","_VenueURL":"","_VenueStateProvince":"","_VenueLat":"","_VenueLng":"","_VenueShowMap":false,"_VenueShowMapLink":false,"footnotes":""},"categories":[42,1,27],"tags":[19,18],"class_list":["post-628","post","type-post","status-publish","format-standard","has-post-thumbnail","hentry","category-42","category-allgemein","category-veranstaltungen","tag-ehrenamt","tag-ehrung"],"_links":{"self":[{"href":"https:\/\/heimatvereinbersenbrueck.de\/wordpress\/wp-json\/wp\/v2\/posts\/628","targetHints":{"allow":["GET"]}}],"collection":[{"href":"https:\/\/heimatvereinbersenbrueck.de\/wordpress\/wp-json\/wp\/v2\/posts"}],"about":[{"href":"https:\/\/heimatvereinbersenbrueck.de\/wordpress\/wp-json\/wp\/v2\/types\/post"}],"author":[{"embeddable":true,"href":"https:\/\/heimatvereinbersenbrueck.de\/wordpress\/wp-json\/wp\/v2\/users\/4"}],"replies":[{"embeddable":true,"href":"https:\/\/heimatvereinbersenbrueck.de\/wordpress\/wp-json\/wp\/v2\/comments?post=628"}],"version-history":[{"count":3,"href":"https:\/\/heimatvereinbersenbrueck.de\/wordpress\/wp-json\/wp\/v2\/posts\/628\/revisions"}],"predecessor-version":[{"id":631,"href":"https:\/\/heimatvereinbersenbrueck.de\/wordpress\/wp-json\/wp\/v2\/posts\/628\/revisions\/631"}],"wp:featuredmedia":[{"embeddable":true,"href":"https:\/\/heimatvereinbersenbrueck.de\/wordpress\/wp-json\/wp\/v2\/media\/629"}],"wp:attachment":[{"href":"https:\/\/heimatvereinbersenbrueck.de\/wordpress\/wp-json\/wp\/v2\/media?parent=628"}],"wp:term":[{"taxonomy":"category","embeddable":true,"href":"https:\/\/heimatvereinbersenbrueck.de\/wordpress\/wp-json\/wp\/v2\/categories?post=628"},{"taxonomy":"post_tag","embeddable":true,"href":"https:\/\/heimatvereinbersenbrueck.de\/wordpress\/wp-json\/wp\/v2\/tags?post=628"}],"curies":[{"name":"wp","href":"https:\/\/api.w.org\/{rel}","templated":true}]}}