{"id":665,"date":"2013-09-06T10:57:42","date_gmt":"2013-09-06T08:57:42","guid":{"rendered":"http:\/\/heimatvereinbersenbrueck.de\/wordpress\/?p=665"},"modified":"2024-11-27T12:18:10","modified_gmt":"2024-11-27T11:18:10","slug":"jubilaeumsfeier-des-heimatvereins-bersenbrueck","status":"publish","type":"post","link":"https:\/\/heimatvereinbersenbrueck.de\/wordpress\/jubilaeumsfeier-des-heimatvereins-bersenbrueck\/","title":{"rendered":"Jubil\u00e4umsfeier des Heimatvereins Bersenbr\u00fcck"},"content":{"rendered":"<p>Vor 60 Jahren, anno 1953, wurde der Heimatverein Bersenbr\u00fcck in seiner heutigen Form gegr\u00fcndet, ein Vorg\u00e4ngerverein hatte keine besondere Bedeutung erlangt. Aus Anlass dieses Jubil\u00e4ums l\u00e4dt der Verein die gesamte Bev\u00f6lkerung am kommenden Wochenende zur Mitfeier in das Heimathaus \u201eFeldm\u00fchle\u201c ein.<\/p>\n<p>Am Samstag, 7. September, beginnen die Aktionen zum Jubil\u00e4um um 15 Uhr mit einer Einladung zu Kaffee und Kuchen im Heimathaus. Um 17 Uhr folgt die Jubil\u00e4umsfeier mit musikalischen Beitr\u00e4gen. Der Vorsitzende des Heimatvereins wird einen kurzen historischen Abriss geben, erg\u00e4nzt durch historische Bilder aus dem Vereinsleben. Gru\u00dfworte der G\u00e4ste folgen, anschlie\u00dfend ist ein geselliges Beisammensein vorgesehen.<\/p>\n<p>Am Sonntag, 8. September, beteiligt sich der Heimatverein am bundesweiten \u201eTag des offenen Denkmals\u201c, der unter dem Motto \u201eJenseits des Guten und Sch\u00f6nen: Unbequeme Denkmale?\u201c steht. Ab 14 Uhr gibt es Kaffee und Kuchen und Kaltgetr\u00e4nke, ab 17.30 Uhr wird gegrillt.<\/p>\n<p>Bilder aus der Geschichte des Heimatvereins sind im Heimathaus auf Schautafeln zu sehen, Heimatliteratur kann ebenfalls erworben werden. Auch das kleine Kraftwerk im Untergeschoss des Heimathauses k\u00f6nnen interessierte Besucher besichtigen.<\/p>\n<p>Zum Jubil\u00e4um hat der Heimatverein eine Sonderausgabe des \u201e<a href=\"http:\/\/heimatvereinbersenbrueck.de\/wordpress\/?page_id=637\">Mitteilungsblattes<\/a>\u201c herausgegeben, in der die Geschichte des Heimatvereins nachgelesen werden kann.<\/p>\n<p>Text: Bersenbr\u00fccker Kreisblatt 06.09.2013<\/p>\n","protected":false},"excerpt":{"rendered":"<p>Vor 60 Jahren, anno 1953, wurde der Heimatverein Bersenbr\u00fcck in seiner heutigen Form gegr\u00fcndet, ein Vorg\u00e4ngerverein hatte keine besondere Bedeutung erlangt. Aus Anlass dieses Jubil\u00e4ums l\u00e4dt der Verein die gesamte Bev\u00f6lkerung am kommenden Wochenende zur Mitfeier in das Heimathaus \u201eFeldm\u00fchle\u201c ein. Am Samstag, 7. September, beginnen die Aktionen zum Jubil\u00e4um um 15 Uhr mit einer Einladung zu Kaffee und Kuchen <a class=\"more-link\" href=\"https:\/\/heimatvereinbersenbrueck.de\/wordpress\/jubilaeumsfeier-des-heimatvereins-bersenbrueck\/\">&lt;weiterlesen&#8230;<\/a><\/p>\n","protected":false},"author":4,"featured_media":1625,"comment_status":"closed","ping_status":"closed","sticky":false,"template":"","format":"standard","meta":{"pgc_sgb_lightbox_settings":"","_EventAllDay":false,"_EventTimezone":"","_EventStartDate":"","_EventEndDate":"","_EventStartDateUTC":"","_EventEndDateUTC":"","_EventShowMap":false,"_EventShowMapLink":false,"_EventURL":"","_EventCost":"","_EventCostDescription":"","_EventCurrencySymbol":"","_EventCurrencyCode":"","_EventCurrencyPosition":"","_EventDateTimeSeparator":"","_EventTimeRangeSeparator":"","_EventOrganizerID":[],"_EventVenueID":[],"_OrganizerEmail":"","_OrganizerPhone":"","_OrganizerWebsite":"","_VenueAddress":"","_VenueCity":"","_VenueCountry":"","_VenueProvince":"","_VenueState":"","_VenueZip":"","_VenuePhone":"","_VenueURL":"","_VenueStateProvince":"","_VenueLat":"","_VenueLng":"","_VenueShowMap":false,"_VenueShowMapLink":false,"footnotes":""},"categories":[42,1,27],"tags":[],"class_list":["post-665","post","type-post","status-publish","format-standard","has-post-thumbnail","hentry","category-42","category-allgemein","category-veranstaltungen"],"_links":{"self":[{"href":"https:\/\/heimatvereinbersenbrueck.de\/wordpress\/wp-json\/wp\/v2\/posts\/665","targetHints":{"allow":["GET"]}}],"collection":[{"href":"https:\/\/heimatvereinbersenbrueck.de\/wordpress\/wp-json\/wp\/v2\/posts"}],"about":[{"href":"https:\/\/heimatvereinbersenbrueck.de\/wordpress\/wp-json\/wp\/v2\/types\/post"}],"author":[{"embeddable":true,"href":"https:\/\/heimatvereinbersenbrueck.de\/wordpress\/wp-json\/wp\/v2\/users\/4"}],"replies":[{"embeddable":true,"href":"https:\/\/heimatvereinbersenbrueck.de\/wordpress\/wp-json\/wp\/v2\/comments?post=665"}],"version-history":[{"count":1,"href":"https:\/\/heimatvereinbersenbrueck.de\/wordpress\/wp-json\/wp\/v2\/posts\/665\/revisions"}],"predecessor-version":[{"id":666,"href":"https:\/\/heimatvereinbersenbrueck.de\/wordpress\/wp-json\/wp\/v2\/posts\/665\/revisions\/666"}],"wp:featuredmedia":[{"embeddable":true,"href":"https:\/\/heimatvereinbersenbrueck.de\/wordpress\/wp-json\/wp\/v2\/media\/1625"}],"wp:attachment":[{"href":"https:\/\/heimatvereinbersenbrueck.de\/wordpress\/wp-json\/wp\/v2\/media?parent=665"}],"wp:term":[{"taxonomy":"category","embeddable":true,"href":"https:\/\/heimatvereinbersenbrueck.de\/wordpress\/wp-json\/wp\/v2\/categories?post=665"},{"taxonomy":"post_tag","embeddable":true,"href":"https:\/\/heimatvereinbersenbrueck.de\/wordpress\/wp-json\/wp\/v2\/tags?post=665"}],"curies":[{"name":"wp","href":"https:\/\/api.w.org\/{rel}","templated":true}]}}