{"id":672,"date":"2014-01-24T11:22:04","date_gmt":"2014-01-24T10:22:04","guid":{"rendered":"http:\/\/heimatvereinbersenbrueck.de\/wordpress\/?p=672"},"modified":"2024-11-27T12:17:03","modified_gmt":"2024-11-27T11:17:03","slug":"landrat-michael-luebbersmann-ueberreicht-franz-buitmann-das-bundesverdienstkreuz-am-bande","status":"publish","type":"post","link":"https:\/\/heimatvereinbersenbrueck.de\/wordpress\/landrat-michael-luebbersmann-ueberreicht-franz-buitmann-das-bundesverdienstkreuz-am-bande\/","title":{"rendered":"Landrat Michael L\u00fcbbersmann \u00fcberreicht Franz Buitmann das Bundesverdienstkreuz am Bande"},"content":{"rendered":"<p>Warm war es, voll war es, denkw\u00fcrdig war es. Landrat Michael L\u00fcbbersmann hat im Heimathaus in Bersenbr\u00fcck Franz Buitmann das Bundesverdienstkreuz am Bande \u00fcberreicht. Er, der in den vergangenen Jahrzehnten dem Gemeinwohl viel gegeben hat, war nun der Beschenkte. Zu Recht, wie die Redner unisono fanden. Wenn einer die Auszeichnung verdient habe, dann er, so der Tenor.<br \/>\nDas Heimathaus war der beste aller m\u00f6glichen Orte f\u00fcr die \u00dcbergabe des Bundesverdienstkreuzes. Das machte ein alter Weggef\u00e4hrte deutlich. Er, Franz Buitmann, habe der Heimatarbeit ein Gesicht gegeben, hob Ulrich G\u00f6vert an. \u201eMann k\u00f6nnte dir auch liebevoll, jedoch mit gr\u00f6\u00dfer Anerkennung und Wertsch\u00e4tzung, den Ehrentitel Heimatvater verleihen\u201c, erkl\u00e4rte der Pr\u00e4sident des Wiehengebirgsverbandes weiter.<br \/>\n\u00c4hnlich lobende Worte fand Landrat Michael L\u00fcbbersmann. Er hatte es sich trotz vollen Terminkalenders nicht nehmen lassen, Franz Buitmann die Auszeichnung pers\u00f6nlich an das Revers zu heften. Viele, die sich so engagierten wie er, hielten ihr Tun f\u00fcr selbstverst\u00e4ndlich. Sie machten einfach das, was sie f\u00fcr richtig hielten. Oftmals seien sie dann \u00fcberrascht, wenn sie erf\u00fchren, dass sie f\u00fcr ihr Handeln eine Auszeichnung bek\u00e4men.<br \/>\nSo sagte es der Landrat und schritt alsbald zur Tat. Es gehe darum, Menschen ins Rampenlicht zu heben, die sich in besonderer Weise politisch, sozial oder wirtschaftlich engagiert h\u00e4tten. Franz Buitmann erf\u00fclle diese Kriterien. Und so freue er sich, im Auftrag des Bundespr\u00e4sidenten die Auszeichnung \u00fcberreichen zu d\u00fcrfen.<br \/>\nDer Fluss der Worte riss damit allerdings keineswegs ab. Der Moderator der Veranstaltung, Samtgemeindeb\u00fcrgermeister Horst Baier, rief nun die Gru\u00dfwortredner auf. Zu denen geh\u00f6rten neben Ulrich G\u00f6vert auch J\u00fcrgen Schwietert als stellvertretender Vorsitzender des Kreisheimatbundes und Gerd Uphoff, der stellvertretend f\u00fcr alle Fraktionen in den R\u00e4ten der Stadt und Samtgemeinde sprach. Auch G\u00fcnther Drewitz trat als Heimatkreisbearbeiter an das Rednerpult. Er hat sich mit Franz Buitmann f\u00fcr die Patenschaft zwischen Bersenbr\u00fcck und Greifenhagen (Gryfino) eingesetzt. Sie alle w\u00fcrdigten ebenfalls das Wirken f\u00fcr die Region \u2013 stets verbunden mit dem ausdr\u00fccklichen Hinweis auf Agatha Buitmann, die ihrem Mann den R\u00fccken frei gehalten habe.<br \/>\nEine kleine launige Einlage gab es ebenfalls. Die lieferte J\u00fcrgen-Eberhard Niewedde ab, der Chef des Heimatbundes Osnabr\u00fccker Land. Ein Orden sei kein Ruhekissen, erkl\u00e4rte er augenzwinkernd \u2013 wohl wissend, dass Franz Buitmann es trotz seiner 70 Jahre nicht ben\u00f6tigt.<br \/>\nGleich drei Auftritte hatte auch Hermann-Josef Suelmann. Der Musiklehrer, der auf vielen B\u00fchnen dieser Welt gespielt hat, brachte passend zum Lebenslauf von Franz Buitmann drei Klavierst\u00fccke zu Geh\u00f6r \u2013 unter anderem das \u201eLied ohne Worte\u201c von Mendelssohn.<br \/>\nSichtlich ger\u00fchrt, bedankte sich Franz Buitmann bei allen G\u00e4sten und gab sich ansonsten bescheiden \u2013 auch was seinen Einsatz als Mitarbeiter beim Bersenbr\u00fccker Kreisblatt angeht. Nun ja. Der Autor dieser Zeilen wei\u00df es in diesem Falle besser. Mitarbeiter wie Franz Buitmann sind f\u00fcr eine Redaktion unverzichtbar. Sie bilden mit ihrer Fach- und Ortskenntnis das verl\u00e4ssliche Fundament im nicht abrei\u00dfenden Informationsstrom. Auch das sei an dieser Stelle gesagt.<\/p>\n<p>Text: Bersenbr\u00fccker Kreisblatt<\/p>\n<p><a href=\"http:\/\/heimatvereinbersenbrueck.de\/wordpress\/wp-content\/uploads\/2014\/01\/Ehrung-Franz-Buitmann-Bundesverdienstkreuz-1.jpg\"><img loading=\"lazy\" decoding=\"async\" class=\"aligncenter size-medium wp-image-673\" alt=\"Ehrung Franz Buitmann Bundesverdienstkreuz 1\" src=\"http:\/\/heimatvereinbersenbrueck.de\/wordpress\/wp-content\/uploads\/2014\/01\/Ehrung-Franz-Buitmann-Bundesverdienstkreuz-1-620x826.jpg\" width=\"620\" height=\"826\" srcset=\"https:\/\/heimatvereinbersenbrueck.de\/wordpress\/wp-content\/uploads\/2014\/01\/Ehrung-Franz-Buitmann-Bundesverdienstkreuz-1-620x826.jpg 620w, https:\/\/heimatvereinbersenbrueck.de\/wordpress\/wp-content\/uploads\/2014\/01\/Ehrung-Franz-Buitmann-Bundesverdienstkreuz-1-960x1280.jpg 960w, https:\/\/heimatvereinbersenbrueck.de\/wordpress\/wp-content\/uploads\/2014\/01\/Ehrung-Franz-Buitmann-Bundesverdienstkreuz-1-225x300.jpg 225w\" sizes=\"auto, (max-width: 620px) 100vw, 620px\" \/><\/a> <a href=\"http:\/\/heimatvereinbersenbrueck.de\/wordpress\/wp-content\/uploads\/2014\/01\/Ehrung-Franz-Buitmann-Bundesverdienstkreuz.jpg\"><img loading=\"lazy\" decoding=\"async\" class=\"aligncenter size-medium wp-image-674\" alt=\"Ehrung Franz Buitmann Bundesverdienstkreuz\" src=\"http:\/\/heimatvereinbersenbrueck.de\/wordpress\/wp-content\/uploads\/2014\/01\/Ehrung-Franz-Buitmann-Bundesverdienstkreuz-620x826.jpg\" width=\"620\" height=\"826\" srcset=\"https:\/\/heimatvereinbersenbrueck.de\/wordpress\/wp-content\/uploads\/2014\/01\/Ehrung-Franz-Buitmann-Bundesverdienstkreuz-620x826.jpg 620w, https:\/\/heimatvereinbersenbrueck.de\/wordpress\/wp-content\/uploads\/2014\/01\/Ehrung-Franz-Buitmann-Bundesverdienstkreuz-960x1280.jpg 960w, https:\/\/heimatvereinbersenbrueck.de\/wordpress\/wp-content\/uploads\/2014\/01\/Ehrung-Franz-Buitmann-Bundesverdienstkreuz-225x300.jpg 225w\" sizes=\"auto, (max-width: 620px) 100vw, 620px\" \/><\/a><\/p>\n","protected":false},"excerpt":{"rendered":"<p>Warm war es, voll war es, denkw\u00fcrdig war es. Landrat Michael L\u00fcbbersmann hat im Heimathaus in Bersenbr\u00fcck Franz Buitmann das Bundesverdienstkreuz am Bande \u00fcberreicht. Er, der in den vergangenen Jahrzehnten dem Gemeinwohl viel gegeben hat, war nun der Beschenkte. Zu Recht, wie die Redner unisono fanden. Wenn einer die Auszeichnung verdient habe, dann er, so der Tenor. Das Heimathaus war <a class=\"more-link\" href=\"https:\/\/heimatvereinbersenbrueck.de\/wordpress\/landrat-michael-luebbersmann-ueberreicht-franz-buitmann-das-bundesverdienstkreuz-am-bande\/\">&lt;weiterlesen&#8230;<\/a><\/p>\n","protected":false},"author":4,"featured_media":674,"comment_status":"closed","ping_status":"closed","sticky":false,"template":"","format":"standard","meta":{"pgc_sgb_lightbox_settings":"","_EventAllDay":false,"_EventTimezone":"","_EventStartDate":"","_EventEndDate":"","_EventStartDateUTC":"","_EventEndDateUTC":"","_EventShowMap":false,"_EventShowMapLink":false,"_EventURL":"","_EventCost":"","_EventCostDescription":"","_EventCurrencySymbol":"","_EventCurrencyCode":"","_EventCurrencyPosition":"","_EventDateTimeSeparator":"","_EventTimeRangeSeparator":"","_EventOrganizerID":[],"_EventVenueID":[],"_OrganizerEmail":"","_OrganizerPhone":"","_OrganizerWebsite":"","_VenueAddress":"","_VenueCity":"","_VenueCountry":"","_VenueProvince":"","_VenueState":"","_VenueZip":"","_VenuePhone":"","_VenueURL":"","_VenueStateProvince":"","_VenueLat":"","_VenueLng":"","_VenueShowMap":false,"_VenueShowMapLink":false,"footnotes":""},"categories":[41,1,27],"tags":[74],"class_list":["post-672","post","type-post","status-publish","format-standard","has-post-thumbnail","hentry","category-41","category-allgemein","category-veranstaltungen","tag-bundesverdienstkreuz-am-bande-fuer-franz-buitmann"],"_links":{"self":[{"href":"https:\/\/heimatvereinbersenbrueck.de\/wordpress\/wp-json\/wp\/v2\/posts\/672","targetHints":{"allow":["GET"]}}],"collection":[{"href":"https:\/\/heimatvereinbersenbrueck.de\/wordpress\/wp-json\/wp\/v2\/posts"}],"about":[{"href":"https:\/\/heimatvereinbersenbrueck.de\/wordpress\/wp-json\/wp\/v2\/types\/post"}],"author":[{"embeddable":true,"href":"https:\/\/heimatvereinbersenbrueck.de\/wordpress\/wp-json\/wp\/v2\/users\/4"}],"replies":[{"embeddable":true,"href":"https:\/\/heimatvereinbersenbrueck.de\/wordpress\/wp-json\/wp\/v2\/comments?post=672"}],"version-history":[{"count":1,"href":"https:\/\/heimatvereinbersenbrueck.de\/wordpress\/wp-json\/wp\/v2\/posts\/672\/revisions"}],"predecessor-version":[{"id":675,"href":"https:\/\/heimatvereinbersenbrueck.de\/wordpress\/wp-json\/wp\/v2\/posts\/672\/revisions\/675"}],"wp:featuredmedia":[{"embeddable":true,"href":"https:\/\/heimatvereinbersenbrueck.de\/wordpress\/wp-json\/wp\/v2\/media\/674"}],"wp:attachment":[{"href":"https:\/\/heimatvereinbersenbrueck.de\/wordpress\/wp-json\/wp\/v2\/media?parent=672"}],"wp:term":[{"taxonomy":"category","embeddable":true,"href":"https:\/\/heimatvereinbersenbrueck.de\/wordpress\/wp-json\/wp\/v2\/categories?post=672"},{"taxonomy":"post_tag","embeddable":true,"href":"https:\/\/heimatvereinbersenbrueck.de\/wordpress\/wp-json\/wp\/v2\/tags?post=672"}],"curies":[{"name":"wp","href":"https:\/\/api.w.org\/{rel}","templated":true}]}}