{"id":808,"date":"2015-01-23T09:24:51","date_gmt":"2015-01-23T08:24:51","guid":{"rendered":"http:\/\/heimatvereinbersenbrueck.de\/wordpress\/?p=808"},"modified":"2024-11-27T11:26:34","modified_gmt":"2024-11-27T10:26:34","slug":"ahmadiyya-muslim-jamaat-gemeinde-osnabrueck-und-stadt-und-heimatverein-bersenbrueck-pflanzten-baum-des-friedens-am-heimathaus","status":"publish","type":"post","link":"https:\/\/heimatvereinbersenbrueck.de\/wordpress\/ahmadiyya-muslim-jamaat-gemeinde-osnabrueck-und-stadt-und-heimatverein-bersenbrueck-pflanzten-baum-des-friedens-am-heimathaus\/","title":{"rendered":"Ahmadiyya Muslim Jamaat Gemeinde Osnabr\u00fcck und Stadt und Heimatverein Bersenbr\u00fcck pflanzten \u201eBaum des Friedens\u201c am Heimathaus"},"content":{"rendered":"<p>\u201eGerade in der gegenw\u00e4rtigen aktuellen Diskussion zu den Terrortaten weltweit ist es von gro\u00dfer Bedeutung, darauf hinzuweisen, dass ein Gro\u00dfteil der Muslime besonders auch in Deutschland friedfertig ist und in unserer Gesellschaft ihren Platz hat\u201c, sagte Bersenbr\u00fccks B\u00fcrgermeister Christian Kl\u00fctsch anl\u00e4sslich der Pflanzaktion \u201eBaum des Friedens\u201c am Heimathaus \u201eFeldm\u00fchle\u201c. Dieser Baum, eine Blutbuche, und der damit verbundene Gedankenaustausch solle ein Zeichen gegen jede Art von Extremismus setzen. Auf Vorschlag des Heimatvereins habe man diesen Platz gew\u00e4hlt, an einer Stelle, die von der Bersenbr\u00fccker Bev\u00f6lkerung wahrgenommen werde.<br \/>\nEine Plakette wird noch in K\u00fcrze angebracht, die die Aufschrift tr\u00e4gt: Dieser Baum wurde gestiftet von: Ahmadiyya Muslim Jamaat Majlis Ansarullah Deutschland \u201eLiebe f\u00fcr alle, Hass f\u00fcr keinen\u201c<a href=\"http:\/\/www.ahmadiyya.de\" target=\"_blank\"> www.ahmadiyya.de<\/a>. Mit einem stillen gemeinsamen Gebet wurde die Pflanzaktion abgeschlossen.<br \/>\nAnschlie\u00dfend trafen sich Vertreter der Ahmadiyya Muslim Jamaat Gemeinde Osnabr\u00fcck, des Rates und der Verwaltung der Stadt Bersenbr\u00fcck und Vorstandsmitglieder des Heimatvereins zu einem Gedankenaustausch im Heimathaus. Noman Rana leitete die Zusammenkunft mit einem kurzen Original-Text aus dem Koran ein, anschlie\u00dfend ins Deutsche \u00fcbersetzt. Der Text verdeutlichte noch einmal die Friedfertigkeit und Toleranz, die der Islam in der eigentlichen Auspr\u00e4gung verk\u00f6rpert. B\u00fcrgermeister Kl\u00fctsch betonte, auch im Namen des stellvertretenden Stadtdirektors Johannes Koop, die Bedeutung des Dialogs zwischen den Konfessionen, Toleranz sei das Gebot der Stunde.<br \/>\nUmar Aziz von der der Ahmadiyya Muslim Jamaat Gemeinde Osnabr\u00fcck stellte Struktur, Organisation und Aufgaben der Gemeinde vor. Sie umfasst knapp 300 Mitglieder, durch die Fl\u00fcchtlinge aus den gegenw\u00e4rtigen Krisengebieten gebe es viele Neumitglieder. Die Gemeinde \u00fcberhaupt ist eine islamische Reformbewegung, die 1889 in Indien von Hadhrat Mirza Ghulam Ahmad, der den Anspruch erhob, der vom Heiligen Propheten Muhammad prophezeite Messias und Mahdi des Islam zu sein, gegr\u00fcndet wurde. Ein Hauptanliegen der Gemeinde besteht darin, den zeitgen\u00f6ssischen Islam von Aberglauben und Irrt\u00fcmern zu bereinigen und den Menschen jenen ausschlie\u00dflich friedliebenden, toleranten und spirituellen Islam n\u00e4her zu bringen, der zu Zeiten des Religionsstifters Muhammad gelehrt und praktiziert wurde, insofern also eine Reformbewegung. Weit weg von blindem Fanatismus lehnt die Ahmadiyya Muslim Jamaat jegliche Gewalt und allen Terror im Namen der Religion ab.<br \/>\nDie Gemeinde ist heute mit mehreren 10 Millionen Mitgliedern in \u00fcber 200 L\u00e4ndern der Erde verbreitet und gilt nicht nur innerhalb des Islam als eine der dynamischten Bewegungen. In Deutschland geh\u00f6rt sie mit \u00fcber 35 000 organisierten Mitgliedern und ihren knapp 50 Moscheen zu den gr\u00f6\u00dferen der islamischen Organisationen. In Osnabr\u00fcck gibt es seit 2001 die Basharat Moschee in der Atterstra\u00dfe 104a, sie stehe allen Besuchern offen.<br \/>\nAngesprochen in der Diskussion wurde ferner, dass der Koran nicht selten irrational interpretiert und das islamische Recht falsch angewendet werde. Die Sprache des Korans enthalte zahlreiche Metaphern und Gleichnisse und d\u00fcrfe nicht immer wortw\u00f6rtlich ausgelegt werden, hier gebe es Parallelen zur Bibel, besonderes im alttestamentarischen Bereich. Den Lehren des Islam zufolge sei der Gebrauch von Gewalt in Fragen der Religion absolut verboten. Die AMJ sei die f\u00fchrende islamische Gemeinde, die Gewalt und Zwang in Glaubensfragen kategorisch ausschlie\u00dfe und eine strikte Trennung von Staat und Religion bef\u00fcrworte. Sie sei eine Verfechterin der universellen Menschenrechte und setze sich f\u00fcr den Schutz von religi\u00f6sen und anderen Minderheiten ein.<br \/>\nAbschlie\u00dfend bedankte sich Umar Aziz beim B\u00fcrgermeister, der Stadt und dem Heimatverein f\u00fcr das Pflanzen des Friedens-Baumes und der M\u00f6glichkeit, die Gemeinde vorstellen zu k\u00f6nnen. Zur Erinnerung an die Aktion in Bersenbr\u00fcck \u00fcberreichte er ein Glas-Kunstwerk mit eingraviertem Text. Nachdem im Herbst letzten Jahres in Ankum und jetzt in Bersenbr\u00fcck eine derartige Aktion erfolgt sei, wolle man k\u00fcnftig auch in Quakenbr\u00fcck und F\u00fcrstenau einen \u201eBaum des Friedens\u201c pflanzen.<\/p>\n<p><img loading=\"lazy\" decoding=\"async\" class=\"aligncenter size-medium wp-image-809\" src=\"http:\/\/heimatvereinbersenbrueck.de\/wordpress\/wp-content\/uploads\/2015\/01\/Baum-des-Friedens-BSB-620x413.jpg\" alt=\"Baum des Friedens BSB\" width=\"620\" height=\"413\" srcset=\"https:\/\/heimatvereinbersenbrueck.de\/wordpress\/wp-content\/uploads\/2015\/01\/Baum-des-Friedens-BSB-620x413.jpg 620w, https:\/\/heimatvereinbersenbrueck.de\/wordpress\/wp-content\/uploads\/2015\/01\/Baum-des-Friedens-BSB-960x640.jpg 960w, https:\/\/heimatvereinbersenbrueck.de\/wordpress\/wp-content\/uploads\/2015\/01\/Baum-des-Friedens-BSB.jpg 1920w\" sizes=\"auto, (max-width: 620px) 100vw, 620px\" \/><\/p>\n","protected":false},"excerpt":{"rendered":"<p>\u201eGerade in der gegenw\u00e4rtigen aktuellen Diskussion zu den Terrortaten weltweit ist es von gro\u00dfer Bedeutung, darauf hinzuweisen, dass ein Gro\u00dfteil der Muslime besonders auch in Deutschland friedfertig ist und in unserer Gesellschaft ihren Platz hat\u201c, sagte Bersenbr\u00fccks B\u00fcrgermeister Christian Kl\u00fctsch anl\u00e4sslich der Pflanzaktion \u201eBaum des Friedens\u201c am Heimathaus \u201eFeldm\u00fchle\u201c. Dieser Baum, eine Blutbuche, und der damit verbundene Gedankenaustausch solle ein <a class=\"more-link\" href=\"https:\/\/heimatvereinbersenbrueck.de\/wordpress\/ahmadiyya-muslim-jamaat-gemeinde-osnabrueck-und-stadt-und-heimatverein-bersenbrueck-pflanzten-baum-des-friedens-am-heimathaus\/\">&lt;weiterlesen&#8230;<\/a><\/p>\n","protected":false},"author":4,"featured_media":0,"comment_status":"closed","ping_status":"closed","sticky":false,"template":"","format":"standard","meta":{"pgc_sgb_lightbox_settings":"","_EventAllDay":false,"_EventTimezone":"","_EventStartDate":"","_EventEndDate":"","_EventStartDateUTC":"","_EventEndDateUTC":"","_EventShowMap":false,"_EventShowMapLink":false,"_EventURL":"","_EventCost":"","_EventCostDescription":"","_EventCurrencySymbol":"","_EventCurrencyCode":"","_EventCurrencyPosition":"","_EventDateTimeSeparator":"","_EventTimeRangeSeparator":"","_EventOrganizerID":[],"_EventVenueID":[],"_OrganizerEmail":"","_OrganizerPhone":"","_OrganizerWebsite":"","_VenueAddress":"","_VenueCity":"","_VenueCountry":"","_VenueProvince":"","_VenueState":"","_VenueZip":"","_VenuePhone":"","_VenueURL":"","_VenueStateProvince":"","_VenueLat":"","_VenueLng":"","_VenueShowMap":false,"_VenueShowMapLink":false,"footnotes":""},"categories":[40,55,1],"tags":[],"class_list":["post-808","post","type-post","status-publish","format-standard","hentry","category-40","category-naturschutzaktionen","category-allgemein"],"_links":{"self":[{"href":"https:\/\/heimatvereinbersenbrueck.de\/wordpress\/wp-json\/wp\/v2\/posts\/808","targetHints":{"allow":["GET"]}}],"collection":[{"href":"https:\/\/heimatvereinbersenbrueck.de\/wordpress\/wp-json\/wp\/v2\/posts"}],"about":[{"href":"https:\/\/heimatvereinbersenbrueck.de\/wordpress\/wp-json\/wp\/v2\/types\/post"}],"author":[{"embeddable":true,"href":"https:\/\/heimatvereinbersenbrueck.de\/wordpress\/wp-json\/wp\/v2\/users\/4"}],"replies":[{"embeddable":true,"href":"https:\/\/heimatvereinbersenbrueck.de\/wordpress\/wp-json\/wp\/v2\/comments?post=808"}],"version-history":[{"count":1,"href":"https:\/\/heimatvereinbersenbrueck.de\/wordpress\/wp-json\/wp\/v2\/posts\/808\/revisions"}],"predecessor-version":[{"id":810,"href":"https:\/\/heimatvereinbersenbrueck.de\/wordpress\/wp-json\/wp\/v2\/posts\/808\/revisions\/810"}],"wp:attachment":[{"href":"https:\/\/heimatvereinbersenbrueck.de\/wordpress\/wp-json\/wp\/v2\/media?parent=808"}],"wp:term":[{"taxonomy":"category","embeddable":true,"href":"https:\/\/heimatvereinbersenbrueck.de\/wordpress\/wp-json\/wp\/v2\/categories?post=808"},{"taxonomy":"post_tag","embeddable":true,"href":"https:\/\/heimatvereinbersenbrueck.de\/wordpress\/wp-json\/wp\/v2\/tags?post=808"}],"curies":[{"name":"wp","href":"https:\/\/api.w.org\/{rel}","templated":true}]}}