{"id":822,"date":"2015-01-31T19:21:50","date_gmt":"2015-01-31T18:21:50","guid":{"rendered":"http:\/\/heimatvereinbersenbrueck.de\/wordpress\/?p=822"},"modified":"2024-11-27T11:26:14","modified_gmt":"2024-11-27T10:26:14","slug":"jahreshauptversammlung-2","status":"publish","type":"post","link":"https:\/\/heimatvereinbersenbrueck.de\/wordpress\/jahreshauptversammlung-2\/","title":{"rendered":"Jahreshauptversammlung"},"content":{"rendered":"<p>Auf ein Jahr mit vielen Veranstaltungen und Projekten konnte der Heimatverein Bersenbr\u00fcck auf seiner ordentlichen Jahreshauptversammlung im Heimathaus \u201eFeldm\u00fchle\u201c zur\u00fcckblicken. Im Mittelpunkt der Versammlung standen der Jahresbericht des Vorsitzenden in Wort und Bild, Wahlen zum Vorstand, eine Ehrung sowie ein Bildvortrag aus der Arbeit der AG-Foto-Archiv.<br \/>\nDas abgelaufene Berichtsjahr, so Vorsitzender Franz Buitmann, weise eine F\u00fclle von Veranstaltungen, Aktivit\u00e4ten und Projekten auf. Die ehrenamtliche Arbeit mache aber durchaus Spa\u00df, Vorstand und Mitglieder z\u00f6gen an einem Strang. Neben den regelm\u00e4\u00dfig wiederkehrenden Veranstaltungen habe der Heimatverein auch eine Reihe von besonderen Projekten durchgef\u00fchrt.<br \/>\nSo habe sich der Verein in besonderer Weise auch dem Umwelt- und Naturschutz gewidmet. Der j\u00e4hrliche Umweltschutztag mit einer M\u00fcll-Sammelaktion werde dank der Mitwirkung zahlreicher Vereine und Gruppen immer wieder zu einem Erfolg, allerdings w\u00fcnsche sich der Heimatverein die Teilnahme weiterer Gruppen, k\u00f6nne man doch nicht alle Stra\u00dfen und Wege der Stadt an einem Vormittag bedienen. Die Pflege der am Feldm\u00fchlenteich angelegten Streuobstwiese und Wildblumenwiese sei eine st\u00e4ndige Aufgabe, das Aufh\u00e4ngen und die Reinigung von Nistk\u00e4sten geh\u00f6re zu den weiteren Aufgaben. Das Pflanzen des \u201eBaumes des Jahres\u201c und eines \u201eFriedensbaumes\u201c am Feldm\u00fchlenteich bereichere die Anlage.<br \/>\nDas Brauchtum werde vom Heimatverein gerne gepflegt, so werde ein Osterfeuer abgebrannt und ein Maibaum auf dem Marktplatz aufgestellt, hier arbeite der Verein mit anderen Vereinen zusammen. Eigene Wanderungen und die Teilnahme an Wanderungen der Dachvereine pr\u00e4gten weiter das Vereinsleben, regelm\u00e4\u00dfig waren die Etappenwanderungen auf dem \u201eBersenbr\u00fccker-Land-Weg\u201c, weiter geh\u00f6rten die Winterwanderung und die Stadtteilwanderung dazu. Gut angenommen wurden die Radwanderungen, halbt\u00e4gig und ganzt\u00e4gig, wobei Kontakte zu benachbarten Heimatvereinen gekn\u00fcpft werden konnten.<br \/>\nDer M\u00fchlentag sowie der Tag des offenen Denkmals im Heimathaus fanden guten Zuspruch, ebenfalls die Tagesfahrt ins Emsland zum Moormuseum in Hesepe, zum Emsflower in Emsb\u00fcren und zum Heimathof Emsb\u00fcren. Die Vereinsfeier mit Filmen von Heinz Usselmann beschloss das Jahr.<br \/>\n Ein Liederabend mit dem M\u00e4nnergesangverein Bersenbr\u00fcck (MGV) ist inzwischen schon Tradition, der Heimatverein nimmt ferner teil an der Ferienspa\u00dfaktion der Stadt. Weiter ausgebaut werden der Lernstandort Wasser im Untergeschoss und die Anlage zur Stromerzeugung. Regelm\u00e4\u00dfig tagt die AG Foto-Archiv, inzwischen ist bereits eine stattliche Sammlung entstanden. Den Kontakt zu den Mitgliedern bilde das viermal im Jahr erscheinende Mitteilungsblatt \u201eMein Bersenbr\u00fcck\u201c.<br \/>\nDas Heimathaus, so der Vorsitzende, werde auch neben dem Verein selbst gut angenommen und sei damit ein wichtiger Treffpunkt in Bersenbr\u00fcck. Der Verein arbeite mit den Dachverb\u00e4nden Kreisheimatbund, Wiehengebirgsverband Weser-Ems, dem Nieders\u00e4chsischen Heimatbund und weiteren Institutionen eng zusammen. Besonders enge Kontakte best\u00fcnden zum Heimatkreis Greifenhagen\/Pommern. Schon nicht mehr wegzudenken sei der Heimat-Kalender, der gleichzeitig auch die Geschichte Bersenbr\u00fccks aufarbeite. Wichtig seien dem Verein ferner die Pflege der plattdeutschen Sprache und die Sammlung von Literatur. Auch das neue Programm, das als Faltblatt vorliege, enthalte wieder viele Angebote. Mit eingebunden sei der Verein bei der Neustruktur des Kreismuseums und der historischen Klosterpforte.<br \/>\nIn seinem Kassenbericht teilte Wolfgang Rehkamp mit, der Mitgliederbestand sei zwar nahezu konstant geblieben, trotzdem m\u00fcsse man die Werbung f\u00fcr neue, vor allem auch junge Mitglieder verst\u00e4rken.<br \/>\nDie Vorstandswahlen unter Leitung von Gerhard K\u00f6nig best\u00e4tigten Franz Buitmann als Vorsitzender, Hermann Sattinger als Gesch\u00e4ftsf\u00fchrer und Wolfgang Rehkamp als Kassenwart einstimmig im Amt, Kassenpr\u00fcfer wurden erneut Brigitte Parske und Klaus-Peter Sch\u00f6nauer.<br \/>\nBei Ehrungen, so der Vorsitzende, sei der Verein sparsam, sie sollten etwas Besonderes bleiben. Mit der silbernen Nadel des Vereins wurde Peter Wessling ausgezeichnet, stellvertretend nahm sein Vater Hans die Auszeichnung entgegen. Bei der Renovierung der Feldm\u00fchle und beim Umschichten des Osterfeuers erh\u00e4lt der Verein hier gro\u00dfe Unterst\u00fctzung.<br \/>\nNach den Regularien zeigte der stellvertretende Vorsitzende des Vereins, Manfred Kalmlage, eine Reihe von in der Foto-Archiv-AG gesammelten historischen Geb\u00e4ude-Fotos. Er stellte sie heutigen Ansichten gegen\u00fcber und kommentierte die Bilder mit gro\u00dfer Sachkenntnis, was den Beifall der Besucher fand.<\/p>\n","protected":false},"excerpt":{"rendered":"<p>Auf ein Jahr mit vielen Veranstaltungen und Projekten konnte der Heimatverein Bersenbr\u00fcck auf seiner ordentlichen Jahreshauptversammlung im Heimathaus \u201eFeldm\u00fchle\u201c zur\u00fcckblicken. Im Mittelpunkt der Versammlung standen der Jahresbericht des Vorsitzenden in Wort und Bild, Wahlen zum Vorstand, eine Ehrung sowie ein Bildvortrag aus der Arbeit der AG-Foto-Archiv. Das abgelaufene Berichtsjahr, so Vorsitzender Franz Buitmann, weise eine F\u00fclle von Veranstaltungen, Aktivit\u00e4ten und <a class=\"more-link\" href=\"https:\/\/heimatvereinbersenbrueck.de\/wordpress\/jahreshauptversammlung-2\/\">&lt;weiterlesen&#8230;<\/a><\/p>\n","protected":false},"author":4,"featured_media":0,"comment_status":"closed","ping_status":"closed","sticky":false,"template":"","format":"standard","meta":{"pgc_sgb_lightbox_settings":"","_EventAllDay":false,"_EventTimezone":"","_EventStartDate":"","_EventEndDate":"","_EventStartDateUTC":"","_EventEndDateUTC":"","_EventShowMap":false,"_EventShowMapLink":false,"_EventURL":"","_EventCost":"","_EventCostDescription":"","_EventCurrencySymbol":"","_EventCurrencyCode":"","_EventCurrencyPosition":"","_EventDateTimeSeparator":"","_EventTimeRangeSeparator":"","_EventOrganizerID":[],"_EventVenueID":[],"_OrganizerEmail":"","_OrganizerPhone":"","_OrganizerWebsite":"","_VenueAddress":"","_VenueCity":"","_VenueCountry":"","_VenueProvince":"","_VenueState":"","_VenueZip":"","_VenuePhone":"","_VenueURL":"","_VenueStateProvince":"","_VenueLat":"","_VenueLng":"","_VenueShowMap":false,"_VenueShowMapLink":false,"footnotes":""},"categories":[40,60,1],"tags":[],"class_list":["post-822","post","type-post","status-publish","format-standard","hentry","category-40","category-jahreshauptversammlung","category-allgemein"],"_links":{"self":[{"href":"https:\/\/heimatvereinbersenbrueck.de\/wordpress\/wp-json\/wp\/v2\/posts\/822","targetHints":{"allow":["GET"]}}],"collection":[{"href":"https:\/\/heimatvereinbersenbrueck.de\/wordpress\/wp-json\/wp\/v2\/posts"}],"about":[{"href":"https:\/\/heimatvereinbersenbrueck.de\/wordpress\/wp-json\/wp\/v2\/types\/post"}],"author":[{"embeddable":true,"href":"https:\/\/heimatvereinbersenbrueck.de\/wordpress\/wp-json\/wp\/v2\/users\/4"}],"replies":[{"embeddable":true,"href":"https:\/\/heimatvereinbersenbrueck.de\/wordpress\/wp-json\/wp\/v2\/comments?post=822"}],"version-history":[{"count":1,"href":"https:\/\/heimatvereinbersenbrueck.de\/wordpress\/wp-json\/wp\/v2\/posts\/822\/revisions"}],"predecessor-version":[{"id":823,"href":"https:\/\/heimatvereinbersenbrueck.de\/wordpress\/wp-json\/wp\/v2\/posts\/822\/revisions\/823"}],"wp:attachment":[{"href":"https:\/\/heimatvereinbersenbrueck.de\/wordpress\/wp-json\/wp\/v2\/media?parent=822"}],"wp:term":[{"taxonomy":"category","embeddable":true,"href":"https:\/\/heimatvereinbersenbrueck.de\/wordpress\/wp-json\/wp\/v2\/categories?post=822"},{"taxonomy":"post_tag","embeddable":true,"href":"https:\/\/heimatvereinbersenbrueck.de\/wordpress\/wp-json\/wp\/v2\/tags?post=822"}],"curies":[{"name":"wp","href":"https:\/\/api.w.org\/{rel}","templated":true}]}}