{"id":851,"date":"2015-04-28T19:54:10","date_gmt":"2015-04-28T17:54:10","guid":{"rendered":"http:\/\/heimatvereinbersenbrueck.de\/wordpress\/?p=851"},"modified":"2023-05-05T19:22:23","modified_gmt":"2023-05-05T17:22:23","slug":"radwanderung-des-heimatvereins-3","status":"publish","type":"post","link":"https:\/\/heimatvereinbersenbrueck.de\/wordpress\/radwanderung-des-heimatvereins-3\/","title":{"rendered":"Radwanderung des Heimatvereins"},"content":{"rendered":"<p>Der Heimatverein Bersenbr\u00fcck startet am Sonntag den 17. Mai zur Fr\u00fchjahrs-Radwanderung durch Feld und Flur.<br \/>\nDie Tour beginnt um 13:30 Uhr am Heimathaus Feldm\u00fchle.<br \/>\nGefahren wird \u00fcber Sitter, Druchhorn, dem Loxter Ort, durchs Hammerfeld nach Nortrup-Farwick zum Hof-und Dielen Caf\u00e9  \u201eDahlorter Diele\u201c wo uns eine Kaffeetafel erwartet.<br \/>\nGut gest\u00e4rkt treten wir die R\u00fcckfahrt \u00fcber B\u00f6rslage, Neu Hammerstein, Suttrup und Talge nach Bersenbr\u00fcck an. <\/p>\n<p>F\u00fcr die Teilnahme an der Radwanderung ist eine Mitgliedschaft im Heimatverein Bersenbr\u00fcck nicht erforderlich. <\/p>\n","protected":false},"excerpt":{"rendered":"<p>Der Heimatverein Bersenbr\u00fcck startet am Sonntag den 17. Mai zur Fr\u00fchjahrs-Radwanderung durch Feld und Flur. Die Tour beginnt um 13:30 Uhr am Heimathaus Feldm\u00fchle. Gefahren wird \u00fcber Sitter, Druchhorn, dem Loxter Ort, durchs Hammerfeld nach Nortrup-Farwick zum Hof-und Dielen Caf\u00e9 \u201eDahlorter Diele\u201c wo uns eine Kaffeetafel erwartet. Gut gest\u00e4rkt treten wir die R\u00fcckfahrt \u00fcber B\u00f6rslage, Neu Hammerstein, Suttrup und Talge <a class=\"more-link\" href=\"https:\/\/heimatvereinbersenbrueck.de\/wordpress\/radwanderung-des-heimatvereins-3\/\">&lt;weiterlesen&#8230;<\/a><\/p>\n","protected":false},"author":4,"featured_media":0,"comment_status":"closed","ping_status":"closed","sticky":false,"template":"","format":"standard","meta":{"pgc_sgb_lightbox_settings":"","_EventAllDay":false,"_EventTimezone":"","_EventStartDate":"","_EventEndDate":"","_EventStartDateUTC":"","_EventEndDateUTC":"","_EventShowMap":false,"_EventShowMapLink":false,"_EventURL":"","_EventCost":"","_EventCostDescription":"","_EventCurrencySymbol":"","_EventCurrencyCode":"","_EventCurrencyPosition":"","_EventDateTimeSeparator":"","_EventTimeRangeSeparator":"","_EventOrganizerID":[],"_EventVenueID":[],"_OrganizerEmail":"","_OrganizerPhone":"","_OrganizerWebsite":"","_VenueAddress":"","_VenueCity":"","_VenueCountry":"","_VenueProvince":"","_VenueState":"","_VenueZip":"","_VenuePhone":"","_VenueURL":"","_VenueStateProvince":"","_VenueLat":"","_VenueLng":"","_VenueShowMap":false,"_VenueShowMapLink":false,"footnotes":""},"categories":[40,1,37],"tags":[],"class_list":["post-851","post","type-post","status-publish","format-standard","hentry","category-40","category-allgemein","category-radwanderungen"],"_links":{"self":[{"href":"https:\/\/heimatvereinbersenbrueck.de\/wordpress\/wp-json\/wp\/v2\/posts\/851","targetHints":{"allow":["GET"]}}],"collection":[{"href":"https:\/\/heimatvereinbersenbrueck.de\/wordpress\/wp-json\/wp\/v2\/posts"}],"about":[{"href":"https:\/\/heimatvereinbersenbrueck.de\/wordpress\/wp-json\/wp\/v2\/types\/post"}],"author":[{"embeddable":true,"href":"https:\/\/heimatvereinbersenbrueck.de\/wordpress\/wp-json\/wp\/v2\/users\/4"}],"replies":[{"embeddable":true,"href":"https:\/\/heimatvereinbersenbrueck.de\/wordpress\/wp-json\/wp\/v2\/comments?post=851"}],"version-history":[{"count":1,"href":"https:\/\/heimatvereinbersenbrueck.de\/wordpress\/wp-json\/wp\/v2\/posts\/851\/revisions"}],"predecessor-version":[{"id":852,"href":"https:\/\/heimatvereinbersenbrueck.de\/wordpress\/wp-json\/wp\/v2\/posts\/851\/revisions\/852"}],"wp:attachment":[{"href":"https:\/\/heimatvereinbersenbrueck.de\/wordpress\/wp-json\/wp\/v2\/media?parent=851"}],"wp:term":[{"taxonomy":"category","embeddable":true,"href":"https:\/\/heimatvereinbersenbrueck.de\/wordpress\/wp-json\/wp\/v2\/categories?post=851"},{"taxonomy":"post_tag","embeddable":true,"href":"https:\/\/heimatvereinbersenbrueck.de\/wordpress\/wp-json\/wp\/v2\/tags?post=851"}],"curies":[{"name":"wp","href":"https:\/\/api.w.org\/{rel}","templated":true}]}}