{"id":868,"date":"2015-05-31T11:32:55","date_gmt":"2015-05-31T09:32:55","guid":{"rendered":"http:\/\/heimatvereinbersenbrueck.de\/wordpress\/?p=868"},"modified":"2024-11-27T11:08:54","modified_gmt":"2024-11-27T10:08:54","slug":"patenschaftstreffen-heimatkreis-greifenhagen","status":"publish","type":"post","link":"https:\/\/heimatvereinbersenbrueck.de\/wordpress\/patenschaftstreffen-heimatkreis-greifenhagen\/","title":{"rendered":"Patenschaftstreffen Heimatkreis Greifenhagen"},"content":{"rendered":"<p>Seit den Jahren 1963\/64 besteht eine Patenschaft zwischen der Stadt Bersenbr\u00fcck und der Stadt Greifenhagen\/Pommern, zuvor war bereits 1958 eine Patenschaft zwischen dem Landkreis Bersenbr\u00fcck, in der Nachfolge Landkreis Osnabr\u00fcck, und dem Heimatkreis Greifenhagen geschlossen worden.<\/p>\n<p>Alle zwei Jahre trifft sich der Heimatkreis Greifenhagen \u00fcber das Pfingstwochenende in der Patenstadt, um dieser Abschl\u00fcsse zu gedenken. Beim diesj\u00e4hrigen 30. Patenschaftstreffen standen besonders die Erinnerungen an Flucht und Vertreibung 70 Jahre nach Ende des Zweiten Weltkrieges im Mittelpunkt.<br \/>\nEingeleitet wurde das Treffen mit einem Besuch in der Heimatstube Greifenhagen im Kreismuseum, wo Kulturreferent Herbert K\u00e4mper Erl\u00e4uterungen zum hier gesammelten Kulturgut der Greifenhagener und Pommern gab. Das weitere Geschehen des Tages spielte sich im und am Heimathaus Feldm\u00fchle des Heimatvereins Bersenbr\u00fcck ab, der eine enge Verbindung zum Heimatkreis Greifenhagen unterh\u00e4lt.<br \/>\nIm Obergeschoss des Heimathaus wurde die Ausstellung \u201eAus Greifenhagens Vergangenheit\u201c er\u00f6ffnet, konzipiert von Herbert K\u00e4mper, sie wurde \u00fcber die Pfingsttage von vielen Besuchern in Augenschein genommen, besonders auch am M\u00fchlentag (wir berichteten). Zur Erinnerung an Flucht und Vertreibung wurde am Feldm\u00fchlenteich eine Winterlinde gepflanzt, die nun f\u00fcr Frieden, Freiheit und Recht stehen soll (wir berichteten).<br \/>\nZum Ausklang des ersten Tages des Treffens traf man sich im Heimathaus zu \u201eStunden der Begegnung\u201c. Die musikalische Umrahmung erfolgte durch den M\u00e4nnergesangverein Bersenbr\u00fcck (MGV) unter der Leitung von Johann Schaubert, neben Chorbeitr\u00e4gen wurden gemeinsam Heimatlieder gesungen. Fotos aus der Geschichte der Patenschaft zeigte der Vorsitzende des Heimatvereins Bersenbr\u00fcck, Franz Buitmann. Der Heimatkreis-Ausschussvorsitzende Eckhard Schwenk und B\u00fcrgermeister Christian Kl\u00fctsch sowie der Vorsitzende des Heimatvereins hatten zuvor die bisherige Patenschaftsarbeit gew\u00fcrdigt.<br \/>\nDie Feierstunde am Pfingstsonntag im Hermann-Rothert-Saal des Rathauses stand unter dem Motto: \u201eUnsere Verantwortung f\u00fcr Deutschland und Europa, Erfahrungen der Geschichte \u2013 Blick in die Zukunft\u201c, musikalisch umrahmt von Hermann-Josef Suelmann und seinem Sohn Hendrik. Heimatkreisbearbeiter G\u00fcnther Drewitz, L\u00fcbeck, fr\u00fcher Greifenhagen, betonte in seiner Begr\u00fc\u00dfung, wo es keine Erinnerung an Krieg gebe, halte das B\u00f6se die Wunden offen. Man wolle nichts verdr\u00e4ngen, man wolle aus den Erfahrungen der Geschichte mit Blick in die Zukunft immer wieder mahnen, dass Krieg und Unrecht nur zu B\u00f6sem f\u00fchre. Das Grauen des Krieges werde durch die Zahlen der Kriegstoten, zivilen Opfer und Heimatvertriebenen mehr als deutlich. Besonders die Erlebnisgeneration habe die Verpflichtung, Br\u00fcckenbauer zu den Nachfolgenden zu sein, immer wieder an das Unsinnige des Krieges zu erinnern.<br \/>\nBersenbr\u00fccks B\u00fcrgermeister Christian Kl\u00fctsch erinnerte an die 70 Jahre seit Ende des Zweiten Weltkrieges, dankbar m\u00fcsse man f\u00fcr diese Zeit des Friedens sein, ohne das Leid, die der Krieg besonders f\u00fcr die Heimatvertriebenen gebracht habe, zu vergessen. Die Patenstadt habe in all den Jahren versucht, f\u00fcr sie einen Ort des Zuhauses zu schaffen. Die Schulpartnerschaften Bersenbr\u00fccker Schulen mit Schulen im heutigen Gryfino seien ein Weg der Verst\u00e4ndigung f\u00fcr die Zukunft.<br \/>\nF\u00fcr die Bersenbr\u00fccker Vereine und Institutionen betonte Franz Buitmann, das in der Patenschaftsurkunde angesprochene Zusammengeh\u00f6rigkeitsgef\u00fchl sei von ihnen immer ernst genommen worden, man habe diese Aufgabe gern in die Tat umgesetzt und mit Leben erf\u00fcllt. Reinhard von Schorlemer, fr\u00fcherer Bundestagsabgeordneter und Vorsitzender des Patenschaftsausschusses des Landkreises, berichtete aus Erinnerungen an Heimatvertriebene in seinem Hause, die in die Familie aufgenommen worden seien. Die Heimatvertriebenen verzichteten in ihrer Charta schon fr\u00fch auf Rache und Vergeltung, sie setzten auf Vers\u00f6hnung und Verst\u00e4ndigung, dies sei beispielhaft. F\u00fcr den Landkreis Osnabr\u00fcck \u00fcberbrachte der Paten- und Partnerschaftsbeauftragte, Karl-Heinz Finkemeyer, Gr\u00fc\u00dfe des Landrates Dr. L\u00fcbbersmann und des Kreistages. Der Schmerz \u00fcber den Verlust der Heimat sei verst\u00e4ndlich, besonders wenn man die sch\u00f6ne pommersche Landschaft kenne. Die Leistungen der Heimatvertriebenen f\u00fcr den Wiederaufbau Deutschlands seien nicht hoch genug zu sch\u00e4tzen. Auch Finkemeyer freute sich \u00fcber die bestehenden Schulpartnerschaften, sie seien der Weg f\u00fcr die Zukunft.<br \/>\nAuf den dann folgenden Festvortrag von Samtgemeindeb\u00fcrgermeister Horst Baier kommen wir noch zur\u00fcck. G\u00fcnther Drewitz und Eckhard Schwenk vom Heimatkreis ehrten anschlie\u00dfend B\u00fcrgermeister Christian Kl\u00fctsch mit der Pommerschen Ehrennadel in Gold sowie Walter Deck aus Eberswalde, fr\u00fcher Bahn, mit der silbernen Ehrennadel. Schluss- und Dankesworte von Eckhard Schwenk sowie das Pommernlied und die Nationalhymne beendeten die Feierstunde.<br \/>\nNach der Feierstunde trafen sich die Kranz- und Fahnenabordnungen am Gedenkstein am Rathaus zur Totenehrung, Worte des Gedenkens sprachen G\u00fcnther Drewitz und Eckhard Schwenk, die musikalische Umrahmung erfolgte durch die Blaskapelle Priggenhagen.<br \/>\nDen Abschluss des Patenschaftstreffens bildete ein geselliges Beisammensein im Heimathaus Feldm\u00fchle am Nachmittag und am folgenden M\u00fchlentag an gleicher Stelle.<\/p>\n<p><a href=\"http:\/\/heimatvereinbersenbrueck.de\/wordpress\/wp-content\/uploads\/2015\/05\/Patenschaftstreffen-Greifenhagen-2.jpg\"><img loading=\"lazy\" decoding=\"async\" class=\"aligncenter size-medium wp-image-869\" src=\"http:\/\/heimatvereinbersenbrueck.de\/wordpress\/wp-content\/uploads\/2015\/05\/Patenschaftstreffen-Greifenhagen-2-620x413.jpg\" alt=\"Patenschaftstreffen Greifenhagen 2\" width=\"620\" height=\"413\" srcset=\"https:\/\/heimatvereinbersenbrueck.de\/wordpress\/wp-content\/uploads\/2015\/05\/Patenschaftstreffen-Greifenhagen-2-620x413.jpg 620w, https:\/\/heimatvereinbersenbrueck.de\/wordpress\/wp-content\/uploads\/2015\/05\/Patenschaftstreffen-Greifenhagen-2-940x627.jpg 940w, https:\/\/heimatvereinbersenbrueck.de\/wordpress\/wp-content\/uploads\/2015\/05\/Patenschaftstreffen-Greifenhagen-2.jpg 1920w\" sizes=\"auto, (max-width: 620px) 100vw, 620px\" \/><\/a><\/p>\n","protected":false},"excerpt":{"rendered":"<p>Seit den Jahren 1963\/64 besteht eine Patenschaft zwischen der Stadt Bersenbr\u00fcck und der Stadt Greifenhagen\/Pommern, zuvor war bereits 1958 eine Patenschaft zwischen dem Landkreis Bersenbr\u00fcck, in der Nachfolge Landkreis Osnabr\u00fcck, und dem Heimatkreis Greifenhagen geschlossen worden. Alle zwei Jahre trifft sich der Heimatkreis Greifenhagen \u00fcber das Pfingstwochenende in der Patenstadt, um dieser Abschl\u00fcsse zu gedenken. Beim diesj\u00e4hrigen 30. Patenschaftstreffen standen <a class=\"more-link\" href=\"https:\/\/heimatvereinbersenbrueck.de\/wordpress\/patenschaftstreffen-heimatkreis-greifenhagen\/\">&lt;weiterlesen&#8230;<\/a><\/p>\n","protected":false},"author":4,"featured_media":0,"comment_status":"closed","ping_status":"closed","sticky":false,"template":"","format":"standard","meta":{"pgc_sgb_lightbox_settings":"","_EventAllDay":false,"_EventTimezone":"","_EventStartDate":"","_EventEndDate":"","_EventStartDateUTC":"","_EventEndDateUTC":"","_EventShowMap":false,"_EventShowMapLink":false,"_EventURL":"","_EventCost":"","_EventCostDescription":"","_EventCurrencySymbol":"","_EventCurrencyCode":"","_EventCurrencyPosition":"","_EventDateTimeSeparator":"","_EventTimeRangeSeparator":"","_EventOrganizerID":[],"_EventVenueID":[],"_OrganizerEmail":"","_OrganizerPhone":"","_OrganizerWebsite":"","_VenueAddress":"","_VenueCity":"","_VenueCountry":"","_VenueProvince":"","_VenueState":"","_VenueZip":"","_VenuePhone":"","_VenueURL":"","_VenueStateProvince":"","_VenueLat":"","_VenueLng":"","_VenueShowMap":false,"_VenueShowMapLink":false,"footnotes":""},"categories":[40,73,1],"tags":[],"class_list":["post-868","post","type-post","status-publish","format-standard","hentry","category-40","category-greifenhagen-bersenbrueck-patenschaft","category-allgemein"],"_links":{"self":[{"href":"https:\/\/heimatvereinbersenbrueck.de\/wordpress\/wp-json\/wp\/v2\/posts\/868","targetHints":{"allow":["GET"]}}],"collection":[{"href":"https:\/\/heimatvereinbersenbrueck.de\/wordpress\/wp-json\/wp\/v2\/posts"}],"about":[{"href":"https:\/\/heimatvereinbersenbrueck.de\/wordpress\/wp-json\/wp\/v2\/types\/post"}],"author":[{"embeddable":true,"href":"https:\/\/heimatvereinbersenbrueck.de\/wordpress\/wp-json\/wp\/v2\/users\/4"}],"replies":[{"embeddable":true,"href":"https:\/\/heimatvereinbersenbrueck.de\/wordpress\/wp-json\/wp\/v2\/comments?post=868"}],"version-history":[{"count":1,"href":"https:\/\/heimatvereinbersenbrueck.de\/wordpress\/wp-json\/wp\/v2\/posts\/868\/revisions"}],"predecessor-version":[{"id":870,"href":"https:\/\/heimatvereinbersenbrueck.de\/wordpress\/wp-json\/wp\/v2\/posts\/868\/revisions\/870"}],"wp:attachment":[{"href":"https:\/\/heimatvereinbersenbrueck.de\/wordpress\/wp-json\/wp\/v2\/media?parent=868"}],"wp:term":[{"taxonomy":"category","embeddable":true,"href":"https:\/\/heimatvereinbersenbrueck.de\/wordpress\/wp-json\/wp\/v2\/categories?post=868"},{"taxonomy":"post_tag","embeddable":true,"href":"https:\/\/heimatvereinbersenbrueck.de\/wordpress\/wp-json\/wp\/v2\/tags?post=868"}],"curies":[{"name":"wp","href":"https:\/\/api.w.org\/{rel}","templated":true}]}}