{"id":932,"date":"2015-10-15T10:41:50","date_gmt":"2015-10-15T08:41:50","guid":{"rendered":"http:\/\/heimatvereinbersenbrueck.de\/wordpress\/?p=932"},"modified":"2024-11-27T12:24:46","modified_gmt":"2024-11-27T11:24:46","slug":"heimatverein-und-senioren-union-weilten-im-land-zwischen-den-meeren","status":"publish","type":"post","link":"https:\/\/heimatvereinbersenbrueck.de\/wordpress\/heimatverein-und-senioren-union-weilten-im-land-zwischen-den-meeren\/","title":{"rendered":"Heimatverein und Senioren-Union weilten im \u201eLand zwischen den Meeren\u201c"},"content":{"rendered":"<p>Auf einer dreit\u00e4gigen Busreise weilten Mitglieder des Heimatvereins Bersenbr\u00fcck und der CDU-Senioren-Union Bersenbr\u00fcck\/Gehrde im \u201eLand zwischen den Meeren\u201c, wie das Land Schleswig-Holstein auch wohl genannt wird. Mit von der Partie waren zudem Gruppen aus Ankum, Badbergen und Quakenbr\u00fcck. Das seit Jahren vom Heimatverein Bersenbr\u00fcck durchgef\u00fchrte Herbst-Wanderwochenende fand damit einmal in anderer Form statt.<br \/>\nStandquartier war Husum, die \u201egraue Stadt am Meer\u201c des Dichters<br \/>\nTheodor Storm, allerdings zeigte sich der Ort alles andere als grau, er war eher herbstlich bunt und sonnig. Auf einer Stadtf\u00fchrung erfuhren die Besucher viel \u00fcber das \u201eTor zur Halligwelt\u201c mit kopfsteingepflasterten Gassen und eindrucksvollen Giebelfronten sowie dem Hafen und dem Schloss. Bei einer Rundfahrt auf der Insel Nordstrand konnte das gr\u00f6\u00dfte Naturschutzgebiet Schleswig-Holsteins, der Beltringharder Koog, erlebt werden, eine Fu\u00dfwanderung auf den Deich geh\u00f6rte nat\u00fcrlich dazu (unser Foto). Nach einer Stadtf\u00fchrung durch Schleswig mit dem imposanten Dom folgte eine Schifffahrt auf der Schlei von Schleswig nach Missunde. Auf der Weiterfahrt durch H\u00fcgel- und Wiesenlandschaften entlang des Ostseefjords Schlei bis Kappeln gr\u00fc\u00dften die Drehorte der beliebten ZDF-Serie \u201eDer Landarzt\u201c, eine Kaffeepause im Drehort-Cafe war ein besonderes Erlebnis.<br \/>\nDurch die \u201eHolsteinische Schweiz\u201c ging die Reise weiter bis Pl\u00f6n, hier bestieg man das Schiff zur \u201e5-Seen-Fahrt\u201c bis Malente, wo die Busreise ihren Ausklang fand.<\/p>\n<p><img loading=\"lazy\" decoding=\"async\" class=\"aligncenter size-medium wp-image-933\" src=\"http:\/\/heimatvereinbersenbrueck.de\/wordpress\/wp-content\/uploads\/2015\/11\/Busreise-HV-BSB-620x465.jpg\" alt=\"Busreise HV BSB\" width=\"620\" height=\"465\" srcset=\"https:\/\/heimatvereinbersenbrueck.de\/wordpress\/wp-content\/uploads\/2015\/11\/Busreise-HV-BSB-620x465.jpg 620w, https:\/\/heimatvereinbersenbrueck.de\/wordpress\/wp-content\/uploads\/2015\/11\/Busreise-HV-BSB-940x705.jpg 940w\" sizes=\"auto, (max-width: 620px) 100vw, 620px\" \/><\/p>\n","protected":false},"excerpt":{"rendered":"<p>Auf einer dreit\u00e4gigen Busreise weilten Mitglieder des Heimatvereins Bersenbr\u00fcck und der CDU-Senioren-Union Bersenbr\u00fcck\/Gehrde im \u201eLand zwischen den Meeren\u201c, wie das Land Schleswig-Holstein auch wohl genannt wird. Mit von der Partie waren zudem Gruppen aus Ankum, Badbergen und Quakenbr\u00fcck. Das seit Jahren vom Heimatverein Bersenbr\u00fcck durchgef\u00fchrte Herbst-Wanderwochenende fand damit einmal in anderer Form statt. Standquartier war Husum, die \u201egraue Stadt am <a class=\"more-link\" href=\"https:\/\/heimatvereinbersenbrueck.de\/wordpress\/heimatverein-und-senioren-union-weilten-im-land-zwischen-den-meeren\/\">&lt;weiterlesen&#8230;<\/a><\/p>\n","protected":false},"author":4,"featured_media":933,"comment_status":"closed","ping_status":"closed","sticky":false,"template":"","format":"standard","meta":{"pgc_sgb_lightbox_settings":"","_EventAllDay":false,"_EventTimezone":"","_EventStartDate":"","_EventEndDate":"","_EventStartDateUTC":"","_EventEndDateUTC":"","_EventShowMap":false,"_EventShowMapLink":false,"_EventURL":"","_EventCost":"","_EventCostDescription":"","_EventCurrencySymbol":"","_EventCurrencyCode":"","_EventCurrencyPosition":"","_EventDateTimeSeparator":"","_EventTimeRangeSeparator":"","_EventOrganizerID":[],"_EventVenueID":[],"_OrganizerEmail":"","_OrganizerPhone":"","_OrganizerWebsite":"","_VenueAddress":"","_VenueCity":"","_VenueCountry":"","_VenueProvince":"","_VenueState":"","_VenueZip":"","_VenuePhone":"","_VenueURL":"","_VenueStateProvince":"","_VenueLat":"","_VenueLng":"","_VenueShowMap":false,"_VenueShowMapLink":false,"footnotes":""},"categories":[40,1,53],"tags":[],"class_list":["post-932","post","type-post","status-publish","format-standard","has-post-thumbnail","hentry","category-40","category-allgemein","category-tagesausfluege-mit-dem-heimatverein"],"_links":{"self":[{"href":"https:\/\/heimatvereinbersenbrueck.de\/wordpress\/wp-json\/wp\/v2\/posts\/932","targetHints":{"allow":["GET"]}}],"collection":[{"href":"https:\/\/heimatvereinbersenbrueck.de\/wordpress\/wp-json\/wp\/v2\/posts"}],"about":[{"href":"https:\/\/heimatvereinbersenbrueck.de\/wordpress\/wp-json\/wp\/v2\/types\/post"}],"author":[{"embeddable":true,"href":"https:\/\/heimatvereinbersenbrueck.de\/wordpress\/wp-json\/wp\/v2\/users\/4"}],"replies":[{"embeddable":true,"href":"https:\/\/heimatvereinbersenbrueck.de\/wordpress\/wp-json\/wp\/v2\/comments?post=932"}],"version-history":[{"count":1,"href":"https:\/\/heimatvereinbersenbrueck.de\/wordpress\/wp-json\/wp\/v2\/posts\/932\/revisions"}],"predecessor-version":[{"id":934,"href":"https:\/\/heimatvereinbersenbrueck.de\/wordpress\/wp-json\/wp\/v2\/posts\/932\/revisions\/934"}],"wp:featuredmedia":[{"embeddable":true,"href":"https:\/\/heimatvereinbersenbrueck.de\/wordpress\/wp-json\/wp\/v2\/media\/933"}],"wp:attachment":[{"href":"https:\/\/heimatvereinbersenbrueck.de\/wordpress\/wp-json\/wp\/v2\/media?parent=932"}],"wp:term":[{"taxonomy":"category","embeddable":true,"href":"https:\/\/heimatvereinbersenbrueck.de\/wordpress\/wp-json\/wp\/v2\/categories?post=932"},{"taxonomy":"post_tag","embeddable":true,"href":"https:\/\/heimatvereinbersenbrueck.de\/wordpress\/wp-json\/wp\/v2\/tags?post=932"}],"curies":[{"name":"wp","href":"https:\/\/api.w.org\/{rel}","templated":true}]}}