{"id":935,"date":"2015-10-26T10:44:03","date_gmt":"2015-10-26T09:44:03","guid":{"rendered":"http:\/\/heimatvereinbersenbrueck.de\/wordpress\/?p=935"},"modified":"2024-11-27T12:21:23","modified_gmt":"2024-11-27T11:21:23","slug":"heimat-kalender-2016-mein-bersenbrueck-gestern-und-heute-des-heimatvereins-ist-in-vorbereitung","status":"publish","type":"post","link":"https:\/\/heimatvereinbersenbrueck.de\/wordpress\/heimat-kalender-2016-mein-bersenbrueck-gestern-und-heute-des-heimatvereins-ist-in-vorbereitung\/","title":{"rendered":"Heimat-Kalender 2016 \u201eMein Bersenbr\u00fcck \u2013 Gestern und Heute\u201c des Heimatvereins  ist in Vorbereitung"},"content":{"rendered":"<p>Seit mehreren Jahren gibt der Heimatverein Bersenbr\u00fcck einen Heimat-Kalender unter dem Motto \u201eMein Bersenbr\u00fcck \u2013 Gestern und Heute\u201c heraus. Der Kalender steht jeweils unter einem bestimmten Thema, das in Bild und Wort dargestellt wird. Dabei werden historische Fotos nach M\u00f6glichkeit heutigen Fotos gegen\u00fcber gestellt, in der Regel aus ein und derselben Perspektive aufgenommen. Der Kalender ist nicht nur ein aktuelles Kalendarium, er gestaltet sich auch im Laufe der Zeit zu einem Geschichtswerk f\u00fcr Bersenbr\u00fcck. Mit aufgenommen werden auch jeweils die Veranstaltungstermine des Heimatvereins Bersenbr\u00fcck und seiner Dachverb\u00e4nde.<br \/>\nF\u00fcr das laufende Jahr 2015 waren die allgemein bildenden Schulen als Motto ausgew\u00e4hlt worden, f\u00fcr das Jahr 2016 wurden gleichzeitig schon die weiter f\u00fchrenden Schulen als Thema festgelegt. Eine Arbeitsgruppe des Heimatvereins mit den Vorstandsmitgliedern Franz Buitmann, Manfred Kalmlage, Gerd K\u00f6nig, Hermann Sattinger, Ewald Webering und Franz Wellmann bereitet zur Zeit den neuen Kalender vor. In mehreren Sitzungen im Heimathaus \u201eFeldm\u00fchle\u201c wurde das Material zusammengetragen und gesichtet (unser Foto). In der n\u00e4chsten Zusammenkunft werden die zw\u00f6lf Kalenderbl\u00e4tter sowie das Titelblatt ausgew\u00e4hlt, so dass der Heimat-Kalender dann in Druck gehen kann. Der Heimatverein hofft, dass auch dieser Kalender in der Bev\u00f6lkerung wieder auf eine positive Resonanz st\u00f6\u00dft.<\/p>\n<p><img loading=\"lazy\" decoding=\"async\" class=\"aligncenter size-medium wp-image-936\" src=\"http:\/\/heimatvereinbersenbrueck.de\/wordpress\/wp-content\/uploads\/2015\/11\/Heimat-Kalender-BSB-620x465.jpg\" alt=\"Heimat-Kalender BSB\" width=\"620\" height=\"465\" srcset=\"https:\/\/heimatvereinbersenbrueck.de\/wordpress\/wp-content\/uploads\/2015\/11\/Heimat-Kalender-BSB-620x465.jpg 620w, https:\/\/heimatvereinbersenbrueck.de\/wordpress\/wp-content\/uploads\/2015\/11\/Heimat-Kalender-BSB-940x705.jpg 940w\" sizes=\"auto, (max-width: 620px) 100vw, 620px\" \/><\/p>\n","protected":false},"excerpt":{"rendered":"<p>Seit mehreren Jahren gibt der Heimatverein Bersenbr\u00fcck einen Heimat-Kalender unter dem Motto \u201eMein Bersenbr\u00fcck \u2013 Gestern und Heute\u201c heraus. Der Kalender steht jeweils unter einem bestimmten Thema, das in Bild und Wort dargestellt wird. Dabei werden historische Fotos nach M\u00f6glichkeit heutigen Fotos gegen\u00fcber gestellt, in der Regel aus ein und derselben Perspektive aufgenommen. Der Kalender ist nicht nur ein aktuelles <a class=\"more-link\" href=\"https:\/\/heimatvereinbersenbrueck.de\/wordpress\/heimat-kalender-2016-mein-bersenbrueck-gestern-und-heute-des-heimatvereins-ist-in-vorbereitung\/\">&lt;weiterlesen&#8230;<\/a><\/p>\n","protected":false},"author":4,"featured_media":936,"comment_status":"closed","ping_status":"closed","sticky":false,"template":"","format":"standard","meta":{"pgc_sgb_lightbox_settings":"","_EventAllDay":false,"_EventTimezone":"","_EventStartDate":"","_EventEndDate":"","_EventStartDateUTC":"","_EventEndDateUTC":"","_EventShowMap":false,"_EventShowMapLink":false,"_EventURL":"","_EventCost":"","_EventCostDescription":"","_EventCurrencySymbol":"","_EventCurrencyCode":"","_EventCurrencyPosition":"","_EventDateTimeSeparator":"","_EventTimeRangeSeparator":"","_EventOrganizerID":[],"_EventVenueID":[],"_OrganizerEmail":"","_OrganizerPhone":"","_OrganizerWebsite":"","_VenueAddress":"","_VenueCity":"","_VenueCountry":"","_VenueProvince":"","_VenueState":"","_VenueZip":"","_VenuePhone":"","_VenueURL":"","_VenueStateProvince":"","_VenueLat":"","_VenueLng":"","_VenueShowMap":false,"_VenueShowMapLink":false,"footnotes":""},"categories":[40,58,1],"tags":[],"class_list":["post-935","post","type-post","status-publish","format-standard","has-post-thumbnail","hentry","category-40","category-heimatkalender","category-allgemein"],"_links":{"self":[{"href":"https:\/\/heimatvereinbersenbrueck.de\/wordpress\/wp-json\/wp\/v2\/posts\/935","targetHints":{"allow":["GET"]}}],"collection":[{"href":"https:\/\/heimatvereinbersenbrueck.de\/wordpress\/wp-json\/wp\/v2\/posts"}],"about":[{"href":"https:\/\/heimatvereinbersenbrueck.de\/wordpress\/wp-json\/wp\/v2\/types\/post"}],"author":[{"embeddable":true,"href":"https:\/\/heimatvereinbersenbrueck.de\/wordpress\/wp-json\/wp\/v2\/users\/4"}],"replies":[{"embeddable":true,"href":"https:\/\/heimatvereinbersenbrueck.de\/wordpress\/wp-json\/wp\/v2\/comments?post=935"}],"version-history":[{"count":1,"href":"https:\/\/heimatvereinbersenbrueck.de\/wordpress\/wp-json\/wp\/v2\/posts\/935\/revisions"}],"predecessor-version":[{"id":937,"href":"https:\/\/heimatvereinbersenbrueck.de\/wordpress\/wp-json\/wp\/v2\/posts\/935\/revisions\/937"}],"wp:featuredmedia":[{"embeddable":true,"href":"https:\/\/heimatvereinbersenbrueck.de\/wordpress\/wp-json\/wp\/v2\/media\/936"}],"wp:attachment":[{"href":"https:\/\/heimatvereinbersenbrueck.de\/wordpress\/wp-json\/wp\/v2\/media?parent=935"}],"wp:term":[{"taxonomy":"category","embeddable":true,"href":"https:\/\/heimatvereinbersenbrueck.de\/wordpress\/wp-json\/wp\/v2\/categories?post=935"},{"taxonomy":"post_tag","embeddable":true,"href":"https:\/\/heimatvereinbersenbrueck.de\/wordpress\/wp-json\/wp\/v2\/tags?post=935"}],"curies":[{"name":"wp","href":"https:\/\/api.w.org\/{rel}","templated":true}]}}