{"id":948,"date":"2016-01-06T17:32:37","date_gmt":"2016-01-06T16:32:37","guid":{"rendered":"http:\/\/heimatvereinbersenbrueck.de\/wordpress\/?p=948"},"modified":"2024-11-27T11:16:45","modified_gmt":"2024-11-27T10:16:45","slug":"948","status":"publish","type":"post","link":"https:\/\/heimatvereinbersenbrueck.de\/wordpress\/948\/","title":{"rendered":"Der Heimatverein Bersenbr\u00fcck bedankt sich f\u00fcr die engagierte Mitarbeit im Jahre 2015"},"content":{"rendered":"<p style=\"text-align: center;\">Der Heimatverein Bersenbr\u00fcck bedankt sich f\u00fcr die<br \/>\nengagierte Mitarbeit im Jahre 2015<\/p>\n<p style=\"text-align: center;\">und w\u00fcnscht alles Gute f\u00fcr 2016!<\/p>\n<p style=\"text-align: center;\"><img loading=\"lazy\" decoding=\"async\" class=\"aligncenter size-medium wp-image-949\" src=\"http:\/\/heimatvereinbersenbrueck.de\/wordpress\/wp-content\/uploads\/2016\/01\/Heimathaus-Feldm\u00fchle-620x465.jpg\" alt=\"Heimathaus Feldm\u00fchle\" width=\"620\" height=\"465\" srcset=\"https:\/\/heimatvereinbersenbrueck.de\/wordpress\/wp-content\/uploads\/2016\/01\/Heimathaus-Feldm\u00fchle-620x465.jpg 620w, https:\/\/heimatvereinbersenbrueck.de\/wordpress\/wp-content\/uploads\/2016\/01\/Heimathaus-Feldm\u00fchle-768x576.jpg 768w, https:\/\/heimatvereinbersenbrueck.de\/wordpress\/wp-content\/uploads\/2016\/01\/Heimathaus-Feldm\u00fchle-940x705.jpg 940w\" sizes=\"auto, (max-width: 620px) 100vw, 620px\" \/><img loading=\"lazy\" decoding=\"async\" class=\"aligncenter size-medium wp-image-950\" src=\"http:\/\/heimatvereinbersenbrueck.de\/wordpress\/wp-content\/uploads\/2016\/01\/Feldm\u00fchlenteich-im-Winter-2015-620x465.jpg\" alt=\"Feldm\u00fchlenteich im Winter 2015\" width=\"620\" height=\"465\" srcset=\"https:\/\/heimatvereinbersenbrueck.de\/wordpress\/wp-content\/uploads\/2016\/01\/Feldm\u00fchlenteich-im-Winter-2015-620x465.jpg 620w, https:\/\/heimatvereinbersenbrueck.de\/wordpress\/wp-content\/uploads\/2016\/01\/Feldm\u00fchlenteich-im-Winter-2015-768x576.jpg 768w, https:\/\/heimatvereinbersenbrueck.de\/wordpress\/wp-content\/uploads\/2016\/01\/Feldm\u00fchlenteich-im-Winter-2015-940x705.jpg 940w\" sizes=\"auto, (max-width: 620px) 100vw, 620px\" \/><\/p>\n","protected":false},"excerpt":{"rendered":"<p>Der Heimatverein Bersenbr\u00fcck bedankt sich f\u00fcr die engagierte Mitarbeit im Jahre 2015 und w\u00fcnscht alles Gute f\u00fcr 2016!<\/p>\n","protected":false},"author":4,"featured_media":0,"comment_status":"closed","ping_status":"closed","sticky":false,"template":"","format":"standard","meta":{"pgc_sgb_lightbox_settings":"","_EventAllDay":false,"_EventTimezone":"","_EventStartDate":"","_EventEndDate":"","_EventStartDateUTC":"","_EventEndDateUTC":"","_EventShowMap":false,"_EventShowMapLink":false,"_EventURL":"","_EventCost":"","_EventCostDescription":"","_EventCurrencySymbol":"","_EventCurrencyCode":"","_EventCurrencyPosition":"","_EventDateTimeSeparator":"","_EventTimeRangeSeparator":"","_EventOrganizerID":[],"_EventVenueID":[],"_OrganizerEmail":"","_OrganizerPhone":"","_OrganizerWebsite":"","_VenueAddress":"","_VenueCity":"","_VenueCountry":"","_VenueProvince":"","_VenueState":"","_VenueZip":"","_VenuePhone":"","_VenueURL":"","_VenueStateProvince":"","_VenueLat":"","_VenueLng":"","_VenueShowMap":false,"_VenueShowMapLink":false,"footnotes":""},"categories":[39,1,27],"tags":[],"class_list":["post-948","post","type-post","status-publish","format-standard","hentry","category-39","category-allgemein","category-veranstaltungen"],"_links":{"self":[{"href":"https:\/\/heimatvereinbersenbrueck.de\/wordpress\/wp-json\/wp\/v2\/posts\/948","targetHints":{"allow":["GET"]}}],"collection":[{"href":"https:\/\/heimatvereinbersenbrueck.de\/wordpress\/wp-json\/wp\/v2\/posts"}],"about":[{"href":"https:\/\/heimatvereinbersenbrueck.de\/wordpress\/wp-json\/wp\/v2\/types\/post"}],"author":[{"embeddable":true,"href":"https:\/\/heimatvereinbersenbrueck.de\/wordpress\/wp-json\/wp\/v2\/users\/4"}],"replies":[{"embeddable":true,"href":"https:\/\/heimatvereinbersenbrueck.de\/wordpress\/wp-json\/wp\/v2\/comments?post=948"}],"version-history":[{"count":3,"href":"https:\/\/heimatvereinbersenbrueck.de\/wordpress\/wp-json\/wp\/v2\/posts\/948\/revisions"}],"predecessor-version":[{"id":1936,"href":"https:\/\/heimatvereinbersenbrueck.de\/wordpress\/wp-json\/wp\/v2\/posts\/948\/revisions\/1936"}],"wp:attachment":[{"href":"https:\/\/heimatvereinbersenbrueck.de\/wordpress\/wp-json\/wp\/v2\/media?parent=948"}],"wp:term":[{"taxonomy":"category","embeddable":true,"href":"https:\/\/heimatvereinbersenbrueck.de\/wordpress\/wp-json\/wp\/v2\/categories?post=948"},{"taxonomy":"post_tag","embeddable":true,"href":"https:\/\/heimatvereinbersenbrueck.de\/wordpress\/wp-json\/wp\/v2\/tags?post=948"}],"curies":[{"name":"wp","href":"https:\/\/api.w.org\/{rel}","templated":true}]}}