{"id":985,"date":"2016-08-24T15:02:30","date_gmt":"2016-08-24T13:02:30","guid":{"rendered":"http:\/\/heimatvereinbersenbrueck.de\/wordpress\/?p=985"},"modified":"2024-11-28T08:03:12","modified_gmt":"2024-11-28T07:03:12","slug":"tagesfahrt-des-heimatvereins-bersenbrueck-nach-ostfriesland-mit-vielen-ueberraschenden-einblicken","status":"publish","type":"post","link":"https:\/\/heimatvereinbersenbrueck.de\/wordpress\/tagesfahrt-des-heimatvereins-bersenbrueck-nach-ostfriesland-mit-vielen-ueberraschenden-einblicken\/","title":{"rendered":"Tagesfahrt des Heimatvereins Bersenbr\u00fcck nach Ostfriesland mit vielen \u00fcberraschenden Einblicken"},"content":{"rendered":"<p>Auch in diesem Jahr lud der Heimatverein Bersenbr\u00fcck wieder Mitglieder und Interessierte zu einer Tagesfahrt ein, Ziele waren Augustfehn, Aurich, Weener und Stapelmoor in Ostfriesland. Die Nachfrage war so gro\u00df, dass einige Interessierte zu Hause bleiben mussten. Sie werden sicher im n\u00e4chsten Jahr dabei sein k\u00f6nnen, wenn der Heimatverein zu einer neuen Fahrt einl\u00e4dt.<\/p>\n<p>Erstes Ziel der Busfahrt unter der Leitung des Vorsitzenden Franz Buitmann und des Gesch\u00e4ftsf\u00fchrers Hermann Sattinger war Augustfehn mit der ehemaligen Eisenh\u00fctte, wo es zun\u00e4chst ein leckeres Fr\u00fchst\u00fcck gab. Im Anschluss daran erfuhren die Bersenbr\u00fccker Heimatfreunde aus fachkundigem Mund Wissenswertes aus der Geschichte des Industrie-Denkmals Eisenh\u00fctte. Nach der Eisenverh\u00fcttung, die den Menschen der Region viele Arbeitspl\u00e4tze bot, wurde die Eisenh\u00fctte 1936 vollst\u00e4ndig umgebaut, teilweise erneuert und als Depot f\u00fcr die Marinewerft Wilhelmshaven genutzt, 1938 wurden die gro\u00dfen Schornsteine gesprengt. In der Nachkriegszeit wurde in den Geb\u00e4uden u. a. eine Leimfabrik untergebracht, bis im Jahre 1962 die Bundeswehr das Gel\u00e4nde \u00fcbernahm. Nach der Aufgabe des Standortes ging das Gel\u00e4nde in den Besitz der Gemeinde Apen-Augustfehn \u00fcber. Geb\u00e4ude und Pl\u00e4tze wurden einer gewerblichen Nutzung zugef\u00fchrt, Heizhaus und Eisenh\u00fcttenturm sind als Denkmale erhalten geblieben.<\/p>\n<p>Anschlie\u00dfend ging es weiter nach Aurich, wo eine Stadtf\u00fchrung und die Besichtigung der \u201eOstfriesischen Landschaft\u201c erfolgten. Auf der Stadtf\u00fchrung erfuhren die Heimatfreunde, dass die Entstehung Aurichs auf eine im 12. Jahrhundert dem heiligen Lambert gewidmete Kirchenstiftung zur\u00fcckgef\u00fchrt wird. Sp\u00e4ter wurde der Ort wegen seiner zentralen Lage, gut gesch\u00fctzt durch Befestigungsw\u00e4lle und unwegsame Moorgebiete, Residenz der F\u00fcrstenfamilie Cirksena. Das heutige Schloss war als Burg Wohnsitz dieser Familie. Sehr informativ war ein Besuch im schmucken Neu-Renaissance-Geb\u00e4ude der Ostfriesischen Landschaft, ein ehemaliges regionales St\u00e4ndeparlament, das heute Tradition und Kultur bewahrt und f\u00f6rdert. Beim Gang durch die Fu\u00dfg\u00e4ngerzone wurde auch\u00a0 die Lamberti-Kirche mit dem ber\u00fchmten Ihlower Altar aufgesucht.<\/p>\n<p>Nach dem Mittagessen ging es weiter nach Weener, besichtigt wurde hier das weltweit bekannte \u201eOrganeum\u201c, ein in Fachkreisen bekanntes einzigartiges Museum, in dem noch heute alte Orgel- und Tasteninstrumente besichtigt und bespielt werden k\u00f6nnen. Kurze Musikst\u00fccke mit Erl\u00e4uterungen auf verschiedenen historischen Orgeln waren f\u00fcr die Bersenbr\u00fccker Heimatfreunde ein unvergessliches Erlebnis.<\/p>\n<p>Eine original ostfriesische Teezeremonie wartete dann zum Abschluss in einer Windm\u00fchle in Stapelmoor auf die Reiseteilnehmer. Die Kappen-Wind-M\u00fchle wurde denkmalgerecht saniert. Sie war 1909 gebaut worden, 1951 \u00fcbernahm Beene Wichers den M\u00fchlenbetrieb, dessen Sohn Heinz noch heute der Besitzer ist. Auch im n\u00e4chsten Jahr, so waren sich alle einig, sollte der Heimatverein wieder eine Tagesfahrt anbieten.<\/p>\n<p><img loading=\"lazy\" decoding=\"async\" class=\"aligncenter size-medium wp-image-986\" src=\"http:\/\/heimatvereinbersenbrueck.de\/wordpress\/wp-content\/uploads\/2016\/08\/Tagesfahrt-Heimatverein-BSB-1-620x465.jpg\" alt=\"Tagesfahrt Heimatverein BSB 1\" width=\"620\" height=\"465\" srcset=\"https:\/\/heimatvereinbersenbrueck.de\/wordpress\/wp-content\/uploads\/2016\/08\/Tagesfahrt-Heimatverein-BSB-1-620x465.jpg 620w, https:\/\/heimatvereinbersenbrueck.de\/wordpress\/wp-content\/uploads\/2016\/08\/Tagesfahrt-Heimatverein-BSB-1-768x576.jpg 768w, https:\/\/heimatvereinbersenbrueck.de\/wordpress\/wp-content\/uploads\/2016\/08\/Tagesfahrt-Heimatverein-BSB-1-940x705.jpg 940w\" sizes=\"auto, (max-width: 620px) 100vw, 620px\" \/><\/p>\n","protected":false},"excerpt":{"rendered":"<p>Auch in diesem Jahr lud der Heimatverein Bersenbr\u00fcck wieder Mitglieder und Interessierte zu einer Tagesfahrt ein, Ziele waren Augustfehn, Aurich, Weener und Stapelmoor in Ostfriesland. Die Nachfrage war so gro\u00df, dass einige Interessierte zu Hause bleiben mussten. Sie werden sicher im n\u00e4chsten Jahr dabei sein k\u00f6nnen, wenn der Heimatverein zu einer neuen Fahrt einl\u00e4dt. Erstes Ziel der Busfahrt unter der <a class=\"more-link\" href=\"https:\/\/heimatvereinbersenbrueck.de\/wordpress\/tagesfahrt-des-heimatvereins-bersenbrueck-nach-ostfriesland-mit-vielen-ueberraschenden-einblicken\/\">&lt;weiterlesen&#8230;<\/a><\/p>\n","protected":false},"author":4,"featured_media":986,"comment_status":"closed","ping_status":"closed","sticky":false,"template":"","format":"standard","meta":{"pgc_sgb_lightbox_settings":"","_EventAllDay":false,"_EventTimezone":"","_EventStartDate":"","_EventEndDate":"","_EventStartDateUTC":"","_EventEndDateUTC":"","_EventShowMap":false,"_EventShowMapLink":false,"_EventURL":"","_EventCost":"","_EventCostDescription":"","_EventCurrencySymbol":"","_EventCurrencyCode":"","_EventCurrencyPosition":"","_EventDateTimeSeparator":"","_EventTimeRangeSeparator":"","_EventOrganizerID":[],"_EventVenueID":[],"_OrganizerEmail":"","_OrganizerPhone":"","_OrganizerWebsite":"","_VenueAddress":"","_VenueCity":"","_VenueCountry":"","_VenueProvince":"","_VenueState":"","_VenueZip":"","_VenuePhone":"","_VenueURL":"","_VenueStateProvince":"","_VenueLat":"","_VenueLng":"","_VenueShowMap":false,"_VenueShowMapLink":false,"footnotes":""},"categories":[39,1,53],"tags":[],"class_list":["post-985","post","type-post","status-publish","format-standard","has-post-thumbnail","hentry","category-39","category-allgemein","category-tagesausfluege-mit-dem-heimatverein"],"_links":{"self":[{"href":"https:\/\/heimatvereinbersenbrueck.de\/wordpress\/wp-json\/wp\/v2\/posts\/985","targetHints":{"allow":["GET"]}}],"collection":[{"href":"https:\/\/heimatvereinbersenbrueck.de\/wordpress\/wp-json\/wp\/v2\/posts"}],"about":[{"href":"https:\/\/heimatvereinbersenbrueck.de\/wordpress\/wp-json\/wp\/v2\/types\/post"}],"author":[{"embeddable":true,"href":"https:\/\/heimatvereinbersenbrueck.de\/wordpress\/wp-json\/wp\/v2\/users\/4"}],"replies":[{"embeddable":true,"href":"https:\/\/heimatvereinbersenbrueck.de\/wordpress\/wp-json\/wp\/v2\/comments?post=985"}],"version-history":[{"count":1,"href":"https:\/\/heimatvereinbersenbrueck.de\/wordpress\/wp-json\/wp\/v2\/posts\/985\/revisions"}],"predecessor-version":[{"id":987,"href":"https:\/\/heimatvereinbersenbrueck.de\/wordpress\/wp-json\/wp\/v2\/posts\/985\/revisions\/987"}],"wp:featuredmedia":[{"embeddable":true,"href":"https:\/\/heimatvereinbersenbrueck.de\/wordpress\/wp-json\/wp\/v2\/media\/986"}],"wp:attachment":[{"href":"https:\/\/heimatvereinbersenbrueck.de\/wordpress\/wp-json\/wp\/v2\/media?parent=985"}],"wp:term":[{"taxonomy":"category","embeddable":true,"href":"https:\/\/heimatvereinbersenbrueck.de\/wordpress\/wp-json\/wp\/v2\/categories?post=985"},{"taxonomy":"post_tag","embeddable":true,"href":"https:\/\/heimatvereinbersenbrueck.de\/wordpress\/wp-json\/wp\/v2\/tags?post=985"}],"curies":[{"name":"wp","href":"https:\/\/api.w.org\/{rel}","templated":true}]}}