{"id":988,"date":"2016-08-24T15:04:36","date_gmt":"2016-08-24T13:04:36","guid":{"rendered":"http:\/\/heimatvereinbersenbrueck.de\/wordpress\/?p=988"},"modified":"2024-11-28T08:01:57","modified_gmt":"2024-11-28T07:01:57","slug":"vierte-e-bike-ladestation-fuer-bersenbrueck-am-heimathaus-feldmuehle-ab-sofort-in-betrieb","status":"publish","type":"post","link":"https:\/\/heimatvereinbersenbrueck.de\/wordpress\/vierte-e-bike-ladestation-fuer-bersenbrueck-am-heimathaus-feldmuehle-ab-sofort-in-betrieb\/","title":{"rendered":"Vierte E-Bike-Ladestation f\u00fcr Bersenbr\u00fcck am Heimathaus Feldm\u00fchle ab sofort in Betrieb"},"content":{"rendered":"<p>An der Feldm\u00fchle in Bersenbr\u00fcck, dem Heimathaus des Heimatvereins Bersenbr\u00fcck, k\u00f6nnen Elektroradler die Akkus ihrer R\u00e4der ab sofort wieder aufladen. Franz Buitmann, Vorsitzender des Heimatvereins, sein Stellvertreter Manfred Kalmlage, Hausmeister und Vorstandsmitglied Alois K\u00fcthe sowie RWE-Kommunalbetreuer Thomas Jablonski nahmen nun die E-Bike-Ladestation offiziell in Betrieb. \u201eMit der neuen Ladestation leisten wir einen wichtigen Beitrag f\u00fcr regionale Elektromobilit\u00e4t. B\u00fcrger und G\u00e4ste erkunden so unsere sch\u00f6ne Region vom Sattel eines E-Bikes aus\u201c, sagte Vorsitzender Buitmann mit einem Dank an die Verantwortlichen der RWE.<\/p>\n<p>\u201eMit dem Ausbau des Ladenetzes setzt RWE ein Zeichen f\u00fcr Elektromobilit\u00e4t und m\u00f6chte die Menschen in der Region f\u00fcr klimafreundliche Fortbewegung begeistern\u201c, betonte Jablonski. Die Lades\u00e4ule an der Feldm\u00fchle sei die vierte ihrer Art in Bersenbr\u00fcck. Weitere S\u00e4ulen stehen am Eiscafe am Markt, am Hotel Hengeholt-Heuer und am Hotel Lange. Informationen \u00fcber das gesamte Netz der Ladestationen sind im Internet zu erhalten.<\/p>\n<p>Elektro-Fahrr\u00e4der, so die weitere Information, sind einfach zu fahren, f\u00fchrerschein- und versicherungsfrei. Das intelligente Prinzip der Hybrid-R\u00e4der sei: Sie werden mit Muskelkraft und Motor bewegt. Nur wenn man die Pedale tritt, l\u00e4sst sich die Motorunterst\u00fctzung per Tastendruck in mehreren Stufen zuschalten und beschleunigt z\u00fcgig bis 25 Stundenkilometer. F\u00fcr noch mehr Tempo ist die eigene Waden-Power gefragt. Beim Bremsen und Bergabfahren wird Strom gespeichert. Die Akkus werden an einer normalen Steckdose oder einer der neuen RWE-Ladestationen aufgeladen.<\/p>\n<p><img loading=\"lazy\" decoding=\"async\" class=\"aligncenter size-medium wp-image-989\" src=\"http:\/\/heimatvereinbersenbrueck.de\/wordpress\/wp-content\/uploads\/2016\/08\/E-Bike-Ladestation-BSB-620x413.jpg\" alt=\"E-Bike-Ladestation BSB\" width=\"620\" height=\"413\" srcset=\"https:\/\/heimatvereinbersenbrueck.de\/wordpress\/wp-content\/uploads\/2016\/08\/E-Bike-Ladestation-BSB-620x413.jpg 620w, https:\/\/heimatvereinbersenbrueck.de\/wordpress\/wp-content\/uploads\/2016\/08\/E-Bike-Ladestation-BSB-768x512.jpg 768w, https:\/\/heimatvereinbersenbrueck.de\/wordpress\/wp-content\/uploads\/2016\/08\/E-Bike-Ladestation-BSB-940x627.jpg 940w, https:\/\/heimatvereinbersenbrueck.de\/wordpress\/wp-content\/uploads\/2016\/08\/E-Bike-Ladestation-BSB.jpg 1920w\" sizes=\"auto, (max-width: 620px) 100vw, 620px\" \/><\/p>\n","protected":false},"excerpt":{"rendered":"<p>An der Feldm\u00fchle in Bersenbr\u00fcck, dem Heimathaus des Heimatvereins Bersenbr\u00fcck, k\u00f6nnen Elektroradler die Akkus ihrer R\u00e4der ab sofort wieder aufladen. Franz Buitmann, Vorsitzender des Heimatvereins, sein Stellvertreter Manfred Kalmlage, Hausmeister und Vorstandsmitglied Alois K\u00fcthe sowie RWE-Kommunalbetreuer Thomas Jablonski nahmen nun die E-Bike-Ladestation offiziell in Betrieb. \u201eMit der neuen Ladestation leisten wir einen wichtigen Beitrag f\u00fcr regionale Elektromobilit\u00e4t. B\u00fcrger und G\u00e4ste <a class=\"more-link\" href=\"https:\/\/heimatvereinbersenbrueck.de\/wordpress\/vierte-e-bike-ladestation-fuer-bersenbrueck-am-heimathaus-feldmuehle-ab-sofort-in-betrieb\/\">&lt;weiterlesen&#8230;<\/a><\/p>\n","protected":false},"author":4,"featured_media":989,"comment_status":"closed","ping_status":"closed","sticky":false,"template":"","format":"standard","meta":{"pgc_sgb_lightbox_settings":"","_EventAllDay":false,"_EventTimezone":"","_EventStartDate":"","_EventEndDate":"","_EventStartDateUTC":"","_EventEndDateUTC":"","_EventShowMap":false,"_EventShowMapLink":false,"_EventURL":"","_EventCost":"","_EventCostDescription":"","_EventCurrencySymbol":"","_EventCurrencyCode":"","_EventCurrencyPosition":"","_EventDateTimeSeparator":"","_EventTimeRangeSeparator":"","_EventOrganizerID":[],"_EventVenueID":[],"_OrganizerEmail":"","_OrganizerPhone":"","_OrganizerWebsite":"","_VenueAddress":"","_VenueCity":"","_VenueCountry":"","_VenueProvince":"","_VenueState":"","_VenueZip":"","_VenuePhone":"","_VenueURL":"","_VenueStateProvince":"","_VenueLat":"","_VenueLng":"","_VenueShowMap":false,"_VenueShowMapLink":false,"footnotes":""},"categories":[39,1,27],"tags":[],"class_list":["post-988","post","type-post","status-publish","format-standard","has-post-thumbnail","hentry","category-39","category-allgemein","category-veranstaltungen"],"_links":{"self":[{"href":"https:\/\/heimatvereinbersenbrueck.de\/wordpress\/wp-json\/wp\/v2\/posts\/988","targetHints":{"allow":["GET"]}}],"collection":[{"href":"https:\/\/heimatvereinbersenbrueck.de\/wordpress\/wp-json\/wp\/v2\/posts"}],"about":[{"href":"https:\/\/heimatvereinbersenbrueck.de\/wordpress\/wp-json\/wp\/v2\/types\/post"}],"author":[{"embeddable":true,"href":"https:\/\/heimatvereinbersenbrueck.de\/wordpress\/wp-json\/wp\/v2\/users\/4"}],"replies":[{"embeddable":true,"href":"https:\/\/heimatvereinbersenbrueck.de\/wordpress\/wp-json\/wp\/v2\/comments?post=988"}],"version-history":[{"count":1,"href":"https:\/\/heimatvereinbersenbrueck.de\/wordpress\/wp-json\/wp\/v2\/posts\/988\/revisions"}],"predecessor-version":[{"id":990,"href":"https:\/\/heimatvereinbersenbrueck.de\/wordpress\/wp-json\/wp\/v2\/posts\/988\/revisions\/990"}],"wp:featuredmedia":[{"embeddable":true,"href":"https:\/\/heimatvereinbersenbrueck.de\/wordpress\/wp-json\/wp\/v2\/media\/989"}],"wp:attachment":[{"href":"https:\/\/heimatvereinbersenbrueck.de\/wordpress\/wp-json\/wp\/v2\/media?parent=988"}],"wp:term":[{"taxonomy":"category","embeddable":true,"href":"https:\/\/heimatvereinbersenbrueck.de\/wordpress\/wp-json\/wp\/v2\/categories?post=988"},{"taxonomy":"post_tag","embeddable":true,"href":"https:\/\/heimatvereinbersenbrueck.de\/wordpress\/wp-json\/wp\/v2\/tags?post=988"}],"curies":[{"name":"wp","href":"https:\/\/api.w.org\/{rel}","templated":true}]}}