{"id":991,"date":"2016-08-24T15:06:11","date_gmt":"2016-08-24T13:06:11","guid":{"rendered":"http:\/\/heimatvereinbersenbrueck.de\/wordpress\/?p=991"},"modified":"2024-11-28T08:01:16","modified_gmt":"2024-11-28T07:01:16","slug":"wanderfreunde-aus-dem-bereich-des-altkreises-bersenbrueck-nahmen-am-deutschen-wandertag-in-sebnitz-saechsische-schweiz-teil","status":"publish","type":"post","link":"https:\/\/heimatvereinbersenbrueck.de\/wordpress\/wanderfreunde-aus-dem-bereich-des-altkreises-bersenbrueck-nahmen-am-deutschen-wandertag-in-sebnitz-saechsische-schweiz-teil\/","title":{"rendered":"Wanderfreunde aus dem Bereich des Altkreises Bersenbr\u00fcck nahmen am Deutschen Wandertag in Sebnitz\/S\u00e4chsische Schweiz teil"},"content":{"rendered":"<p>Der diesj\u00e4hrige 116. Deutsche Wandertag des Deutschen Wanderverbandes (DWV) fand in den St\u00e4dten Sebnitz und Bad Schandau in der S\u00e4chsischen Schweiz\/Elbsandsteingebirge nahe der tschechischen Grenze mit der b\u00f6hmischen Schweiz statt. Zehntausende von Wanderfreunden aus allen Teilen Deutschlands und auch aus dem europ\u00e4ischen Ausland nahmen an dieser Veranstaltung teil. Wanderangebote und mehrere Veranstaltungen zogen sich \u00fcber eine Woche hin, auch Wanderfreunde aus dem Altkreis Bersenbr\u00fcck hatten den weiten Weg in den \u00e4u\u00dfersten S\u00fcd-Ost-Winkel Deutschlands nicht gescheut. Sie zeigten sich von der beeindruckenden Landschaft, den gut organisierten Veranstaltungen und der gro\u00dfen Gastfreundschaft sehr angetan.<\/p>\n<p>Schon vor der offiziellen Er\u00f6ffnung des Wandertages nahmen sie an gef\u00fchrten oder selbst organisierten Wanderungen teil, um Land und Leute n\u00e4her kennen zu lernen, begleitet von herrlichstem Sommerwetter. Zu erkennen waren die Wandertagsteilnehmer unschwer am Wandertags-Maskottchen \u201eLotte\u201c, in Form eines Pl\u00fcsch-Blumenm\u00e4dchens aus der Seidenblumenstadt Sebnitz als Wandertags-Plakette. Auf dem Marktplatz in Sebnitz konnten sich die G\u00e4ste w\u00e4hrend der Zeit des Wandertages auf einer gro\u00dfen Tourismusb\u00f6rse \u00fcber die einzelnen Wanderregionen Deutschlands und Teilen Europas informieren. Auf einer B\u00fchne unterhielten Musikkapellen und Ch\u00f6re die Wanderer mit Beitr\u00e4gen am laufenden Band, H\u00f6hepunkt war der Auftritt der vier s\u00e4chsischen Bergsteigerch\u00f6re.<\/p>\n<p>Nachdem die Wimpel-Wandergruppe des Eggegebirgsvereins aus Paderborn, dem Ort des letztj\u00e4hrigen Wandertages, geb\u00fchrend empfangen worden war \u2013 sie hatten den Verbandswimpel \u00fcber rund 550 Kilometer nach Sebnitz getragen -, wurde der Wandertag offiziell in der Festhalle des Gymnasiums durch den Pr\u00e4sidenten des DWV, Hans-Ulrich Rauchfu\u00df, und den B\u00fcrgermeister von Sebnitz, Mike Ruckh, im Rahmen einer Feierstunde er\u00f6ffnet.<\/p>\n<p>Teil nahmen die Vertreter des Altkreises Bersenbr\u00fcck auch an der Tagung der Hauptfachwarte, der Zusammenkunft der Vereinsvorsitzenden und an der Mitgliederversammlung des DWV. Hier wurde eine Resolution \u201eFl\u00fcchtlinge willkommen\u201c verabschiedet.<\/p>\n<p>Begeistert waren die Teilnehmer von der traditionellen Verbandswanderung, die \u00fcber den Unger zum Sport- und Freizeitzentrum f\u00fchrte. Auf der B\u00fchne des Marktplatzes pr\u00e4sentierte sich der Veranstaltungsort des n\u00e4chsten Jahres, die Stadt Eisenach mit der Wartburg, wo unter dem Motto \u201eAuf Luthers Spuren\u201c der Wandertag vom 26. bis 31. Juli 2017 stattfinden wird. Ausgezeichnet wurden die Wanderwettbewerbsgruppen, im Seniorencafe wurden die \u00e4ltesten Teilnehmer des Wandertages geehrt.<\/p>\n<p>Zwei H\u00f6hepunkte waren ohne Zweifel die Feierstunde mit Bundespr\u00e4sident Joachim Gauck und dem Ministerpr\u00e4sidenten des Freistaates Sachsen, Stanislaw Tillich, sowie der Festumzug durch die Stadt. Bundespr\u00e4sident Gauck lobte die ehrenamtlichen T\u00e4tigkeiten der Wander- und Heimatverb\u00e4nde, sie seien unverzichtbar f\u00fcr die Gesellschaft. Beim Festumzug durch die Stadt Sebnitz mit vielen tausend Teilnehmern im Zug, ebenso vielen am Stra\u00dfenrand und mehreren Musikkapellen wurde die Vielfalt des Deutschen Wanderverbandes deutlich. Die Abschlussveranstaltung fand in Bad Schandau am Ufer der Elbe statt, der Wandertags-Wimpel muss nun zum n\u00e4chsten Austragungsort Eisenach getragen werden.<\/p>\n<p><img loading=\"lazy\" decoding=\"async\" class=\"aligncenter size-medium wp-image-992\" src=\"http:\/\/heimatvereinbersenbrueck.de\/wordpress\/wp-content\/uploads\/2016\/08\/Deutscher-Wandertag-Sebnitz-1a-620x465.jpg\" alt=\"Deutscher Wandertag Sebnitz 1a\" width=\"620\" height=\"465\" srcset=\"https:\/\/heimatvereinbersenbrueck.de\/wordpress\/wp-content\/uploads\/2016\/08\/Deutscher-Wandertag-Sebnitz-1a-620x465.jpg 620w, https:\/\/heimatvereinbersenbrueck.de\/wordpress\/wp-content\/uploads\/2016\/08\/Deutscher-Wandertag-Sebnitz-1a-768x576.jpg 768w, https:\/\/heimatvereinbersenbrueck.de\/wordpress\/wp-content\/uploads\/2016\/08\/Deutscher-Wandertag-Sebnitz-1a-940x705.jpg 940w\" sizes=\"auto, (max-width: 620px) 100vw, 620px\" \/><\/p>\n","protected":false},"excerpt":{"rendered":"<p>Der diesj\u00e4hrige 116. Deutsche Wandertag des Deutschen Wanderverbandes (DWV) fand in den St\u00e4dten Sebnitz und Bad Schandau in der S\u00e4chsischen Schweiz\/Elbsandsteingebirge nahe der tschechischen Grenze mit der b\u00f6hmischen Schweiz statt. Zehntausende von Wanderfreunden aus allen Teilen Deutschlands und auch aus dem europ\u00e4ischen Ausland nahmen an dieser Veranstaltung teil. Wanderangebote und mehrere Veranstaltungen zogen sich \u00fcber eine Woche hin, auch Wanderfreunde <a class=\"more-link\" href=\"https:\/\/heimatvereinbersenbrueck.de\/wordpress\/wanderfreunde-aus-dem-bereich-des-altkreises-bersenbrueck-nahmen-am-deutschen-wandertag-in-sebnitz-saechsische-schweiz-teil\/\">&lt;weiterlesen&#8230;<\/a><\/p>\n","protected":false},"author":4,"featured_media":992,"comment_status":"closed","ping_status":"closed","sticky":false,"template":"","format":"standard","meta":{"pgc_sgb_lightbox_settings":"","_EventAllDay":false,"_EventTimezone":"","_EventStartDate":"","_EventEndDate":"","_EventStartDateUTC":"","_EventEndDateUTC":"","_EventShowMap":false,"_EventShowMapLink":false,"_EventURL":"","_EventCost":"","_EventCostDescription":"","_EventCurrencySymbol":"","_EventCurrencyCode":"","_EventCurrencyPosition":"","_EventDateTimeSeparator":"","_EventTimeRangeSeparator":"","_EventOrganizerID":[],"_EventVenueID":[],"_OrganizerEmail":"","_OrganizerPhone":"","_OrganizerWebsite":"","_VenueAddress":"","_VenueCity":"","_VenueCountry":"","_VenueProvince":"","_VenueState":"","_VenueZip":"","_VenuePhone":"","_VenueURL":"","_VenueStateProvince":"","_VenueLat":"","_VenueLng":"","_VenueShowMap":false,"_VenueShowMapLink":false,"footnotes":""},"categories":[39,52,1],"tags":[],"class_list":["post-991","post","type-post","status-publish","format-standard","has-post-thumbnail","hentry","category-39","category-fusswanderungen","category-allgemein"],"_links":{"self":[{"href":"https:\/\/heimatvereinbersenbrueck.de\/wordpress\/wp-json\/wp\/v2\/posts\/991","targetHints":{"allow":["GET"]}}],"collection":[{"href":"https:\/\/heimatvereinbersenbrueck.de\/wordpress\/wp-json\/wp\/v2\/posts"}],"about":[{"href":"https:\/\/heimatvereinbersenbrueck.de\/wordpress\/wp-json\/wp\/v2\/types\/post"}],"author":[{"embeddable":true,"href":"https:\/\/heimatvereinbersenbrueck.de\/wordpress\/wp-json\/wp\/v2\/users\/4"}],"replies":[{"embeddable":true,"href":"https:\/\/heimatvereinbersenbrueck.de\/wordpress\/wp-json\/wp\/v2\/comments?post=991"}],"version-history":[{"count":1,"href":"https:\/\/heimatvereinbersenbrueck.de\/wordpress\/wp-json\/wp\/v2\/posts\/991\/revisions"}],"predecessor-version":[{"id":993,"href":"https:\/\/heimatvereinbersenbrueck.de\/wordpress\/wp-json\/wp\/v2\/posts\/991\/revisions\/993"}],"wp:featuredmedia":[{"embeddable":true,"href":"https:\/\/heimatvereinbersenbrueck.de\/wordpress\/wp-json\/wp\/v2\/media\/992"}],"wp:attachment":[{"href":"https:\/\/heimatvereinbersenbrueck.de\/wordpress\/wp-json\/wp\/v2\/media?parent=991"}],"wp:term":[{"taxonomy":"category","embeddable":true,"href":"https:\/\/heimatvereinbersenbrueck.de\/wordpress\/wp-json\/wp\/v2\/categories?post=991"},{"taxonomy":"post_tag","embeddable":true,"href":"https:\/\/heimatvereinbersenbrueck.de\/wordpress\/wp-json\/wp\/v2\/tags?post=991"}],"curies":[{"name":"wp","href":"https:\/\/api.w.org\/{rel}","templated":true}]}}