{"id":994,"date":"2016-08-24T15:07:33","date_gmt":"2016-08-24T13:07:33","guid":{"rendered":"http:\/\/heimatvereinbersenbrueck.de\/wordpress\/?p=994"},"modified":"2024-11-28T07:59:57","modified_gmt":"2024-11-28T06:59:57","slug":"premiere-tag-des-wanderns-des-deutschen-wanderverbandes-war-auch-in-bersenbrueck-erfolgreich","status":"publish","type":"post","link":"https:\/\/heimatvereinbersenbrueck.de\/wordpress\/premiere-tag-des-wanderns-des-deutschen-wanderverbandes-war-auch-in-bersenbrueck-erfolgreich\/","title":{"rendered":"Premiere \u201eTag des Wanderns\u201c des Deutschen Wanderverbandes  war auch in Bersenbr\u00fcck erfolgreich"},"content":{"rendered":"<p><strong>\u00a0<\/strong><\/p>\n<p>Der Deutsche Wanderverband (DWV) veranstaltete erstmalig einen \u201eTag des Wanderns\u201c. Zum Gr\u00fcndungsdatum des Verbandes, 14. Mai 1883, soll in Zukunft jedes Jahr dieser Tag stattfinden. Die Mitgliedsvereine und alle Wandergruppen waren gebeten, in ihrer jeweiligen Region Angebote zu machen. Damit soll die Vielfalt des Wanderns gezeigt und das Engagement der Vereine f\u00fcr die Gesellschaft in den Mittelpunkt der \u00d6ffentlichkeit ger\u00fcckt werden. Die zentrale Veranstaltung im Altkreisgebiet Bersenbr\u00fcck richtete der Heimatverein Bersenbr\u00fcck zusammen mit dem Kreisheimatbund Bersenbr\u00fcck (KHBB) und dem Wiehengebirgsverband Weser-Ems (WGV) aus.<\/p>\n<p>Die bundesweite Auftaktveranstaltung zur Premiere des \u201eTages des Wanderns\u201c des Ausschusses f\u00fcr Tourismus des Deutschen Bundestages und des Deutschen Wanderverbandes (DWV) fand in Berlin statt. Soviel Einigkeit war selten. Die touristischen Sprecher aller im Bundestag vertretenen Fraktionen lobten die Einf\u00fchrung eines solchen Tages. Das Thema \u201eWandern\u201c, so die einhellige Bewertung, biete so viele positive Aspekte, dass ein \u201eTag des Wanderns\u201c l\u00e4ngst \u00fcberf\u00e4llig gewesen sei. Die Auftaktveranstaltung in Berlin mit etwa 100 Teilnehmern aus ganz Deutschland endete mit einer gef\u00fchrten Wanderung vom Deutschen Bundestag in den Tiergarten.<\/p>\n<p>Heike Brehmer, MdB, Vorsitzende des Ausschusses f\u00fcr Tourismus, sagte: \u201eDas Wandern bildet ein wichtiges Fundament f\u00fcr unseren Tourismus in Deutschland. Der \u201aTag des Wanderns\u2019 gibt den Wandervereinen und den vielen ehrenamtlich T\u00e4tigen eine Stimme und zeigt eindrucksvoll die Vielfalt der beliebtesten Outdoor-Aktivit\u00e4t der Deutschen. Im Tourismus-Ausschuss des Deutschen Bundestages unterst\u00fctzen wir den Aktionstag tatkr\u00e4ftig\u201c.<\/p>\n<p>Der Pr\u00e4sident des Deutschen Wanderverbandes, Hans-Ulrich Rauchfu\u00df, stellte fest: \u201cDer \u201aTag des Wanderns\u2019 soll der \u00d6ffentlichkeit<\/p>\n<p>bewusst machen, wie viele Themen die im Deutschen Wanderverband organisierten Vereine und Verb\u00e4nde mit rund 600 000 Mitgliedern ehrenamtlich bearbeiten und damit eine wichtige gesellschaftliche Funktion aus\u00fcben. Wer wei\u00df schon, dass die rund 300 000 Kilometer Wanderwege meist von unseren Ehrenamtlichen oder deren befreundeter Organisationen betreut werden \u2013 von der Planung bis zur Markierung. Und wer wei\u00df, wie sehr sich die Wandervereine im Naturschutz sowie in der Kultur- und Heimatpflege engagieren\u201c. Wandern sei zudem gesund, regelm\u00e4\u00dfige Bewegungen in der Natur st\u00e4rkten das Herz-Kreislauf-System und zeigten auch positive psychologische Auswirkungen.<\/p>\n<p>Bei der Veranstaltung in Bersenbr\u00fcck begr\u00fc\u00dfte der Vorsitzende des Kreisheimatbundes und Heimatvereins Bersenbr\u00fcck, Franz Buitmann, die Teilnehmer aus dem Altkreis Bersenbr\u00fcck vor dem Heimathaus Feldm\u00fchle. Man wolle dem Aufruf des Deutschen Wanderverbandes gerne folgen und mit der Wanderung auf dem \u201eStadtteil-Tour-Weg\u201c und Teilen des \u201eM\u00fchlenweges\u201c einen Beitrag zum \u201eTag des Wanderns\u201c leisten. Der Pr\u00e4sident des Wiehengebirgsverbandes Weser-Ems, Ulrich G\u00f6vert, dankte dem ausrichtenden Heimatverein Bersenbr\u00fcck f\u00fcr die Organisation. Dass trotz des in diesem Jahr ung\u00fcnstigen Termins am Pfingstsamstag noch eine gute Beteiligung zu verzeichnen sei, spreche f\u00fcr das Interesse an dieser neuen Aktion.<\/p>\n<p>Unter F\u00fchrung von Franz Buitmann machten sich die Wanderer nach einer geb\u00fchrenden St\u00e4rkung auf den fast 14 Kilometer langen Weg, unterwegs gab es Erl\u00e4uterungen zu markanten Punkten am Wege. Bei einer Rast auf dem Hof Kruthoff-Br\u00fcwer im Stadtteil Bokel erfuhren die Wanderer eine gro\u00dfe Gastfreundschaft. Nach der R\u00fcckkehr gab es am Heimathaus Feldm\u00fchle leckere Grillw\u00fcrstchen und Getr\u00e4nke, gesellig klang die Wander-Premiere aus.<\/p>\n<p><img loading=\"lazy\" decoding=\"async\" class=\"aligncenter size-medium wp-image-995\" src=\"http:\/\/heimatvereinbersenbrueck.de\/wordpress\/wp-content\/uploads\/2016\/08\/Tag-des-Wanderns-2016-in-BSB-620x465.jpg\" alt=\"Tag des Wanderns 2016 in BSB\" width=\"620\" height=\"465\" srcset=\"https:\/\/heimatvereinbersenbrueck.de\/wordpress\/wp-content\/uploads\/2016\/08\/Tag-des-Wanderns-2016-in-BSB-620x465.jpg 620w, https:\/\/heimatvereinbersenbrueck.de\/wordpress\/wp-content\/uploads\/2016\/08\/Tag-des-Wanderns-2016-in-BSB-768x576.jpg 768w, https:\/\/heimatvereinbersenbrueck.de\/wordpress\/wp-content\/uploads\/2016\/08\/Tag-des-Wanderns-2016-in-BSB-940x705.jpg 940w\" sizes=\"auto, (max-width: 620px) 100vw, 620px\" \/><\/p>\n","protected":false},"excerpt":{"rendered":"<p>\u00a0 Der Deutsche Wanderverband (DWV) veranstaltete erstmalig einen \u201eTag des Wanderns\u201c. Zum Gr\u00fcndungsdatum des Verbandes, 14. Mai 1883, soll in Zukunft jedes Jahr dieser Tag stattfinden. Die Mitgliedsvereine und alle Wandergruppen waren gebeten, in ihrer jeweiligen Region Angebote zu machen. Damit soll die Vielfalt des Wanderns gezeigt und das Engagement der Vereine f\u00fcr die Gesellschaft in den Mittelpunkt der \u00d6ffentlichkeit <a class=\"more-link\" href=\"https:\/\/heimatvereinbersenbrueck.de\/wordpress\/premiere-tag-des-wanderns-des-deutschen-wanderverbandes-war-auch-in-bersenbrueck-erfolgreich\/\">&lt;weiterlesen&#8230;<\/a><\/p>\n","protected":false},"author":4,"featured_media":995,"comment_status":"closed","ping_status":"closed","sticky":false,"template":"","format":"standard","meta":{"pgc_sgb_lightbox_settings":"","_EventAllDay":false,"_EventTimezone":"","_EventStartDate":"","_EventEndDate":"","_EventStartDateUTC":"","_EventEndDateUTC":"","_EventShowMap":false,"_EventShowMapLink":false,"_EventURL":"","_EventCost":"","_EventCostDescription":"","_EventCurrencySymbol":"","_EventCurrencyCode":"","_EventCurrencyPosition":"","_EventDateTimeSeparator":"","_EventTimeRangeSeparator":"","_EventOrganizerID":[],"_EventVenueID":[],"_OrganizerEmail":"","_OrganizerPhone":"","_OrganizerWebsite":"","_VenueAddress":"","_VenueCity":"","_VenueCountry":"","_VenueProvince":"","_VenueState":"","_VenueZip":"","_VenuePhone":"","_VenueURL":"","_VenueStateProvince":"","_VenueLat":"","_VenueLng":"","_VenueShowMap":false,"_VenueShowMapLink":false,"footnotes":""},"categories":[39,52,1],"tags":[],"class_list":["post-994","post","type-post","status-publish","format-standard","has-post-thumbnail","hentry","category-39","category-fusswanderungen","category-allgemein"],"_links":{"self":[{"href":"https:\/\/heimatvereinbersenbrueck.de\/wordpress\/wp-json\/wp\/v2\/posts\/994","targetHints":{"allow":["GET"]}}],"collection":[{"href":"https:\/\/heimatvereinbersenbrueck.de\/wordpress\/wp-json\/wp\/v2\/posts"}],"about":[{"href":"https:\/\/heimatvereinbersenbrueck.de\/wordpress\/wp-json\/wp\/v2\/types\/post"}],"author":[{"embeddable":true,"href":"https:\/\/heimatvereinbersenbrueck.de\/wordpress\/wp-json\/wp\/v2\/users\/4"}],"replies":[{"embeddable":true,"href":"https:\/\/heimatvereinbersenbrueck.de\/wordpress\/wp-json\/wp\/v2\/comments?post=994"}],"version-history":[{"count":1,"href":"https:\/\/heimatvereinbersenbrueck.de\/wordpress\/wp-json\/wp\/v2\/posts\/994\/revisions"}],"predecessor-version":[{"id":996,"href":"https:\/\/heimatvereinbersenbrueck.de\/wordpress\/wp-json\/wp\/v2\/posts\/994\/revisions\/996"}],"wp:featuredmedia":[{"embeddable":true,"href":"https:\/\/heimatvereinbersenbrueck.de\/wordpress\/wp-json\/wp\/v2\/media\/995"}],"wp:attachment":[{"href":"https:\/\/heimatvereinbersenbrueck.de\/wordpress\/wp-json\/wp\/v2\/media?parent=994"}],"wp:term":[{"taxonomy":"category","embeddable":true,"href":"https:\/\/heimatvereinbersenbrueck.de\/wordpress\/wp-json\/wp\/v2\/categories?post=994"},{"taxonomy":"post_tag","embeddable":true,"href":"https:\/\/heimatvereinbersenbrueck.de\/wordpress\/wp-json\/wp\/v2\/tags?post=994"}],"curies":[{"name":"wp","href":"https:\/\/api.w.org\/{rel}","templated":true}]}}